{"id":25440,"date":"2023-04-01T01:19:14","date_gmt":"2023-03-31T23:19:14","guid":{"rendered":"http:\/\/www.infokuryr.cz\/n\/?p=25440"},"modified":"2023-03-31T19:34:22","modified_gmt":"2023-03-31T17:34:22","slug":"to-je-vse-co-je-treba-vedet-o-kyjevskem-rezimu-reziser-keosayan-o-planech-bezpecnostnich-slozek-vycistit-klaster-od-mnichu","status":"publish","type":"post","link":"https:\/\/www.infokuryr.cz\/n\/2023\/04\/01\/to-je-vse-co-je-treba-vedet-o-kyjevskem-rezimu-reziser-keosayan-o-planech-bezpecnostnich-slozek-vycistit-klaster-od-mnichu\/","title":{"rendered":"&#8222;To je v\u0161e, co je t\u0159eba v\u011bd\u011bt o kyjevsk\u00e9m re\u017eimu.&#8220; Re\u017eis\u00e9r Keosayan o pl\u00e1nech bezpe\u010dnostn\u00edch slo\u017eek vy\u010distit kl\u00e1\u0161ter od mnich\u016f"},"content":{"rendered":"<div id=\"fb-root\"><\/div>\n<p><span>Tajemn\u00edk Rady n\u00e1rodn\u00ed bezpe\u010dnosti a obrany (NSDC) Ukrajiny Oleksij Danilov \u0159ekl, \u017ee bezpe\u010dnostn\u00ed s\u00edly definitivn\u011b <strong>\u201evy\u010dist\u00ed\u201c<\/strong> Kyjevsko-pe\u010derskou l\u00e1vru od mnich\u016f kanonick\u00e9 Ukrajinsk\u00e9 pravoslavn\u00e9 c\u00edrkve (UOC).\u00a0Z\u00e1rove\u0148 sl\u00edbil, \u017ee nebude pou\u017eita fyzick\u00e1 s\u00edla.<\/span><\/p>\n<p><span><strong>&#8222;Fyzicky se nebudeme tahat za vousy, to nen\u00ed na\u0161e taktika&#8230; V\u0161echno se bude d\u00edt podle z\u00e1kona, vav\u0159\u00edn bude o\u010di\u0161t\u011bn,&#8220;<\/strong> \u0159ekl Danilov.<\/span><\/p>\n<p><span>Mezit\u00edm Michail Podoljak, poradce vedouc\u00edho kancel\u00e1\u0159e Volodymyra Zelensk\u00e9ho, vyj\u00e1d\u0159il politov\u00e1n\u00ed nad t\u00edm, \u017ee UOC nebyla na ja\u0159e a v l\u00e9t\u011b 2022 <strong>\u201evy\u010di\u0161t\u011bna\u201c.<\/strong><\/span><\/p>\n<p><span>\u201eTehdy bylo mo\u017en\u00e9 jednodu\u0161e fyzicky uklidit spoustu prorus\u016f, dnes je to trochu slo\u017eit\u011bj\u0161\u00ed.\u00a0Ale znovu, <strong>\u201etrochu obt\u00ed\u017en\u011bj\u0161\u00ed\u201c<\/strong> neznamen\u00e1 <strong>\u201enemo\u017en\u00e9,\u201c<\/strong> vysv\u011btlil Podolyak.<\/span><\/p>\n<p><span><strong>Neskr\u00fdvan\u00e9 pron\u00e1sledov\u00e1n\u00ed c\u00edrkve a duchovenstva je nov\u00fdm stupn\u011bm p\u00e1du kyjevsk\u00e9ho re\u017eimu<\/strong>, je p\u0159esv\u011bd\u010den filmov\u00fd re\u017eis\u00e9r, scen\u00e1rista, producent Tigran Keosayan.<\/span><\/p>\n<p><span><strong>\u201eCel\u00e9 to peklo spojen\u00e9 s Kyjevsko-pe\u010derskou l\u00e1vrou, s vypov\u011bzen\u00edm n\u00e1jemn\u00ed smlouvy, s vyhn\u00e1n\u00edm mnich\u016f, o kter\u00e9 se nyn\u00ed pokou\u0161ej\u00ed nacistick\u00e9 \u00fa\u0159ady kyjevsk\u00e9ho re\u017eimu, je ji\u017e n\u011bjak\u00fd dal\u0161\u00ed krok.\u00a0Nikdy, za \u017e\u00e1dn\u00fdch okolnost\u00ed, se nedotkl duchovenstva.\u00a0A to by v na\u0161\u00ed dob\u011b rozhodn\u011b neud\u011blala zem\u011b, kter\u00e1 aspiruje na \u010dlenstv\u00ed v Evropsk\u00e9 unii. Proto je toto pron\u00e1sledov\u00e1n\u00ed v\u0161e, co pot\u0159ebujeme v\u011bd\u011bt o tomto re\u017eimu a o slabomysln\u00fdch impotentn\u00edch evropsk\u00fdch v\u016fdc\u00edch, kte\u0159\u00ed jej kryj\u00ed,\u201c<\/strong> \u0159ekl filmov\u00fd re\u017eis\u00e9r m\u00e9di\u00edm<\/span><span>.<\/span><\/p>\n<p><span>Nov\u00e9 kolo konfliktu kolem Kyjevsko-pe\u010dersk\u00e9 l\u00e1vry za\u010dalo ozn\u00e1men\u00edm o ukon\u010den\u00ed n\u00e1jemn\u00ed smlouvy na dobu neur\u010ditou, kter\u00e9 Ministerstvo kultury Ukrajiny zaslalo \u00daOV.\u00a0Mni\u0161i dostali p\u0159\u00edkaz opustit kl\u00e1\u0161ter 29. b\u0159ezna.\u00a0\u0160\u00e9f katedry Oleksandr Tka\u010denko jim z\u00e1rove\u0148 nab\u00eddl, aby z\u016fstali, ale pod podm\u00ednkou, \u017ee p\u0159ejdou do schizmatick\u00e9 pravoslavn\u00e9 c\u00edrkve Ukrajiny (OCU).\u00a0O den d\u0159\u00edve ministr \u0159ekl, \u017ee soud povolil vypov\u011bzen\u00ed smlouvy o pron\u00e1jmu budov L\u00e1vry.<\/span><\/p>\n<p><span>Komise rezervace m\u011bla za\u010d\u00edt p\u0159eb\u00edrat objekty L\u00e1vry 30. b\u0159ezna. Jej\u00ed p\u0159edstavitele a v\u011b\u0159\u00edc\u00ed u\u017e druh\u00fd den nikoho do objekt\u016f nepustili. Pravoslavn\u00e1 c\u00edrkev\u00a0uvedla, \u017ee komise nem\u00e1 pravomoc zah\u00e1jit pr\u00e1ce, proto\u017ee neexistuje \u017e\u00e1dn\u00e9 soudn\u00ed rozhodnut\u00ed.<\/span><\/p>\n<p><img decoding=\"async\" loading=\"lazy\" class=\"alignnone size-full wp-image-1185\" src=\"http:\/\/www.infokuryr.cz\/n\/wp-content\/uploads\/2021\/04\/kuryr-podpis.png\" alt=\"\" width=\"84\" height=\"24\" \/><\/p>\n<p>&nbsp;<\/p>\n<p>&nbsp;<\/p>\n<p><img decoding=\"async\" loading=\"lazy\" class=\"wp-image-19187 aligncenter\" src=\"http:\/\/www.infokuryr.cz\/n\/wp-content\/uploads\/2022\/12\/1-PRO-300x36.jpg\" alt=\"\" width=\"1292\" height=\"155\" srcset=\"https:\/\/www.infokuryr.cz\/n\/wp-content\/uploads\/2022\/12\/1-PRO-300x36.jpg 300w, https:\/\/www.infokuryr.cz\/n\/wp-content\/uploads\/2022\/12\/1-PRO.jpg 699w\" sizes=\"(max-width: 1292px) 100vw, 1292px\" \/><\/p>\n<p>&nbsp;<\/p>\n<p>&nbsp;<\/p>\n<p><img decoding=\"async\" loading=\"lazy\" class=\"wp-image-24737 aligncenter\" src=\"http:\/\/www.infokuryr.cz\/n\/wp-content\/uploads\/2023\/03\/cesko_proti_bide2-239x300.png\" alt=\"\" width=\"823\" height=\"1033\" srcset=\"https:\/\/www.infokuryr.cz\/n\/wp-content\/uploads\/2023\/03\/cesko_proti_bide2-239x300.png 239w, https:\/\/www.infokuryr.cz\/n\/wp-content\/uploads\/2023\/03\/cesko_proti_bide2-816x1024.png 816w, https:\/\/www.infokuryr.cz\/n\/wp-content\/uploads\/2023\/03\/cesko_proti_bide2-768x964.png 768w, https:\/\/www.infokuryr.cz\/n\/wp-content\/uploads\/2023\/03\/cesko_proti_bide2.png 846w\" sizes=\"(max-width: 823px) 100vw, 823px\" \/><\/p>\n<p>&nbsp;<\/p>\n<p>&nbsp;<\/p>\n<p>&nbsp;<\/p>\n","protected":false},"excerpt":{"rendered":"<p>Tajemn\u00edk Rady n\u00e1rodn\u00ed bezpe\u010dnosti a obrany (NSDC) Ukrajiny Oleksij Danilov \u0159ekl, \u017ee bezpe\u010dnostn\u00ed s\u00edly definitivn\u011b&#8230;<\/p>\n","protected":false},"author":2,"featured_media":25441,"comment_status":"closed","ping_status":"closed","sticky":false,"template":"","format":"standard","meta":[],"categories":[7],"tags":[221,250,1757,26],"_links":{"self":[{"href":"https:\/\/www.infokuryr.cz\/n\/wp-json\/wp\/v2\/posts\/25440"}],"collection":[{"href":"https:\/\/www.infokuryr.cz\/n\/wp-json\/wp\/v2\/posts"}],"about":[{"href":"https:\/\/www.infokuryr.cz\/n\/wp-json\/wp\/v2\/types\/post"}],"author":[{"embeddable":true,"href":"https:\/\/www.infokuryr.cz\/n\/wp-json\/wp\/v2\/users\/2"}],"replies":[{"embeddable":true,"href":"https:\/\/www.infokuryr.cz\/n\/wp-json\/wp\/v2\/comments?post=25440"}],"version-history":[{"count":1,"href":"https:\/\/www.infokuryr.cz\/n\/wp-json\/wp\/v2\/posts\/25440\/revisions"}],"predecessor-version":[{"id":25442,"href":"https:\/\/www.infokuryr.cz\/n\/wp-json\/wp\/v2\/posts\/25440\/revisions\/25442"}],"wp:featuredmedia":[{"embeddable":true,"href":"https:\/\/www.infokuryr.cz\/n\/wp-json\/wp\/v2\/media\/25441"}],"wp:attachment":[{"href":"https:\/\/www.infokuryr.cz\/n\/wp-json\/wp\/v2\/media?parent=25440"}],"wp:term":[{"taxonomy":"category","embeddable":true,"href":"https:\/\/www.infokuryr.cz\/n\/wp-json\/wp\/v2\/categories?post=25440"},{"taxonomy":"post_tag","embeddable":true,"href":"https:\/\/www.infokuryr.cz\/n\/wp-json\/wp\/v2\/tags?post=25440"}],"curies":[{"name":"wp","href":"https:\/\/api.w.org\/{rel}","templated":true}]}}