{"id":2544,"date":"2021-06-15T18:12:02","date_gmt":"2021-06-15T16:12:02","guid":{"rendered":"http:\/\/www.infokuryr.cz\/n\/?p=2544"},"modified":"2021-06-15T18:12:02","modified_gmt":"2021-06-15T16:12:02","slug":"a-profesor-uz-ma-vinika","status":"publish","type":"post","link":"https:\/\/www.infokuryr.cz\/n\/2021\/06\/15\/a-profesor-uz-ma-vinika\/","title":{"rendered":"A profesor u\u017e m\u00e1 vin\u00edka!"},"content":{"rendered":"<div id=\"fb-root\"><\/div>\n<p>Luk\u00e1\u0161 Pollert, jeho\u017e odbornost snad nikdo nem\u016f\u017ee zpochybnit, k o\u010dkovac\u00edmu n\u00e1tlaku:<\/p>\n<p>&#8222;V\u010dera odpoledne jsem sly\u0161el v r\u00e1diu imunologa Ho\u0159ej\u0161\u00edho komentovat \u00famrt\u00ed v domov\u011b senior\u016f. Zem\u0159el star\u0161\u00ed \u010dlov\u011bk na covid, kter\u00fd byl po o\u010dkov\u00e1n\u00ed (ob\u011b d\u00e1vky).<\/p>\n<p>N\u00e1kaza se na\u0161la u n\u011bkolika lid\u00ed, v\u010detn\u011b pe\u010dovatelky, kter\u00e1 nebyla o\u010dkovan\u00e1. A profesor u\u017e j\u00ed m\u00e1 za vin\u00edka!<\/p>\n<p>To, \u017ee i o\u010dkovan\u00ed jsou sami p\u0159ena\u0161e\u010di, nebo\u0165 nemaj\u00ed slizni\u010dn\u00ed imunitu, v\u016fbec nesd\u011blil, stejn\u011b tak, \u017ee i o\u010dkovan\u00ed mohou na covid zem\u0159\u00edt. Pe\u010dovatelka m\u011bla respir\u00e1tor a negativn\u00ed testy. A stejn\u011b tak se mohla nakazit od o\u010dkovan\u00e9ho. Nevad\u00ed, profesor m\u00e1 jasno.<\/p>\n<p>Bohu\u017eel pokud u\u017e takto ve\u0159ejn\u011b komunikuje odborn\u00edk, nen\u00ed mo\u017en\u00e9 \u010dekat n\u011bjak\u00fd posun v racion\u00e1ln\u00edm vn\u00edm\u00e1n\u00ed cel\u00e9 situace. Dnes se to komentuje jako ne\u00famysln\u00e9 zabit\u00ed, z\u00edtra to bude vra\u017eda a co bude poz\u00edt\u0159\u00ed u\u017e z d\u011bjin zn\u00e1me dob\u0159e.&#8220;<\/p>\n<p>Luk\u00e1\u0161 Pollert velmi dob\u0159e trefil h\u0159eb\u00edk na hlavi\u010dku. Jen t\u011b\u017eko se da\u0159\u00ed skr\u00fdt, \u017ee cel\u00e9 to \u0161\u00edlenstv\u00ed s o\u010dkov\u00e1n\u00edm je p\u0159ehnan\u00e9 a neefektivn\u00ed. K \u010demu tedy je nutn\u00e9 tak vyd\u00edrat lidi, kdy\u017e efektivita o\u010dkov\u00e1n\u00ed je mal\u00e1? Dokonce o\u010dkov\u00e1n\u00ed onemocn\u00ed, um\u00edraj\u00ed a nemoc mohou i \u0161\u00ed\u0159it. pro\u010d tedy mus\u00edme neprov\u011b\u0159enou vakc\u00ednou o\u010dkovat i lidi, kte\u0159\u00ed nejsou ohro\u017eeni a vystavovat je riziku ne\u017e\u00e1douc\u00edch \u00fa\u010dink\u016f?<\/p>\n<p>Kdo m\u00e1 rozum v hlav\u011b, um\u00ed si odpov\u011bd\u011bt, zase jde jen o pen\u00edze. Sledujme, kdo jak mluv\u00ed a pamatujme si, kdo je ochoten logick\u00e9 argumenty a zodpov\u011bdn\u00fd p\u0159\u00edstup vym\u011bnit za mrzk\u00fd pen\u00edz. Je to o to tragi\u010dt\u011bj\u0161\u00ed, \u017ee na z\u00e1klad\u011b propagandy jsou zbyte\u010dn\u011b vystavov\u00e1ni lidi rizik\u016fm z\u00e1va\u017en\u00fdch nemoc\u00ed a smrti.<\/p>\n<p><em>Nakladatelstv\u00ed Na\u0161tvan\u00e9 matky<\/em><\/p>\n<p>&nbsp;<\/p>\n","protected":false},"excerpt":{"rendered":"<p>Luk\u00e1\u0161 Pollert, jeho\u017e odbornost snad nikdo nem\u016f\u017ee zpochybnit, k o\u010dkovac\u00edmu n\u00e1tlaku: &#8222;V\u010dera odpoledne jsem sly\u0161el&#8230;<\/p>\n","protected":false},"author":2,"featured_media":2545,"comment_status":"closed","ping_status":"closed","sticky":false,"template":"","format":"standard","meta":[],"categories":[6],"tags":[23,454,213],"_links":{"self":[{"href":"https:\/\/www.infokuryr.cz\/n\/wp-json\/wp\/v2\/posts\/2544"}],"collection":[{"href":"https:\/\/www.infokuryr.cz\/n\/wp-json\/wp\/v2\/posts"}],"about":[{"href":"https:\/\/www.infokuryr.cz\/n\/wp-json\/wp\/v2\/types\/post"}],"author":[{"embeddable":true,"href":"https:\/\/www.infokuryr.cz\/n\/wp-json\/wp\/v2\/users\/2"}],"replies":[{"embeddable":true,"href":"https:\/\/www.infokuryr.cz\/n\/wp-json\/wp\/v2\/comments?post=2544"}],"version-history":[{"count":0,"href":"https:\/\/www.infokuryr.cz\/n\/wp-json\/wp\/v2\/posts\/2544\/revisions"}],"wp:featuredmedia":[{"embeddable":true,"href":"https:\/\/www.infokuryr.cz\/n\/wp-json\/wp\/v2\/media\/2545"}],"wp:attachment":[{"href":"https:\/\/www.infokuryr.cz\/n\/wp-json\/wp\/v2\/media?parent=2544"}],"wp:term":[{"taxonomy":"category","embeddable":true,"href":"https:\/\/www.infokuryr.cz\/n\/wp-json\/wp\/v2\/categories?post=2544"},{"taxonomy":"post_tag","embeddable":true,"href":"https:\/\/www.infokuryr.cz\/n\/wp-json\/wp\/v2\/tags?post=2544"}],"curies":[{"name":"wp","href":"https:\/\/api.w.org\/{rel}","templated":true}]}}