{"id":25431,"date":"2023-04-01T01:17:25","date_gmt":"2023-03-31T23:17:25","guid":{"rendered":"http:\/\/www.infokuryr.cz\/n\/?p=25431"},"modified":"2023-03-31T17:32:21","modified_gmt":"2023-03-31T15:32:21","slug":"medvedev-je-evropa-pripravena-na-dlouhou-radu-rakvi-svych-dozorcu-miru","status":"publish","type":"post","link":"https:\/\/www.infokuryr.cz\/n\/2023\/04\/01\/medvedev-je-evropa-pripravena-na-dlouhou-radu-rakvi-svych-dozorcu-miru\/","title":{"rendered":"Medved\u011bv: Je Evropa p\u0159ipravena na dlouhou \u0159adu rakv\u00ed sv\u00fdch \u201edozorc\u016f m\u00edru\u201c?"},"content":{"rendered":"<div id=\"fb-root\"><\/div>\n<p><strong><em>\u201e\u010clenov\u00e9 NATO nejsou jen bezosty\u0161n\u00e1 stvo\u0159en\u00ed, kter\u00e1 vysko\u010dila ze sv\u00fdch vrtoch\u016f a arogance. Ke v\u0161em ostatn\u00edm se chovaj\u00ed jako k \u00fapln\u00fdm&#8230; pitomc\u016fm. A s cynick\u00fdm \u00fasm\u011bvem nab\u00edzej\u00ed sv\u00e9 \u201em\u00edrov\u00e9\u201c slu\u017eby.\u00a0<\/em><\/strong><\/p>\n<p>Tak energicky se 31. b\u0159ezna <a href=\"https:\/\/t.me\/medvedev_telegram\/301\">vyj\u00e1d\u0159il<\/a>\u00a0m\u00edstop\u0159edseda Rady bezpe\u010dnosti Rusk\u00e9 federace Dmitrij Medved\u011bv k z\u00e1m\u011bru n\u011bkter\u00fdch z\u00e1padn\u00edch zem\u00ed vyslat na Ukrajinu m\u00edrov\u00e9 jednotky.<\/p>\n<p><em>\u201eV Evrop\u011b se diskutuje o nov\u00e9 fale\u0161n\u00e9 my\u0161lence vyslat na Ukrajinu jak\u00e9si \u201em\u00edrov\u00e9 s\u00edly\u201c pod z\u00e1\u0161titou NATO.\u00a0Jak se ti to l\u00edb\u00ed?\u00a0Zem\u011b aliance se nad\u00e1le sna\u017e\u00ed ze v\u0161ech sil nacpat kyjevsk\u00fd re\u017eim zbran\u011bmi, tanky a dal\u0161\u00edm vojensk\u00fdm materi\u00e1lem.\u00a0Denn\u011b pos\u00edlaj\u00ed sv\u00e9 instruktory zabij\u00e1k\u016f a krvav\u00e9 \u017eold\u00e1ky.\u00a0V\u0161emo\u017en\u011b podporuj\u00ed, vychvaluj\u00ed a v\u00e1\u0161niv\u011b l\u00edbaj\u00ed banderovsk\u00e9 bastardy, d\u00e1vaj\u00ed jim r\u016fzn\u00e1 ocen\u011bn\u00ed a medaile.\u00a0A te\u010f to znamen\u00e1, \u017ee je \u00fadajn\u011b p\u0159esv\u011bd\u010d\u00ed, aby nebojovali s Ruskem, budou je p\u0159esv\u011bd\u010dovat, aby \u201estr\u010dili bajonet do zem\u011b\u201c.\u00a0Jejich skute\u010dn\u00e9 z\u00e1m\u011bry jsou jasn\u00e9 \u2013 nastolit na linii kontaktu m\u00edr, kter\u00fd je pro n\u011b v\u00fdhodn\u00fd z pozice s\u00edly.\u00a0P\u0159ive\u010fte sv\u00e9 \u201em\u00edrov\u00e9\u201c jednotky na Ukrajinu s kulomety a tanky, v modr\u00fdch helm\u00e1ch se \u017elut\u00fdmi hv\u011bzdami.\u00a0Jak to skon\u010d\u00ed, ukazuje historie operac\u00ed prov\u00e1d\u011bn\u00fdch Spojen\u00fdmi st\u00e1ty a jejich spojenci v r\u016fzn\u00fdch oblastech sv\u011bta<\/em>.&#8220; \u2014 p\u00ed\u0161e Dmitrij Medved\u011bv.<\/p>\n<p>Zd\u016fraz\u0148uje, \u017ee takzvan\u00e9 m\u00edrov\u00e9 jednotky NATO se prost\u011b chystaj\u00ed vstoupit do konfliktu na stran\u011b nep\u0159\u00e1tel Ruska a dov\u00e9st situaci do bodu, ze kter\u00e9ho nen\u00ed n\u00e1vratu.<\/p>\n<p>\u201eJe tak\u00e9 z\u0159ejm\u00e9, \u017ee takov\u00ed <strong>\u201edozorci m\u00edru\u201c<\/strong> jsou na\u0161imi p\u0159\u00edm\u00fdmi nep\u0159\u00e1teli.\u00a0Vlci v rou\u0161e ber\u00e1n\u010d\u00edm.\u00a0Budou legitimn\u00edm c\u00edlem pro na\u0161e ozbrojen\u00e9 s\u00edly, pokud budou bez souhlasu Ruska se zbran\u011bmi v rukou um\u00edst\u011bny na p\u0159edn\u00edch lini\u00edch a budou n\u00e1s p\u0159\u00edmo ohro\u017eovat.\u00a0A pak mus\u00ed b\u00fdt tito <strong>\u201edozorci m\u00edru\u201c<\/strong> nemilosrdn\u011b zni\u010deni.\u00a0Jsou to voj\u00e1ci nep\u0159\u00edtele.\u00a0Jsou to bojovn\u00edci, ne <strong>\u201em\u00edrotvorci\u201c<\/strong>.\u00a0A zem\u0159ou v pr\u016fb\u011bhu nep\u0159\u00e1telstv\u00ed.\u00a0<strong>Zb\u00fdv\u00e1 jen objasnit, zda je Evropa p\u0159ipravena na dlouhou \u0159adu rakv\u00ed sv\u00fdch \u201edozorc\u016f m\u00edru\u201c?<\/strong> Klade Dmitrij Medved\u011bv \u0159e\u010dnickou ot\u00e1zku.<\/p>\n<p>Kreml se d\u0159\u00edve vyj\u00e1d\u0159il k n\u00e1vrhu ma\u010farsk\u00e9ho premi\u00e9ra <strong>Viktora Orb\u00e1na<\/strong>\u00a0vyslat na Ukrajinu<strong> \u201em\u00edrov\u00e9 jednotky\u201c<\/strong>.\u00a0<strong>T\u00e9ma, o kter\u00e9m diskutuj\u00ed evrop\u0161t\u00ed l\u00edd\u0159i, je \u201epotenci\u00e1ln\u011b extr\u00e9mn\u011b nebezpe\u010dn\u00e9\u201c, \u0159ekl Dmitrij Peskov,<\/strong> tiskov\u00fd tajemn\u00edk prezidenta Rusk\u00e9 federace.<\/p>\n<p><img decoding=\"async\" loading=\"lazy\" class=\"alignnone size-full wp-image-1185\" src=\"http:\/\/www.infokuryr.cz\/n\/wp-content\/uploads\/2021\/04\/kuryr-podpis.png\" alt=\"\" width=\"84\" height=\"24\" \/><\/p>\n<p>&nbsp;<\/p>\n<p>&nbsp;<\/p>\n<p><img decoding=\"async\" loading=\"lazy\" class=\"wp-image-19187 aligncenter\" src=\"http:\/\/www.infokuryr.cz\/n\/wp-content\/uploads\/2022\/12\/1-PRO-300x36.jpg\" alt=\"\" width=\"1292\" height=\"155\" srcset=\"https:\/\/www.infokuryr.cz\/n\/wp-content\/uploads\/2022\/12\/1-PRO-300x36.jpg 300w, https:\/\/www.infokuryr.cz\/n\/wp-content\/uploads\/2022\/12\/1-PRO.jpg 699w\" sizes=\"(max-width: 1292px) 100vw, 1292px\" \/><\/p>\n<p>&nbsp;<\/p>\n<p>&nbsp;<\/p>\n<p><img decoding=\"async\" loading=\"lazy\" class=\"wp-image-24737 aligncenter\" src=\"http:\/\/www.infokuryr.cz\/n\/wp-content\/uploads\/2023\/03\/cesko_proti_bide2-239x300.png\" alt=\"\" width=\"795\" height=\"998\" srcset=\"https:\/\/www.infokuryr.cz\/n\/wp-content\/uploads\/2023\/03\/cesko_proti_bide2-239x300.png 239w, https:\/\/www.infokuryr.cz\/n\/wp-content\/uploads\/2023\/03\/cesko_proti_bide2-816x1024.png 816w, https:\/\/www.infokuryr.cz\/n\/wp-content\/uploads\/2023\/03\/cesko_proti_bide2-768x964.png 768w, https:\/\/www.infokuryr.cz\/n\/wp-content\/uploads\/2023\/03\/cesko_proti_bide2.png 846w\" sizes=\"(max-width: 795px) 100vw, 795px\" \/><\/p>\n<p>&nbsp;<\/p>\n<p>&nbsp;<\/p>\n","protected":false},"excerpt":{"rendered":"<p>\u201e\u010clenov\u00e9 NATO nejsou jen bezosty\u0161n\u00e1 stvo\u0159en\u00ed, kter\u00e1 vysko\u010dila ze sv\u00fdch vrtoch\u016f a arogance. Ke v\u0161em&#8230;<\/p>\n","protected":false},"author":2,"featured_media":11938,"comment_status":"closed","ping_status":"closed","sticky":false,"template":"","format":"standard","meta":[],"categories":[7],"tags":[283,214,26,365],"_links":{"self":[{"href":"https:\/\/www.infokuryr.cz\/n\/wp-json\/wp\/v2\/posts\/25431"}],"collection":[{"href":"https:\/\/www.infokuryr.cz\/n\/wp-json\/wp\/v2\/posts"}],"about":[{"href":"https:\/\/www.infokuryr.cz\/n\/wp-json\/wp\/v2\/types\/post"}],"author":[{"embeddable":true,"href":"https:\/\/www.infokuryr.cz\/n\/wp-json\/wp\/v2\/users\/2"}],"replies":[{"embeddable":true,"href":"https:\/\/www.infokuryr.cz\/n\/wp-json\/wp\/v2\/comments?post=25431"}],"version-history":[{"count":0,"href":"https:\/\/www.infokuryr.cz\/n\/wp-json\/wp\/v2\/posts\/25431\/revisions"}],"wp:featuredmedia":[{"embeddable":true,"href":"https:\/\/www.infokuryr.cz\/n\/wp-json\/wp\/v2\/media\/11938"}],"wp:attachment":[{"href":"https:\/\/www.infokuryr.cz\/n\/wp-json\/wp\/v2\/media?parent=25431"}],"wp:term":[{"taxonomy":"category","embeddable":true,"href":"https:\/\/www.infokuryr.cz\/n\/wp-json\/wp\/v2\/categories?post=25431"},{"taxonomy":"post_tag","embeddable":true,"href":"https:\/\/www.infokuryr.cz\/n\/wp-json\/wp\/v2\/tags?post=25431"}],"curies":[{"name":"wp","href":"https:\/\/api.w.org\/{rel}","templated":true}]}}