{"id":2542,"date":"2021-06-15T18:05:30","date_gmt":"2021-06-15T16:05:30","guid":{"rendered":"http:\/\/www.infokuryr.cz\/n\/?p=2542"},"modified":"2021-06-15T18:05:30","modified_gmt":"2021-06-15T16:05:30","slug":"fico-sokuje-samozrejme-ze-se-nedam-ockovat-moje-rodinna-prislusnice-po-vakcine-padla-mrtva","status":"publish","type":"post","link":"https:\/\/www.infokuryr.cz\/n\/2021\/06\/15\/fico-sokuje-samozrejme-ze-se-nedam-ockovat-moje-rodinna-prislusnice-po-vakcine-padla-mrtva\/","title":{"rendered":"Fico \u0161okuje: \u201eSamoz\u0159ejm\u011b, \u017ee se ned\u00e1m o\u010dkovat. Moje rodinn\u00e1 p\u0159\u00edslu\u0161nice po vakc\u00edn\u011b padla mrtv\u00e1!\u201c"},"content":{"rendered":"<div id=\"fb-root\"><\/div>\n<p>P\u0159edseda strany Smer-SD v tom m\u00e1 jasno.\u00a0 B\u011bhem tiskovky sv\u00e9 strany se jednozna\u010dn\u011b vyj\u00e1d\u0159il i k ost\u0159e sledovan\u00e9mu t\u00e9matu o\u010dkov\u00e1n\u00ed. Fico \u0161okoval otev\u0159enou zpov\u011bd\u00ed o rodinn\u00e9 p\u0159\u00edslu\u0161nici.<\/p>\n<div class=\"item-page\">\n<div class=\"f2c-maintext\">\n<p><em><strong>Ta podle Fica m\u011bla kr\u00e1tce po o\u010dkov\u00e1n\u00ed zem\u0159\u00edt, p\u00ed\u0161e port\u00e1l\u00a0<a href=\"https:\/\/ereport.sk\/fico-ostro-o-vakcinacii-samozrejme-ze-sa-nedam-prislusnicka-mojej-rodiny-po-ockovani-padla-mrtva\/?fbclid=IwAR1TtifiXC6wXRDSJDQVle3oXSt2dDIMDFIOFeuBIk0WY85f4__4cxC4mec\">eReport.sk<\/a>\u00a0.<\/strong><\/em><\/p>\n<h2><span style=\"font-size: 14pt;\">Pro\u010d bych se m\u011bl o\u010dkovat?<\/span><\/h2>\n<p>V\u00edcen\u00e1sobn\u00fd expremi\u00e9r Robert Fico b\u011bhem tiskov\u00e9 besedy okomentoval i sv\u016fj jednozna\u010dn\u00fd postoj k o\u010dkov\u00e1n\u00ed.\u00a0Krom\u011b toho, \u017ee otev\u0159en\u011b p\u0159iznal, \u017ee si vakc\u00ednu do ramene vp\u00edchnout nenech\u00e1, otev\u0159el i ne\u010dekan\u00e9 t\u00e9ma.<\/p>\n<p>Po ot\u00e1zce novin\u00e1\u0159e zda se d\u00e1 \u0161\u00e9f Smeru o\u010dkovat bez zav\u00e1h\u00e1n\u00ed vyrukoval s odpov\u011bd\u00ed:<\/p>\n<p><em><strong>\u201ePro\u010d bych se m\u011bl o\u010dkovat, mi vysv\u011btlete.\u00a0M\u00e1te pocit, \u017ee jsem n\u011bkdy \u0159ekl, \u017ee se d\u00e1m?\u00a0C\u00edtil jste n\u011bkdy v m\u00e9 \u0159e\u010di v\u00e1havost, pane redaktore?\u201c<\/strong><\/em>\u00a0reagoval Fico.\u00a0<strong>\u201eSamoz\u0159ejm\u011b, \u017ee se ned\u00e1m,\u201c<\/strong>\u00a0vyjasnil.<\/p>\n<h1><span style=\"font-size: 14pt;\">Kr\u00e1tce po o\u010dkov\u00e1n\u00ed padla mrtv\u00e1<\/span><\/h1>\n<p><em>\u201eBez emoc\u00ed chci \u0159\u00edci, \u017ee o\u010dkov\u00e1n\u00ed je pro m\u011b osobn\u00ed a ne st\u00e1dovit\u00e1 v\u011bc.\u00a0Ka\u017ed\u00fd by se m\u011bl rozhodnout na z\u00e1klad\u011b informac\u00ed, pouze tyto informace nedost\u00e1vaj\u00ed.\u00a0<\/em><\/p>\n<p><em>M\u00e1m v\u00e1m \u0159\u00edct, \u017ee moje zn\u00e1m\u00e1 v rodin\u011b, pom\u011brn\u011b bl\u00edzk\u00e1 rodinn\u00e1 p\u0159\u00edslu\u0161nice kr\u00e1tce po o\u010dkov\u00e1n\u00ed padla jako kabela a byla mrtv\u00e1?\u00a0A mohu v\u00e1m \u0159\u00edct mnoho podobn\u00fdch p\u0159\u00edpad\u016f,\u201c<\/em>\u00a0\u0161okoval Fico b\u011bhem tiskovky.<\/p>\n<p>\u201eNechci nikoho stra\u0161it, a\u0165 lid\u00e9 v\u011bd\u00ed, \u017ee to je z t\u00e9to str\u00e1nky dobr\u00e9 a zde jsou n\u011bjak\u00e1 rizika.\u00a0A\u0165 ten \u010dlov\u011bk si m\u016f\u017ee j\u00edt a m\u016f\u017ee si vybrat z vakc\u00edny, ze kter\u00e9 chce, ale a\u0165 to d\u011bl\u00e1 dobrovoln\u011b,\u201c zakon\u010dil Fico.<\/p>\n<h2><span style=\"font-size: 14pt;\">Fico o o\u010dkovan\u00ed. 34 min\u00fata videa:<\/span><\/h2>\n<p><iframe loading=\"lazy\" title=\"YouTube video player\" src=\"https:\/\/www.youtube.com\/embed\/e3I6LhgrjGk\" width=\"707\" height=\"390\" frameborder=\"0\" allowfullscreen=\"allowfullscreen\" data-mce-fragment=\"1\"><\/iframe><ins class=\"adsbygoogle\" data-ad-layout=\"in-article\" data-ad-format=\"fluid\" data-ad-client=\"ca-pub-3629013881997344\" data-ad-slot=\"2643939390\" data-adsbygoogle-status=\"done\" data-ad-status=\"filled\"><ins id=\"aswift_2_expand\" tabindex=\"0\" title=\"Advertisement\" aria-label=\"Advertisement\"><\/ins><\/ins><\/p>\n<\/div>\n<\/div>\n<div><a href=\"https:\/\/www.pokec24.cz\/nezarazene\/fico-sokuje-samozrejme-ze-se-nedam-ockovat-moje-rodinna-prislusnice-po-vakcine-padla-mrtva\/\">ZDROJ<\/a><\/div>\n<div id=\"module103\" class=\"module\">\n<h3 class=\"module-title\"><img decoding=\"async\" loading=\"lazy\" class=\"alignnone size-full wp-image-1185\" src=\"http:\/\/www.infokuryr.cz\/n\/wp-content\/uploads\/2021\/04\/kuryr-podpis.png\" alt=\"\" width=\"84\" height=\"24\" \/><\/h3>\n<p>&nbsp;<\/p>\n<\/div>\n","protected":false},"excerpt":{"rendered":"<p>P\u0159edseda strany Smer-SD v tom m\u00e1 jasno.\u00a0 B\u011bhem tiskovky sv\u00e9 strany se jednozna\u010dn\u011b vyj\u00e1d\u0159il i&#8230;<\/p>\n","protected":false},"author":2,"featured_media":2543,"comment_status":"closed","ping_status":"closed","sticky":false,"template":"","format":"standard","meta":[],"categories":[7],"tags":[23,636,213,203,474,21],"_links":{"self":[{"href":"https:\/\/www.infokuryr.cz\/n\/wp-json\/wp\/v2\/posts\/2542"}],"collection":[{"href":"https:\/\/www.infokuryr.cz\/n\/wp-json\/wp\/v2\/posts"}],"about":[{"href":"https:\/\/www.infokuryr.cz\/n\/wp-json\/wp\/v2\/types\/post"}],"author":[{"embeddable":true,"href":"https:\/\/www.infokuryr.cz\/n\/wp-json\/wp\/v2\/users\/2"}],"replies":[{"embeddable":true,"href":"https:\/\/www.infokuryr.cz\/n\/wp-json\/wp\/v2\/comments?post=2542"}],"version-history":[{"count":0,"href":"https:\/\/www.infokuryr.cz\/n\/wp-json\/wp\/v2\/posts\/2542\/revisions"}],"wp:featuredmedia":[{"embeddable":true,"href":"https:\/\/www.infokuryr.cz\/n\/wp-json\/wp\/v2\/media\/2543"}],"wp:attachment":[{"href":"https:\/\/www.infokuryr.cz\/n\/wp-json\/wp\/v2\/media?parent=2542"}],"wp:term":[{"taxonomy":"category","embeddable":true,"href":"https:\/\/www.infokuryr.cz\/n\/wp-json\/wp\/v2\/categories?post=2542"},{"taxonomy":"post_tag","embeddable":true,"href":"https:\/\/www.infokuryr.cz\/n\/wp-json\/wp\/v2\/tags?post=2542"}],"curies":[{"name":"wp","href":"https:\/\/api.w.org\/{rel}","templated":true}]}}