{"id":25413,"date":"2023-04-01T01:07:49","date_gmt":"2023-03-31T23:07:49","guid":{"rendered":"http:\/\/www.infokuryr.cz\/n\/?p=25413"},"modified":"2023-03-31T15:47:03","modified_gmt":"2023-03-31T13:47:03","slug":"jeffrey-a-tucker-upadek-vlastenectvi","status":"publish","type":"post","link":"https:\/\/www.infokuryr.cz\/n\/2023\/04\/01\/jeffrey-a-tucker-upadek-vlastenectvi\/","title":{"rendered":"Jeffrey A. Tucker: \u00dapadek vlastenectv\u00ed"},"content":{"rendered":"<div id=\"fb-root\"><\/div>\n<div class=\"elementor-element elementor-element-1fb4c2c elementor-widget elementor-widget-theme-post-content\" data-id=\"1fb4c2c\" data-element_type=\"widget\" data-widget_type=\"theme-post-content.default\">\n<div class=\"elementor-widget-container\">\n<p><strong>Wall Street Journal provedl pr\u016fzkum s velmi zaj\u00edmav\u00fdmi v\u00fdsledky.\u00a0Od roku 1998 do sou\u010dasnosti procento Ameri\u010dan\u016f, kte\u0159\u00ed pova\u017euj\u00ed vlastenectv\u00ed za d\u016fle\u017eitou hodnotu, kleslo ze 70 procent na 38 procent.\u00a0K v\u011bt\u0161in\u011b tohoto poklesu do\u0161lo od roku 2019.\u00a0O dal\u0161\u00edch v\u00fdsledc\u00edch bude brzy \u0159e\u010d, ale nyn\u00ed se zam\u011b\u0159me na problematiku vlastenectv\u00ed.<\/strong><\/p>\n<p><span>Pro respondenty pr\u016fzkum nedefinuje, co je vlastenectv\u00ed, ale odr\u00e1\u017e\u00ed to slovo.\u00a0M\u016f\u017ee to znamenat l\u00e1sku k vlasti a vlasti.\u00a0Je mo\u017en\u00e1 pravda, \u017ee tato hodnota klesla.\u00a0To je uv\u011b\u0159iteln\u00e9 vzhledem k tomu, \u017ee v posledn\u00edch t\u0159ech letech p\u0159estaly USA pova\u017eovat svobodu za nejvy\u0161\u0161\u00ed princip.<\/span><\/p>\n<p><span>Ve skute\u010dnosti existuje rostouc\u00ed kulturn\u00ed hnut\u00ed, kter\u00e9 se rozprost\u00edr\u00e1 od akademick\u00e9 sf\u00e9ry a\u017e po hlavn\u00ed proud, kter\u00e9 podporuje nechu\u0165 k americk\u00e9 historii a jej\u00edm \u00fasp\u011bch\u016fm.\u00a0\u017d\u00e1dn\u00fd &#8222;Otec zakladatel&#8220; nen\u00ed v bezpe\u010d\u00ed p\u0159ed t\u00edm, aby byl naz\u00fdv\u00e1n t\u011bmi nejhor\u0161\u00edmi mo\u017en\u00fdmi jm\u00e9ny.\u00a0Nen\u00e1vist k t\u00e9to zemi se stala o\u010dek\u00e1vanou normou.\u00a0Ale probl\u00e9m sah\u00e1 je\u0161t\u011b hloub\u011bji.<\/span><\/p>\n<p><span>Kdy\u017e jste zav\u0159en\u00ed doma, v\u00e1\u0161 podnik je zav\u0159en\u00fd, v\u00e1\u0161 kostel je zav\u0159en\u00fd, va\u0161i soused\u00e9 na v\u00e1s k\u0159i\u010d\u00ed, abyste se zamaskovali, pak na v\u00e1s dokto\u0159i p\u0159ijdou s d\u00e1vkami, kter\u00e9 nechcete, a je v\u00e1m i nad\u00e1le br\u00e1n\u011bno, abyste to dostali Opustit zemi jen proto, aby odjel do Mexika a prezident ozna\u010dil neo\u010dkovan\u00e9 za nep\u0159\u00edtele lidu, lze si p\u0159edstavit ztr\u00e1tu n\u00e1klonnosti ke sv\u00e9 vlasti.<\/span><\/p>\n<p><span>Ale je tu je\u0161t\u011b jeden d\u016fle\u017eit\u00fd pil\u00ed\u0159 vlastenectv\u00ed.\u00a0Jde o d\u016fv\u011bru v instituce ob\u010dansk\u00e9 spole\u010dnosti v zemi.\u00a0To zahrnuje \u0161koly, soudy, politiku a v\u0161echny st\u00e1tn\u00ed instituce na v\u0161ech \u00farovn\u00edch.\u00a0D\u016fv\u011bra ob\u010dan\u016f v tyto instituce je jist\u011b na dn\u011b.\u00a0Soudy n\u00e1s neochr\u00e1nily.\u00a0Zav\u00edraly se \u0161koly, zejm\u00e9na ty ve\u0159ejn\u00e9, kter\u00e9 m\u011bly b\u00fdt vrcholem pokrokov\u00e9 ideologie.\u00a0Na\u0161i l\u00e9ka\u0159i se obr\u00e1tili proti n\u00e1m.<\/span><\/p>\n<p><span>A p\u0159edpokl\u00e1dejme, \u017ee m\u00e9dia vn\u00edm\u00e1me jako sou\u010d\u00e1st bur\u017eoazn\u00ed kultury.\u00a0Bylo tomu tak nejpozd\u011bji od FDR&#8217;s Fireside Chats.\u00a0V\u017edy byly hl\u00e1snou troubou toho, o \u010dem bychom jako lid\u00e9 m\u011bli p\u0159em\u00fd\u0161let.\u00a0M\u00e9dia se tak\u00e9 t\u0159i roky obr\u00e1tila proti oby\u010dejn\u00fdm lidem, naz\u00fdvala na\u0161e strany super \u0161\u00ed\u0159en\u00edm akc\u00ed, zesm\u011b\u0161\u0148ovala pastory, kte\u0159\u00ed po\u0159\u00e1daj\u00ed bohoslu\u017eby, d\u00e9monizovala \u017eiv\u00e9 koncerty a \u0159\u00edkala v\u0161em, aby z\u016fstali doma a d\u00edvali se na televizi.<\/span><\/p>\n<p><span>Ano, takov\u00e9 odporn\u00e9 \u0161a\u0161k\u00e1rny sni\u017euj\u00ed respekt ve\u0159ejnosti ke v\u0161em z\u00fa\u010dastn\u011bn\u00fdm instituc\u00edm, zvl\u00e1\u0161t\u011b kdy\u017e n\u00e1mitky proti t\u011bmto z\u00e1sad\u00e1m byly cenzurov\u00e1ny v\u0161emi institucemi, kter\u00fdm bychom m\u011bli sv\u011b\u0159ovat na\u0161e data a s\u00edt\u011b p\u0159\u00e1tel.\u00a0Uk\u00e1zalo se, \u017ee jsou tak\u00e9 ve 100% vlastnictv\u00ed.<\/span><\/p>\n<p><span>Po celou dobu byla ve\u0159ejn\u00e1 podpora vlastenectv\u00ed zneu\u017e\u00edv\u00e1na k pop\u00edr\u00e1n\u00ed z\u00e1kladn\u00edch pr\u00e1v a svobod.\u00a0Vlastenectv\u00ed by m\u011blo znamenat z\u016fstat doma a v bezpe\u010d\u00ed, maskovat se, distancovat se od spole\u010dnosti, dodr\u017eovat ka\u017ed\u00fd edikt bez ohledu na to, jak je sm\u011b\u0161n\u00fd, a nakonec se nechat o\u010dkovat jednou, dvakr\u00e1t, t\u0159ikr\u00e1t a znovu, i kdy\u017e velk\u00e9 \u010d\u00e1sti populace nebyly vystaveny zdravotn\u00edmu riziku.<\/span><\/p>\n<p><span>\u00dastava byla na chv\u00edli mrtvou literou.\u00a0St\u00e1le plat\u00ed, proto\u017ee n\u00e1v\u0161t\u011bvn\u00edci z jin\u00fdch zem\u00ed nemohou ani vstoupit na na\u0161e hranice, pokud necht\u011bj\u00ed podstoupit tak\u00e9 o\u010dkov\u00e1n\u00ed, kter\u00e9 vyr\u00e1b\u011bj\u00ed a distribuuj\u00ed spole\u010dnosti, kter\u00e9 vynakl\u00e1daj\u00ed polovinu rozpo\u010dtu \u00fa\u0159ad\u016f, a to v\u0161e p\u0159isp\u00edv\u00e1 k dodr\u017eov\u00e1n\u00ed povinn\u00fdch p\u0159edpis\u016f.<\/span><\/p>\n<p><span>A to v\u0161e by m\u011blo b\u00fdt nutn\u00e9 kv\u016fli zjevn\u00e9 sez\u00f3nn\u00ed respira\u010dn\u00ed infekci, o kter\u00e9 jsme v\u011bd\u011bli nejm\u00e9n\u011b m\u011bs\u00edc p\u0159ed za\u010d\u00e1tkem blokov\u00e1n\u00ed.\u00a0Mohli jsme se o tom do\u010d\u00edst ve v\u0161ech mainstreamov\u00fdch m\u00e9di\u00edch.\u00a0Nepropadejte panice, \u0159ekli, jen v\u011b\u0159te sv\u00e9mu l\u00e9ka\u0159i.\u00a0Ale d\u00edky z\u00e1kaz\u016fm byli l\u00e9ka\u0159i tak\u00e9 zbaveni svobody l\u00e9\u010dit sv\u00e9 pacienty terapeutiky, o kter\u00fdch je zn\u00e1mo, \u017ee jsou \u00fa\u010dinn\u00e9 pr\u00e1v\u011b proti tomuto typu viru.<\/span><\/p>\n<p><span>M\u00edsto toho se od n\u00e1s o\u010dek\u00e1valo, \u017ee odlo\u017e\u00edme sv\u00e9 norm\u00e1ln\u00ed \u017eivoty a budeme \u010dekat na magick\u00fd protijed, kter\u00fd byl pr\u00fd na cest\u011b.\u00a0Kdy\u017e to dorazilo pot\u00e9, co byl sesazen nen\u00e1vid\u011bn\u00fd prezident, uk\u00e1zalo se, \u017ee to nebyl v\u016fbec \u017e\u00e1dn\u00fd protijed.\u00a0Bylo to p\u0159inejlep\u0161\u00edm do\u010dasn\u00e9 zm\u00edrn\u011bn\u00ed v\u00e1\u017en\u00fdch n\u00e1sledk\u016f.\u00a0Infekci a \u0161\u00ed\u0159en\u00ed nemoci se nepoda\u0159ilo zastavit.\u00a0To v\u0161e se stejn\u011b stalo, co\u017e ukazuje, \u017ee velk\u00e9 ob\u011bti ve jm\u00e9nu vlastenectv\u00ed byly marn\u00e9.<\/span><\/p>\n<p><span>Nem\u011blo by n\u00e1s p\u0159ekvapovat, \u017ee ve\u0159ejnost v dne\u0161n\u00ed dob\u011b nen\u00ed p\u0159\u00edli\u0161 patriotick\u00e1.\u00a0A ano, to je v mnoha ohledech velmi smutn\u00e9.\u00a0Ale to je tak\u00e9 to, co se stane, kdy\u017e je vlastenectv\u00ed uneseno vl\u00e1dou a pr\u016fmyslem, aby zni\u010dilo na\u0161e nad\u011bje a sny.\u00a0M\u00e1me tendenci se u\u010dit ze sv\u00fdch chyb.\u00a0Kdy\u017e se n\u00e1s anket\u00e1\u0159i ptaj\u00ed, zda se c\u00edt\u00edme patrioti\u010dt\u00ed, nen\u00ed neobvykl\u00e9, \u017ee lid\u00e9 odpov\u00ed, to opravdu ne.<\/span><\/p>\n<p><span>A tot\u00e9\u017e by se dalo \u0159\u00edci o dal\u0161\u00edm v\u00fdsledku pr\u016fzkumu: V\u00fdznam n\u00e1bo\u017eenstv\u00ed klesl z 62 procent v roce 1998 na 39 procent v roce 2022.\u00a0K v\u011bt\u0161in\u011b hav\u00e1ri\u00ed op\u011bt do\u0161lo po roce 2019.\u00a0Nen\u00ed pochyb o tom, \u017ee n\u00e1rod ji\u017e sm\u011b\u0159oval k sekularit\u011b.\u00a0Ale co si m\u00e1me myslet, kdy\u017e dv\u011b po sob\u011b jdouc\u00ed obdob\u00ed Velikonoc a V\u00e1noc (nebo co slav\u00edte) byly bur\u017eoazn\u00edmi elitami s plnou podporou hlavn\u00edch n\u00e1bo\u017eensk\u00fdch v\u016fdc\u016f zru\u0161eny?<\/span><\/p>\n<p><span>\u00da\u010delem n\u00e1bo\u017eenstv\u00ed je j\u00edt za sv\u011btsk\u00fd sv\u011bt bur\u017eoazn\u00ed kultury do \u0159\u00ed\u0161e transcendentna, abychom poznali a \u017eili pravdu.\u00a0Ale kdy\u017e jsou transcendent\u00e1ln\u00ed obavy nahrazeny strachem a sv\u011btskou konformitou, n\u00e1bo\u017eenstv\u00ed ztr\u00e1c\u00ed d\u016fv\u011bryhodnost.\u00a0Pokud chcete naj\u00edt lidi, kte\u0159\u00ed st\u00e1le v\u011b\u0159\u00ed, m\u016f\u017eete tak u\u010dinit ve skupin\u00e1ch, kter\u00e9 svou v\u00edru mysl\u00ed skute\u010dn\u011b v\u00e1\u017en\u011b: Hasidim, Amish, tradicionalisti\u010dt\u00ed katol\u00edci a mormoni.\u00a0Ale sotva ve velk\u00fdch denominac\u00edch.\u00a0Stejn\u011b jako m\u00e9dia, technologie a vl\u00e1da se tak\u00e9 uk\u00e1zaly jako zaujat\u00e9.<\/span><\/p>\n<p><span>V kone\u010dn\u00e9m v\u00fdsledku pr\u016fzkumu poklesla d\u016fle\u017eitost m\u00edt d\u011bti z 59 procent na 39 procent a d\u016fle\u017eitost zapojen\u00ed do komunity vyvrcholila na 62 procentech v dob\u011b nejv\u011bt\u0161\u00edho omezen\u00ed a pot\u00e9 klesla na ohromuj\u00edc\u00edch 27 procent.<\/span><\/p>\n<p><span>Op\u011bt se zd\u00e1, \u017ee vin\u00edk je docela z\u0159ejm\u00fd: byla to reakce na pandemii.\u00a0Ve\u0161ker\u00e1 politika byla zam\u011b\u0159ena na zni\u010den\u00ed lidsk\u00fdch vztah\u016f.\u00a0Lid\u00e9 nejsou nic jin\u00e9ho ne\u017e p\u0159ena\u0161e\u010di nemoc\u00ed.\u00a0Dr\u017e se d\u00e1l od v\u0161ech.\u00a0Nesta\u0148te se superp\u0159ena\u0161e\u010dem t\u00edm, \u017ee se odv\u00e1\u017e\u00edte b\u00fdt s ostatn\u00edmi.\u00a0b\u00fdt s\u00e1m\u00a0b\u00fdt osam\u011bl\u00fd\u00a0Toto je jedin\u00fd spr\u00e1vn\u00fd zp\u016fsob.<\/span><\/p>\n<p><span>Kone\u010dn\u011b jedna z m\u00e1la v\u011bc\u00ed, kter\u00e1 se zvy\u0161uje, je d\u016fle\u017eitost pen\u011bz.\u00a0Je to pravd\u011bpodobn\u011b proto, \u017ee re\u00e1ln\u00e9 p\u0159\u00edjmy ji\u017e t\u00e9m\u011b\u0159 dva roky klesaj\u00ed a inflace naru\u0161uje na\u0161i \u017eivotn\u00ed \u00farove\u0148.\u00a0Na vin\u011b je op\u011bt pandemick\u00e1 politika.\u00a0Utratili miliardy a tisk\u00e1rny pen\u011bz vyrovnaly tyto v\u00fddaje t\u00e9m\u011b\u0159 dolar za dolar, \u010d\u00edm\u017e rozm\u011blnili hodnotu d\u0159\u00edve spolehliv\u00e9 m\u011bny.<\/span><\/p>\n<p><span>Probl\u00e9mem ankety nejsou \u010d\u00edsla, ale interpretace.\u00a0To ukazuje na podivnou mlhu nihilismu a chamtivosti, kter\u00e1 se z\u00e1hadn\u011b usadila nad obyvatelstvem, jako by to byl zcela organick\u00fd trend, nad kter\u00fdm nikdo nem\u00e1 kontrolu.\u00a0To je \u0161patn\u011b.\u00a0Existuje jasn\u00e1 p\u0159\u00ed\u010dina, kter\u00e1 sah\u00e1 ke stejn\u00e9 nehor\u00e1zn\u00e9 a bezprecedentn\u00ed politice.\u00a0St\u00e1le p\u0159esn\u011b nev\u00edme, co se stalo.\u00a0A dokud tomu tak nebude, nem\u016f\u017eeme napravit v\u00e1\u017en\u00e9 \u0161kody na kultu\u0159e a du\u0161i na\u0161\u00ed zem\u011b.<\/span><\/p>\n<p><span>\u017dijeme v krizi, ale tato krize m\u00e1 rozpoznatelnou p\u0159\u00ed\u010dinu, a tedy i \u0159e\u0161en\u00ed.\u00a0Dokud o tom nebudeme moci mluvit otev\u0159en\u011b, situace se m\u016f\u017ee jen zhor\u0161it.<\/span><\/p>\n<\/div>\n<\/div>\n<div class=\"elementor-element elementor-element-8c57238 quelle dc-has-condition dc-condition-empty elementor-widget elementor-widget-heading\" data-id=\"8c57238\" data-element_type=\"widget\" data-widget_type=\"heading.default\">\n<div class=\"elementor-widget-container\">\n<h3 class=\"elementor-heading-title elementor-size-default\"><span style=\"font-size: 8pt;\"><a href=\"https:\/\/brownstone.org\/articles\/decline-in-patriotism\/\" target=\"_blank\" rel=\"nofollow noopener\">ZDROJ<\/a><\/span><\/h3>\n<\/div>\n<\/div>\n<p>&nbsp;<\/p>\n<p><img decoding=\"async\" loading=\"lazy\" class=\"wp-image-19187 aligncenter\" src=\"http:\/\/www.infokuryr.cz\/n\/wp-content\/uploads\/2022\/12\/1-PRO-300x36.jpg\" alt=\"\" width=\"1292\" height=\"155\" srcset=\"https:\/\/www.infokuryr.cz\/n\/wp-content\/uploads\/2022\/12\/1-PRO-300x36.jpg 300w, https:\/\/www.infokuryr.cz\/n\/wp-content\/uploads\/2022\/12\/1-PRO.jpg 699w\" sizes=\"(max-width: 1292px) 100vw, 1292px\" \/><\/p>\n<p>&nbsp;<\/p>\n<p>&nbsp;<\/p>\n<p><img decoding=\"async\" loading=\"lazy\" class=\"wp-image-24737 aligncenter\" src=\"http:\/\/www.infokuryr.cz\/n\/wp-content\/uploads\/2023\/03\/cesko_proti_bide2-239x300.png\" alt=\"\" width=\"811\" height=\"1018\" srcset=\"https:\/\/www.infokuryr.cz\/n\/wp-content\/uploads\/2023\/03\/cesko_proti_bide2-239x300.png 239w, https:\/\/www.infokuryr.cz\/n\/wp-content\/uploads\/2023\/03\/cesko_proti_bide2-816x1024.png 816w, https:\/\/www.infokuryr.cz\/n\/wp-content\/uploads\/2023\/03\/cesko_proti_bide2-768x964.png 768w, https:\/\/www.infokuryr.cz\/n\/wp-content\/uploads\/2023\/03\/cesko_proti_bide2.png 846w\" sizes=\"(max-width: 811px) 100vw, 811px\" \/><\/p>\n<p>&nbsp;<\/p>\n<p>&nbsp;<\/p>\n","protected":false},"excerpt":{"rendered":"<p>Wall Street Journal provedl pr\u016fzkum s velmi zaj\u00edmav\u00fdmi v\u00fdsledky.\u00a0Od roku 1998 do sou\u010dasnosti procento Ameri\u010dan\u016f,&#8230;<\/p>\n","protected":false},"author":2,"featured_media":25414,"comment_status":"closed","ping_status":"closed","sticky":false,"template":"","format":"standard","meta":[],"categories":[7],"tags":[1042,37,77],"_links":{"self":[{"href":"https:\/\/www.infokuryr.cz\/n\/wp-json\/wp\/v2\/posts\/25413"}],"collection":[{"href":"https:\/\/www.infokuryr.cz\/n\/wp-json\/wp\/v2\/posts"}],"about":[{"href":"https:\/\/www.infokuryr.cz\/n\/wp-json\/wp\/v2\/types\/post"}],"author":[{"embeddable":true,"href":"https:\/\/www.infokuryr.cz\/n\/wp-json\/wp\/v2\/users\/2"}],"replies":[{"embeddable":true,"href":"https:\/\/www.infokuryr.cz\/n\/wp-json\/wp\/v2\/comments?post=25413"}],"version-history":[{"count":1,"href":"https:\/\/www.infokuryr.cz\/n\/wp-json\/wp\/v2\/posts\/25413\/revisions"}],"predecessor-version":[{"id":25415,"href":"https:\/\/www.infokuryr.cz\/n\/wp-json\/wp\/v2\/posts\/25413\/revisions\/25415"}],"wp:featuredmedia":[{"embeddable":true,"href":"https:\/\/www.infokuryr.cz\/n\/wp-json\/wp\/v2\/media\/25414"}],"wp:attachment":[{"href":"https:\/\/www.infokuryr.cz\/n\/wp-json\/wp\/v2\/media?parent=25413"}],"wp:term":[{"taxonomy":"category","embeddable":true,"href":"https:\/\/www.infokuryr.cz\/n\/wp-json\/wp\/v2\/categories?post=25413"},{"taxonomy":"post_tag","embeddable":true,"href":"https:\/\/www.infokuryr.cz\/n\/wp-json\/wp\/v2\/tags?post=25413"}],"curies":[{"name":"wp","href":"https:\/\/api.w.org\/{rel}","templated":true}]}}