{"id":2541,"date":"2021-06-15T07:55:37","date_gmt":"2021-06-15T05:55:37","guid":{"rendered":"http:\/\/www.infokuryr.cz\/n\/?p=2541"},"modified":"2021-06-15T07:55:37","modified_gmt":"2021-06-15T05:55:37","slug":"zakony-jsou-pro-plebs","status":"publish","type":"post","link":"https:\/\/www.infokuryr.cz\/n\/2021\/06\/15\/zakony-jsou-pro-plebs\/","title":{"rendered":"Z\u00e1kony jsou pro plebs?"},"content":{"rendered":"<div id=\"fb-root\"><\/div>\n<p><strong><span class=\"anotation\">Summit G7 n\u00e1m op\u011bt nazna\u010dil, \u017ee n\u011bkdo je v\u00edce ne\u017e jin\u00fd. P\u0159edn\u00ed politici zastupuj\u00edc\u00ed \u00fadajn\u011b 7 nejv\u00fdkonn\u011bj\u0161\u00edch ekonomik Z\u00e1padu se se\u0161li na sv\u00e9m setk\u00e1n\u00ed ve Velk\u00e9 Brit\u00e1nii. P\u0159esto\u017ee v\u00a0\u0159ad\u011b zem\u00ed existuje je\u0161t\u011b mnoho otravn\u00fdch proticovidov\u00fdch opat\u0159en\u00ed, ti, kte\u0159\u00ed je vyd\u00e1vali, poru\u0161ovali v\u0161e. Ne, \u017ee by to n\u011bjak z\u00e1sadn\u011b vadilo, pouze se op\u011bt uk\u00e1zalo, \u017ee tu n\u011bkdo k\u00e1\u017ee vodu a pije v\u00edno. Nav\u00edc je t\u0159eba si uv\u011bdomit, \u017ee absolutn\u00ed v\u011bt\u0161ina politik\u016f z\u00a0vy\u0161\u0161\u00edch sf\u00e9r moci \u017e\u00e1dnou vakcinaci nikdy neprod\u011blala a ani se k\u00a0tomu nechyst\u00e1. T\u011bch p\u00e1r zachycen\u00fdch na kamer\u00e1ch vyu\u017eila p\u0159\u00edle\u017eitosti zpopularizovat se a nechali se nap\u00edchnout vitam\u00edny, placebem \u010di vyu\u017eili jin\u00fdch trik\u016f. V\u00a0z\u00e1sob\u011b jich je hodn\u011b. Sly\u0161eli jste snad n\u011bkdy o tom, \u017ee by p\u0159edn\u00ed politik onemocn\u011bl \u010di snad zem\u0159el? Jak je mo\u017en\u00e9, \u017ee s v\u00fdjimkou Donalda Trumpa se to nikomu jin\u00e9mu nestalo? I Trump z toho byl za t\u00fdden venku. Pro\u010d plebs um\u00edral?\u00a0<\/span><\/strong><\/p>\n<div id=\"pagetext\">\n<p>\u00a0 I p\u0159es prokazateln\u00e9 probl\u00e9my velk\u00e9 skupiny odv\u00e1\u017elivc\u016f, kte\u0159\u00ed uv\u011b\u0159ili mohutn\u00e9 kampani s\u00a0te\u010dkou na konci covidu, jede propagace d\u00e1l. A op\u011bt je vyu\u017e\u00edv\u00e1n strach z dal\u0161\u00edch vln ,,um\u00edr\u00e1n\u00ed\u201c, obnoven\u00ed plo\u0161n\u00fdch na\u0159\u00edzen\u00ed, kter\u00e1 p\u0159ijdou na podzim. To i p\u0159es rozhodnut\u00ed soudu, \u017ee v\u0161echna byla nez\u00e1konn\u00e1. Jde o jednozna\u010dn\u00fd sign\u00e1l toho, \u017ee pro politiky z\u00e1kony neplat\u00ed. Ka\u017ed\u00fd, kdo v\u00a0uplynul\u00e9m roce dr\u017eel vl\u00e1du u moci, se p\u0159idal ke skupin\u011b privilegovan\u00fdch. Tak\u017ee se sta\u010d\u00ed nyn\u00ed pod\u00edvat zp\u011bt, kdo schvaloval nouzov\u00e9 stavy, stav legislativn\u00ed nouze a jak hlasoval pro schodky rozpo\u010dtu a mimo\u0159\u00e1dn\u00e1 opat\u0159en\u00ed, r\u00e1zem budeme m\u00edt v\u00edce jasno. A tak\u00e9 t\u00edm z\u00edsk\u00e1me kandid\u00e1ty p\u0159edur\u010den\u00e9 k\u00a0pod\u00edlen\u00ed se na \u00fahrad\u011b \u0161kod. Samoz\u0159ejm\u011b ze sv\u00e9ho.<\/p>\n<p>Alena Schillerov\u00e1, kter\u00e1 by m\u011bla chr\u00e1nit st\u00e1tn\u00ed pokladnu cel\u00fdm sv\u00fdm rozlo\u017eit\u011bj\u0161\u00edm t\u011blem, se na zvy\u0161ov\u00e1n\u00ed st\u00e1tn\u00edho dluhu pod\u00edl\u00ed vcelku v\u00fdrazn\u011b. Nov\u00fd pl\u00e1novan\u00fd schodek je op\u011bt obrovsk\u00fd, a to zahrnuje i zmrazen\u00ed plat\u016f st\u00e1tn\u00edch zam\u011bstnanc\u016f, politik\u016f a soudc\u016f. O pochybnostech spojen\u00fdch s\u00a0v\u00fdplatami politik\u016f nen\u00ed t\u0159eba hovo\u0159it. Jak prohl\u00e1sila b\u00fdval\u00e1 hlavn\u00ed hygieni\u010dka, kter\u00e1 byla odejita, jej\u00ed pod\u0159\u00edzen\u00ed nikdy nevyhl\u00e1sili stav epidemie, proto\u017ee po\u010det onemocn\u011bn\u00fdch covidem-19 nikdy nep\u0159ekro\u010dil, dokonce se ani nedotknul \u010d\u00edsla oprav\u0148uj\u00edc\u00edch kohokoliv k\u00a0tomu, aby tuto situaci vyvolal. Toto rozhodnut\u00ed vydali politici a plat\u00ed to pro cel\u00fd sv\u011bt. Nav\u00edc i p\u0159esto, \u017ee bylo s\u00a0\u00fadaji manipulov\u00e1no v\u00a0maxim\u00e1ln\u00ed mo\u017en\u00e9 m\u00ed\u0159e, nikdy se nedos\u00e1hlo parametr\u016f pandemie. A tito politici maj\u00ed dostat v\u00a0p\u0159\u00ed\u0161t\u00edm roce nav\u00fd\u0161en\u00e9 platy?<\/p>\n<p>Podobn\u00e9 je to st\u00e1tn\u00edmi \u00fa\u0159edn\u00edky. Po celou dobu covidovou pob\u00edrali sv\u00e9 v\u00fdplaty, p\u0159esto\u017ee se \u017eivot na v\u011bt\u0161in\u011b \u00fa\u0159ad\u016f bu\u010f zastavil nebo v\u00fdrazn\u011b zpomalil. Na n\u011bkter\u00fdch m\u00edstech z\u016fstaly po celou dobu otev\u0159en\u00e9 p\u0159\u00edpady a nikdo nic ned\u011blal, sp\u00ed\u0161e se \u010d\u00e1st z\u00a0t\u011bchto st\u00e1tn\u00edch zam\u011bstnanc\u016f pod\u00edlela na repres\u00edch obyvatelstva. I jim by se m\u011bl p\u0159id\u00e1vat. Jak na to mohou pohl\u00ed\u017eet v\u0161ichni podnikatel\u00e9 a zam\u011bstnanci ze soukrom\u00e9 sf\u00e9ry, kte\u0159\u00ed byli hozeni do vody a nikdo jim nepom\u00e1hal. Naopak pr\u00e1v\u011b ti \u00fa\u0159edn\u00edci brzdili v\u0161echny schv\u00e1len\u00e9 ,,z\u00e1chrann\u00e9\u201c programy, nap\u0159\u00edklad Finan\u010dn\u00ed spr\u00e1va a \u00fa\u0159ady nad\u00e1le pokra\u010dovaly v\u00a0prov\u00e1d\u011bn\u00ed kontrol a vystavov\u00e1n\u00ed zaji\u0161\u0165ovac\u00edch p\u0159\u00edkaz\u016f. I oni se do\u010dkaj\u00ed dal\u0161\u00edho nav\u00fd\u0161en\u00ed p\u0159\u00edjm\u016f?<\/p>\n<p>Zmrazen\u00ed plat\u016f se dot\u00fdk\u00e1 i soudc\u016f. Na\u0161e soudy pracuj\u00ed liknav\u011b, pro st\u00e1t a proti lidem, je li veden spor ob\u010das versus st\u00e1t. To nahr\u00e1v\u00e1 advok\u00e1t\u016fm, jejich\u017e odm\u011bny jsou extr\u00e9mn\u00ed. \u010casto a\u017e tak, \u017ee ob\u010dan do soudn\u00edho sporu ani nejde, proto\u017ee si spo\u010d\u00edt\u00e1, kolik by ho pravd\u011bpodobn\u00e1 prohra st\u00e1la. Op\u011bt to m\u016f\u017ee b\u00fdt nesouhlas s\u00a0vyd\u00e1n\u00edm rozhodnut\u00ed Finan\u010dn\u00edho \u00fa\u0159adu, kter\u00e9 vydal \u00fa\u0159edn\u00edk odm\u011b\u0148ovan\u00fd procentu\u00e1ln\u011b z\u00a0\u010d\u00e1stky, kterou prohl\u00e1sil za vymahatelnou. Soudci proti zmrazen\u00ed plat\u016f bojuj\u00ed nejv\u00edce. Nez\u00e1vislost soud\u016f je v\u0161ak naprosto nere\u00e1ln\u00e1, uv\u011bdom\u00edme li si syst\u00e9m, kter\u00fdm jsou tamn\u00ed zam\u011bstnanci vypl\u00e1ceni.<\/p>\n<p>Alena Schillerov\u00e1 tu\u0161\u00ed, \u017ee jej\u00ed snaha zmrazit v\u0161echny tyto platy, co\u017e by u\u0161et\u0159ilo jednu jedinou miliardu v\u00a0rozpo\u010dtu na p\u0159\u00ed\u0161t\u00ed rok, bude marn\u00e1. Mo\u017en\u00e1 i s\u00a0t\u00edm do toho \u0161la, p\u0159esto\u017ee si uv\u011bdomuje loajalitu pot\u0159ebnou od st\u00e1tn\u00edch zam\u011bstnanc\u016f, vypad\u00e1 to toti\u017e dob\u0159e a voli\u010di na to mohou sly\u0161et. Naivn\u00ed voli\u010di. Realist\u00e9 cht\u011bj\u00ed sly\u0161et n\u011bco \u00fapln\u011b jin\u00e9ho. Tedy \u017e\u00e1dn\u00fd schodek, ale rozpo\u010det, ze kter\u00e9ho se budou hradit dluhy politiky nast\u0159\u00e1dan\u00e9. T\u011bmi, kte\u0159\u00ed pravidla a z\u00e1kony dodr\u017euj\u00ed nejm\u00e9n\u011b. Nulov\u00e1 zodpov\u011bdnost jim umo\u017e\u0148uje d\u011blat si tu v\u0161e, co si zamanou. P\u0159ipom\u00edn\u00e1 to dopravn\u00ed z\u00e1kony. V\u0161ichni dodr\u017euj\u00ed rychlost, p\u0159ednosti v\u00a0j\u00edzd\u011b, stoj\u00ed na \u010dervenou. A pak profr\u010d\u00ed vl\u00e1dn\u00ed limuz\u00edna s\u00a0maj\u00e1ky, ve kter\u00e9 sed\u00ed n\u011bkter\u00fd z\u00a0elit\u00e1\u0159\u016f bohat\u011b odm\u011b\u0148ovan\u00fdch st\u00e1tem a tvo\u0159\u00edc\u00edm silni\u010dn\u00ed pravidla pro ostatn\u00ed. Vl\u00e1da a poslanci s\u00a0pomoc\u00ed st\u00e1tn\u00edch zam\u011bstnanc\u016f ud\u011blali z\u00a0uplynul\u00fdch 12ti m\u011bs\u00edc\u016f v\u00a0na\u0161\u00ed zemi v\u011bzen\u00ed. A pokra\u010duj\u00ed v\u00a0tom d\u00e1le, p\u0159esto\u017ee po roce se soudy rozhoupaly a vydaly rozsudky t\u00fdkaj\u00edc\u00ed se nez\u00e1konnosti opat\u0159en\u00ed. Ta jsou p\u0159ipravov\u00e1na nad\u00e1le. Op\u011bt v\u00a0rozporu se v\u0161\u00edm, s\u00a0\u010d\u00edm mohou b\u00fdt. Zkuste ud\u011blat n\u011bco takov\u00e9ho Vy jako ob\u010dan, se zlou se pot\u00e1\u017eete.<\/p>\n<p>Mo\u017en\u00e1 n\u00e1s \u010dek\u00e1 celosv\u011btov\u00e1 vlna pod\u00e1v\u00e1n\u00ed trestn\u00edch ozn\u00e1men\u00ed, soud\u016f a rozsudk\u016f. Jak\u00e9 budou, to nelze p\u0159edj\u00edmat. Jist\u00e9 v\u0161ak je, \u017ee pravd\u011bpodobnost potrest\u00e1n\u00ed nejv\u011bt\u0161\u00edch zlo\u010dinc\u016f je minim\u00e1ln\u00ed. P\u0159esto rezignovat nelze. Je pot\u0159eba se br\u00e1nit. Ka\u017ed\u00fd d\u00edl\u010d\u00ed \u00fasp\u011bch m\u016f\u017ee b\u00fdt inspirac\u00ed pro ostatn\u00ed. Te\u010f je t\u0159eba doufat a nevzd\u00e1vat se. A pokud se pt\u00e1te na reb\u00e9lii, i ta je vhodn\u00fdm n\u00e1strojem k\u00a0projevu nesouhlasu s\u00a0re\u017eimem. D\u0159\u00edve to byli koteln\u00edci disidenti, my\u010di oken, veksl\u00e1ci. Dnes ob\u010dan\u00e9 nenos\u00edc\u00ed rou\u0161ky, nesvoln\u00ed s vakcinac\u00ed a rodi\u010de odm\u00edtaj\u00edc\u00ed podvolit se teroru na d\u011btech. Ostatn\u011b elity d\u011blaj\u00ed to sam\u00e9, jen je to jejich privilegium. Respektive se tak chovaj\u00ed. Je to v\u00fdsm\u011bch ka\u017ed\u00e9mu z n\u00e1s.<\/p>\n<\/div>\n<p><a href=\"https:\/\/www.inadhled.cz\/uvaha-dne\/zakony-jsou-pro-plebs-\/\">Jind\u0159ich Kulhav\u00fd<\/a><\/p>\n<p>&nbsp;<\/p>\n","protected":false},"excerpt":{"rendered":"<p>Summit G7 n\u00e1m op\u011bt nazna\u010dil, \u017ee n\u011bkdo je v\u00edce ne\u017e jin\u00fd. P\u0159edn\u00ed politici zastupuj\u00edc\u00ed \u00fadajn\u011b&#8230;<\/p>\n","protected":false},"author":2,"featured_media":1207,"comment_status":"closed","ping_status":"closed","sticky":false,"template":"","format":"standard","meta":[],"categories":[6],"tags":[593,323,48,58],"_links":{"self":[{"href":"https:\/\/www.infokuryr.cz\/n\/wp-json\/wp\/v2\/posts\/2541"}],"collection":[{"href":"https:\/\/www.infokuryr.cz\/n\/wp-json\/wp\/v2\/posts"}],"about":[{"href":"https:\/\/www.infokuryr.cz\/n\/wp-json\/wp\/v2\/types\/post"}],"author":[{"embeddable":true,"href":"https:\/\/www.infokuryr.cz\/n\/wp-json\/wp\/v2\/users\/2"}],"replies":[{"embeddable":true,"href":"https:\/\/www.infokuryr.cz\/n\/wp-json\/wp\/v2\/comments?post=2541"}],"version-history":[{"count":0,"href":"https:\/\/www.infokuryr.cz\/n\/wp-json\/wp\/v2\/posts\/2541\/revisions"}],"wp:featuredmedia":[{"embeddable":true,"href":"https:\/\/www.infokuryr.cz\/n\/wp-json\/wp\/v2\/media\/1207"}],"wp:attachment":[{"href":"https:\/\/www.infokuryr.cz\/n\/wp-json\/wp\/v2\/media?parent=2541"}],"wp:term":[{"taxonomy":"category","embeddable":true,"href":"https:\/\/www.infokuryr.cz\/n\/wp-json\/wp\/v2\/categories?post=2541"},{"taxonomy":"post_tag","embeddable":true,"href":"https:\/\/www.infokuryr.cz\/n\/wp-json\/wp\/v2\/tags?post=2541"}],"curies":[{"name":"wp","href":"https:\/\/api.w.org\/{rel}","templated":true}]}}