{"id":2540,"date":"2021-06-15T07:52:11","date_gmt":"2021-06-15T05:52:11","guid":{"rendered":"http:\/\/www.infokuryr.cz\/n\/?p=2540"},"modified":"2021-06-15T07:52:11","modified_gmt":"2021-06-15T05:52:11","slug":"z-programu-narodni-demokracie-ano-ochrane-prirody-ne-klimasilenstvi","status":"publish","type":"post","link":"https:\/\/www.infokuryr.cz\/n\/2021\/06\/15\/z-programu-narodni-demokracie-ano-ochrane-prirody-ne-klimasilenstvi\/","title":{"rendered":"Z PROGRAMU N\u00c1RODN\u00cd DEMOKRACIE: ANO OCHRAN\u011a P\u0158\u00cdRODY, NE KLIMA\u0160\u00cdLENSTV\u00cd!"},"content":{"rendered":"<div id=\"fb-root\"><\/div>\n<p><em>Ve\u0161ker\u00e1 p\u00e9\u010de o p\u0159\u00edrodu a krajinu mus\u00ed b\u00fdt zalo\u017een\u00e1 na zdrav\u00e9m rozumu a nikoliv na uhl\u00edkov\u00e9 ideologii. Na\u0161\u00edm c\u00edlem je zdrav\u00e1, \u010dist\u00e1 a harmonick\u00e1 krajina, v n\u00ed\u017e je prostor jak pro p\u0159\u00edrodu, tak i pro \u010dlov\u011bka a jeho pot\u0159eby. Zem\u011bd\u011blstv\u00ed a energetika mus\u00ed b\u00fdt postaveny na principu co nejv\u011bt\u0161\u00ed sob\u011bsta\u010dnosti \u010cR. Zde jsou konkr\u00e9tn\u00ed body, jak toho dos\u00e1hneme:<\/em><span id=\"more-12080\"><\/span><\/p>\n<p><strong>1) Teplej\u0161\u00ed klima jako \u0161ance, nikoliv hrozba<\/strong><br \/>\nZm\u011bnu klimatu nezastav\u00edme, je pot\u0159eba ji vyu\u017e\u00edt k na\u0161emu rozvoji, jako tomu bylo ji\u017e n\u011bkolikr\u00e1t v minulosti. Proto v \u010cR nedovol\u00edme zaveden\u00ed Green Dealu a odstoup\u00edme od v\u0161ech dosavadn\u00edch \u201eklimatick\u00fdch\u201c dohod. Ve\u0161ker\u00e9 prost\u0159edky, kter\u00e9 jsou dnes pl\u00fdtv\u00e1ny na boj proti CO2, pou\u017eijeme na adapta\u010dn\u00ed opat\u0159en\u00ed, jako jsou zasakovac\u00ed p\u00e1sy a mok\u0159ady v zem\u011bd\u011blsk\u00e9 a lesn\u00ed krajin\u011b nebo v\u00fdsadba strom\u016f a tvorba vodn\u00edch prvk\u016f ve m\u011bstech.<\/p>\n<p><strong>2) Dostupn\u00e1 automobilov\u00e1 doprava<\/strong><br \/>\nZabr\u00e1n\u00edme v\u0161em snah\u00e1m EU o omezov\u00e1n\u00ed automobilov\u00e9 dopravy. Zachov\u00e1me v\u00fdrobu klasick\u00fdch aut na benz\u00edn a naftu. Zru\u0161\u00edme povinn\u00e9 p\u0159im\u00edch\u00e1v\u00e1n\u00ed tzv. \u201ebioslo\u017eky\u201c do benz\u00ednu a nafty a tak\u00e9 \u201eekoda\u0148\u201c na ojet\u00e1 auta. Nebudeme dotovat ani jinak zv\u00fdhod\u0148ovat elektromobily, jeliko\u017e se za sou\u010dasn\u00fdch technologi\u00ed rozhodn\u011b nejedn\u00e1 o ekologi\u010dt\u011bj\u0161\u00ed zp\u016fsob dopravy.<\/p>\n<p><strong>3) Levn\u00e1 elekt\u0159ina ze stabiln\u00edch zdroj\u016f<\/strong><br \/>\nOdstoup\u00edme od syst\u00e9mu emisn\u00edch povolenek, kter\u00e9 dnes zbyte\u010dn\u011b zdra\u017euj\u00ed elekt\u0159inu. Zachov\u00e1me na\u0161e uheln\u00e9 elektr\u00e1rny, dokud u n\u00e1s budou z\u00e1soby uhl\u00ed v r\u00e1mci sou\u010dasn\u00fdch t\u011b\u017eebn\u00edch limit\u016f. B\u011bhem t\u00e9 doby vybudujeme dal\u0161\u00ed jadern\u00fd blok, kter\u00fd bude p\u0159ipraven dod\u00e1vat elekt\u0159inu, a\u017e z\u00e1soby uhl\u00ed dojdou. Nebudeme podporovat sou\u010dasn\u00e9 \u201eobnoviteln\u00e9\u201c zdroje energie (typu v\u011btrn\u00edk\u016f, bioplynek a sol\u00e1rn\u00edch park\u016f), kter\u00e9 p\u0159\u00edrod\u011b mnohdy sp\u00ed\u0161e \u0161kod\u00ed. Naopak podpo\u0159\u00edme v\u00fdzkum v oblasti alternativn\u00edch zdroj\u016f, jako je geoterm\u00e1ln\u00ed energie.<\/p>\n<p><strong>4) Zdrav\u00e1 p\u016fda pro budouc\u00ed generace<\/strong><br \/>\nJe pot\u0159eba zlep\u0161it kvalitu na\u0161\u00ed p\u016fdy, abychom mohli dos\u00e1hnout sob\u011bsta\u010dnosti v z\u00e1kladn\u00edch potravin\u00e1ch. Dotace na zem\u011bd\u011blstv\u00ed proto budeme v\u00e1zat na skute\u010dnou p\u00e9\u010di o p\u016fdu a naopak je odebereme t\u011bm, kdo p\u016fdu po\u0161kozuj\u00ed. Budeme d\u016fsledn\u011b vym\u00e1hat \u0161kody, kter\u00e9 zem\u011bd\u011blci zp\u016fsob\u00ed nevhodn\u00fdm hospoda\u0159en\u00edm (nap\u0159. splachy p\u016fdy). Podpo\u0159\u00edme drobn\u00e9 ekologick\u00e9 zem\u011bd\u011blce a statka\u0159e, p\u0159edev\u0161\u00edm t\u00edm, \u017ee jim v\u00fdrazn\u011b zjednodu\u0161\u00edme pap\u00edrov\u00e1n\u00ed a dal\u0161\u00ed administrativu. Zejm\u00e9na podpo\u0159\u00edme \u017eivo\u010di\u0161nou v\u00fdrobu, kter\u00e1 na\u0161\u00ed p\u0159\u00edrod\u011b velmi prosp\u00edv\u00e1, nebo\u0165 dod\u00e1v\u00e1 do p\u016fdy humus.<\/p>\n<p><strong>5) \u010cist\u00e1 p\u0159\u00edroda a odoln\u00e1 krajina<\/strong><br \/>\nPodpo\u0159\u00edme stabilitu na\u0161ich ekosyst\u00e9m\u016f a jejich odolnost v\u016f\u010di zm\u011bn\u011b klimatu i dal\u0161\u00edm vliv\u016fm. Zv\u00fd\u0161\u00edme prostupnost krajiny pro rostliny a \u017eivo\u010dichy krom\u011b t\u011bch invazn\u00edch, kter\u00e9 budeme omezovat. U star\u00fdch lom\u016f \u010di v\u00fdsypek up\u0159ednostn\u00edme tzv. p\u0159\u00edrodn\u00ed rekultivace, kter\u00e9 jsou v\u00fdrazn\u011b levn\u011bj\u0161\u00ed ne\u017e technick\u00e1 \u0159e\u0161en\u00ed a z\u00e1rove\u0148 i vhodn\u011bj\u0161\u00ed pro p\u0159\u00edrodu. Zamez\u00edme dal\u0161\u00edmu zne\u010di\u0161\u0165ov\u00e1n\u00ed p\u0159\u00edrody, zejm\u00e9na nadm\u011brn\u00e9mu vypou\u0161t\u011bn\u00ed \u017eivin do vodn\u00edch ekosyst\u00e9m\u016f.<\/p>\n<p><strong>6) Rozumn\u00e9 hospoda\u0159en\u00ed v les\u00edch<\/strong><br \/>\nP\u0159izp\u016fsob\u00edme lesy teplej\u0161\u00edmu klimatu. Podpo\u0159\u00edme zejm\u00e9na v\u00fdsadbu listnat\u00fdch a sm\u00ed\u0161en\u00fdch les\u016f, ale i zadr\u017een\u00ed vody v les\u00edch (tvorbu t\u016fn\u00ed a mok\u0159ad\u016f, ru\u0161en\u00ed odvod\u0148ovac\u00edch kan\u00e1l\u016f apod.), aby zde mohly v ur\u010dit\u00e9m mno\u017estv\u00ed p\u0159e\u017e\u00edt i smrky. Podpo\u0159\u00edme i alternativn\u00ed zp\u016fsoby lesnictv\u00ed, nap\u0159. pa\u0159ezen\u00ed nebo lesostepn\u00ed hospoda\u0159en\u00ed, \u010d\u00edm\u017e o\u017eiv\u00edme na\u0161i krajinu a podpo\u0159\u00edme vz\u00e1cn\u00e9 druhy rostlin a \u017eivo\u010dich\u016f.<\/p>\n<p><strong>7) Ochrana p\u0159\u00edrody bez \u0161ikanov\u00e1n\u00ed lid\u00ed<\/strong><br \/>\nV chr\u00e1n\u011bn\u00fdch \u00fazem\u00edch se zam\u011b\u0159\u00edme na skute\u010dnou ochranu p\u0159\u00edrody a krajiny a nikoliv na obt\u011b\u017eov\u00e1n\u00ed ka\u017ed\u00e9ho, kdo v dan\u00e9m \u00fazem\u00ed bydl\u00ed. Proto zru\u0161\u00edme nap\u0159. povinnost org\u00e1nu ochrany p\u0159\u00edrody vyjad\u0159ovat se ke ka\u017ed\u00e9 drobn\u00e9 stavb\u011b na \u00fazem\u00ed CHKO. St\u00e1t by m\u011bl regulovat pouze takov\u00e9 v\u011bci, kter\u00e9 mohou p\u0159\u00edrodu a krajinu skute\u010dn\u011b ovlivnit, a nezneu\u017e\u00edvat ochranu p\u0159\u00edrody ke zbyte\u010dn\u00e9 \u0161ikan\u011b ob\u010dan\u016f.<\/p>\n<p><img decoding=\"async\" loading=\"lazy\" class=\"alignnone size-full wp-image-678\" src=\"http:\/\/www.infokuryr.cz\/n\/wp-content\/uploads\/2021\/04\/narodni_demokracie_logo.jpg\" alt=\"\" width=\"300\" height=\"85\" \/><\/p>\n<p>&nbsp;<\/p>\n","protected":false},"excerpt":{"rendered":"<p>Ve\u0161ker\u00e1 p\u00e9\u010de o p\u0159\u00edrodu a krajinu mus\u00ed b\u00fdt zalo\u017een\u00e1 na zdrav\u00e9m rozumu a nikoliv na&#8230;<\/p>\n","protected":false},"author":2,"featured_media":629,"comment_status":"closed","ping_status":"closed","sticky":false,"template":"","format":"standard","meta":[],"categories":[6],"tags":[67,85,27],"_links":{"self":[{"href":"https:\/\/www.infokuryr.cz\/n\/wp-json\/wp\/v2\/posts\/2540"}],"collection":[{"href":"https:\/\/www.infokuryr.cz\/n\/wp-json\/wp\/v2\/posts"}],"about":[{"href":"https:\/\/www.infokuryr.cz\/n\/wp-json\/wp\/v2\/types\/post"}],"author":[{"embeddable":true,"href":"https:\/\/www.infokuryr.cz\/n\/wp-json\/wp\/v2\/users\/2"}],"replies":[{"embeddable":true,"href":"https:\/\/www.infokuryr.cz\/n\/wp-json\/wp\/v2\/comments?post=2540"}],"version-history":[{"count":0,"href":"https:\/\/www.infokuryr.cz\/n\/wp-json\/wp\/v2\/posts\/2540\/revisions"}],"wp:featuredmedia":[{"embeddable":true,"href":"https:\/\/www.infokuryr.cz\/n\/wp-json\/wp\/v2\/media\/629"}],"wp:attachment":[{"href":"https:\/\/www.infokuryr.cz\/n\/wp-json\/wp\/v2\/media?parent=2540"}],"wp:term":[{"taxonomy":"category","embeddable":true,"href":"https:\/\/www.infokuryr.cz\/n\/wp-json\/wp\/v2\/categories?post=2540"},{"taxonomy":"post_tag","embeddable":true,"href":"https:\/\/www.infokuryr.cz\/n\/wp-json\/wp\/v2\/tags?post=2540"}],"curies":[{"name":"wp","href":"https:\/\/api.w.org\/{rel}","templated":true}]}}