{"id":2536,"date":"2021-06-15T06:18:36","date_gmt":"2021-06-15T04:18:36","guid":{"rendered":"http:\/\/www.infokuryr.cz\/n\/?p=2536"},"modified":"2021-06-15T06:18:36","modified_gmt":"2021-06-15T04:18:36","slug":"americky-blackrock-a-jp-morgan-zacaly-po-celych-usa-vykupovat-cele-ctvrti-s-rodinnymi-domy-a-hromadne-je-predelavaji-na-najemni-bydleni","status":"publish","type":"post","link":"https:\/\/www.infokuryr.cz\/n\/2021\/06\/15\/americky-blackrock-a-jp-morgan-zacaly-po-celych-usa-vykupovat-cele-ctvrti-s-rodinnymi-domy-a-hromadne-je-predelavaji-na-najemni-bydleni\/","title":{"rendered":"Americk\u00fd BlackRock a JP Morgan za\u010daly po cel\u00fdch USA vykupovat cel\u00e9 \u010dtvrti s rodinn\u00fdmi domy a hromadn\u011b je p\u0159ed\u011bl\u00e1vaj\u00ed na n\u00e1jemn\u00ed bydlen\u00ed&#8230;"},"content":{"rendered":"<div id=\"fb-root\"><\/div>\n<h4>Americk\u00fd BlackRock a JP Morgan za\u010daly po cel\u00fdch USA vykupovat cel\u00e9 \u010dtvrti s rodinn\u00fdmi domy a hromadn\u011b je p\u0159ed\u011bl\u00e1vaj\u00ed na n\u00e1jemn\u00ed bydlen\u00ed, ve kter\u00e9m nen\u00ed v podm\u00ednk\u00e1ch n\u00e1jm\u016f dovoleno dr\u017eet nebo vlastnit zbran\u011b! Absurdn\u00ed ceny byt\u016f p\u0159edznamen\u00e1vaj\u00ed bl\u00ed\u017e\u00edc\u00ed se Brave New World, Total Control a konec osobn\u00edho vlastnictv\u00ed spolu s koncem ob\u010dansk\u00fdch pr\u00e1v a svobod! V Praze u\u017e cht\u011bj\u00ed za 9 metr\u016f nebytov\u00e9ho prostoru bez oken bezm\u00e1la rovn\u00fd 1 milion korun, v\u0161echno to sm\u011b\u0159uje k mohutn\u00e9mu zdan\u011bn\u00ed nemovitost\u00ed! Z v\u00fdb\u011br\u016f dan\u00ed z nemovitost\u00ed cht\u011bj\u00ed globalist\u00e9 sanovat starobn\u00ed d\u016fchody a stejn\u011b tak univerz\u00e1ln\u00ed p\u0159\u00edjmy!<\/h4>\n<p>Zat\u00edmco sv\u011btov\u00e1 m\u00e9dia se zaj\u00edmaj\u00ed o kryptom\u011bnovou bublinu a investo\u0159i rad\u00ed nemajetn\u00fdm ob\u010dan\u016fm, \u017ee si maj\u00ed investovat na d\u016fchod, proto\u017ee st\u00e1tn\u00ed d\u016fchody brzy nebudou, tak\u00a0<strong>mezit\u00edm doch\u00e1z\u00ed v cel\u00e9 Evrop\u011b a p\u0159edev\u0161\u00edm v USA k n\u011b\u010demu, \u010deho si v\u0161imli zat\u00edm pouze lid\u00e9, kte\u0159\u00ed se zaj\u00edmaj\u00ed o nov\u00e9 investi\u010dn\u00ed trendy.<\/strong>\u00a0Velk\u00e9 sv\u011btov\u00e9 investi\u010dn\u00ed domy za\u010daly pomalu opou\u0161t\u011bt t\u011b\u017ebu lithia jako neperspektivn\u00ed obor, vzhledem k tomu, \u017ee se o\u010dek\u00e1v\u00e1 jen t\u011b\u017ek\u00e9 a problematick\u00e9 nasunov\u00e1n\u00ed elektrick\u00fdch aut v masov\u00e9m m\u011b\u0159\u00edtku, proto\u017ee ve\u0161ker\u00e9 dne\u0161n\u00ed prodeje a tr\u017eby jsou v z\u00e1padn\u00edch zem\u00edch saturov\u00e1ny st\u00e1tn\u00edmi dotacemi na n\u00e1kupy t\u011bchto aut.<\/p>\n<figure id=\"attachment_47100\" class=\"wp-caption aligncenter\" style=\"width: 664px;\"><a href=\"https:\/\/aeronet.cz\/news\/wp-content\/uploads\/BlackRockSign.jpg\"><img decoding=\"async\" loading=\"lazy\" class=\"wp-image-47100 \" src=\"https:\/\/aeronet.cz\/news\/wp-content\/uploads\/BlackRockSign-1024x512.jpg\" sizes=\"(max-width: 700px) 100vw, 700px\" srcset=\"https:\/\/aeronet.cz\/news\/wp-content\/uploads\/BlackRockSign-1024x512.jpg 1024w, https:\/\/aeronet.cz\/news\/wp-content\/uploads\/BlackRockSign-300x150.jpg 300w, https:\/\/aeronet.cz\/news\/wp-content\/uploads\/BlackRockSign-768x384.jpg 768w, https:\/\/aeronet.cz\/news\/wp-content\/uploads\/BlackRockSign-700x350.jpg 700w, https:\/\/aeronet.cz\/news\/wp-content\/uploads\/BlackRockSign-714x357.jpg 714w, https:\/\/aeronet.cz\/news\/wp-content\/uploads\/BlackRockSign-966x483.jpg 966w, https:\/\/aeronet.cz\/news\/wp-content\/uploads\/BlackRockSign.jpg 1280w\" alt=\"\" width=\"664\" height=\"332\" \/><\/a><figcaption class=\"wp-caption-text\">BlackRock je jednou z nejv\u011bt\u0161\u00edch investi\u010dn\u00edch korporac\u00ed na sv\u011bt\u011b<\/figcaption><\/figure>\n<p>A to pok\u0159ivuje voln\u00fd trh do takov\u00e9 m\u00edry, \u017ee nelze hovo\u0159it o funguj\u00edc\u00edm trhu, ale o um\u011ble udr\u017eovan\u00e9 mrtvole na hadi\u010dk\u00e1ch, kter\u00fdmi proud\u00ed d\u00e1vky a dotace do ka\u017ed\u00e9ho prodan\u00e9ho elektrick\u00e9ho auta. Nam\u00edsto investic do autobateri\u00ed, do v\u00fdstavby nab\u00edje\u010dek, a hlavn\u011b do v\u00fdstavby nov\u00fdch stovek elektr\u00e1ren, se investi\u010dn\u00ed firmy vrhly do n\u011b\u010deho \u00fapln\u011b odli\u0161n\u00e9ho.\u00a0<strong>Sv\u011btov\u00e9 kapit\u00e1lov\u00e9 firmy za\u010daly v dob\u011b koron\u00e1\u010dov\u00e9 krize hromadn\u011b skupovat byty a rodinn\u00e9 domy, p\u0159i\u010dem\u017e obratem ruky z nich d\u011blaj\u00ed n\u00e1jemn\u00ed byty a \u010din\u017eovn\u00ed domy.<\/strong><\/p>\n<h6><span style=\"font-size: 14pt;\">VIDEO: Korporace v USA skupuj\u00ed nemovitosti a z n\u00e1jemn\u00edch byt\u016f jsou r\u00e1zem smluvn\u011b ukotven\u00e9 Gun Free z\u00f3ny<\/span><\/h6>\n<p>A tou nejv\u011bt\u0161\u00ed rybou, kter\u00e1 se v USA vrhla do tohoto businessu, je pr\u00e1v\u011b BlackRock Investments, jeden z nejv\u011bt\u0161\u00edch investi\u010dn\u00edch fond\u016f na sv\u011bt\u011b, napojen\u00fd p\u0159ed 4 roky i na c\u00ednoveck\u00e9 lithium. Kde\u017ee lo\u0148sk\u00e9 sn\u011bhy jsou. BlackRock za\u010dal masivn\u011b skupovat rovnou cel\u00e9 \u010dtvrti s domy a byty v USA. A nejen tam.\u00a0<strong>Nekupuje jen p\u00e1r dom\u016f tady a t\u00e1mhle, ale skupuje cel\u00e9 reziden\u010dn\u00ed \u010dtvrt\u011b, cel\u00e9 m\u011bstsk\u00e9 bloky<\/strong>\u00a0a cel\u00e1 satelitn\u00ed m\u011bste\u010dka, p\u0159i\u010dem\u017e okam\u017eit\u011b pot\u00e9 je transformuje na pron\u00e1jmy, kde ale zav\u00e1d\u00ed velice podivn\u00e1 pravidla.<\/p>\n<p>&nbsp;<\/p>\n<div id=\"rumble_vfx9lj\">\n<div id=\"vid_vfx9lj\" class=\"rumble_vfx9lj-Rumble-cls\">\n<div class=\"bigPlayUI ctp\">\n<div class=\"bigPlayUIInner ctp\"><div class='videoWrapper'>\r\n\t            <iframe src='https:\/\/rumble.com\/embed\/pj.vfx9lj\/' frameborder='0' allowfullscreen><\/iframe>\r\n\t        <\/div><\/div>\n<\/div>\n<\/div>\n<\/div>\n<p>&nbsp;<\/p>\n<p>BlackRock toti\u017e podepisuje s n\u00e1jemn\u00edky smlouvy, ve kter\u00fdch je stanoveno, \u017ee nikdo z n\u00e1jemn\u00edk\u016f nesm\u00ed v dom\u011b \u010di v byt\u011b vlastnit, p\u0159echov\u00e1vat, nebo skladovat st\u0159elnou zbra\u0148. BlackRock toti\u017e minul\u00fd rok sponzoroval n\u011bkolik iniciativ na z\u00e1kaz prodeje zbran\u00ed a jeliko\u017e 2. dodatek americk\u00e9 \u00dastavy se demokrat\u016fm neda\u0159\u00ed zru\u0161it, tak se podle v\u0161eho zd\u00e1, \u017ee BlackRock p\u0159i\u0161el s n\u00e1padem, jak odzbrojit Ameri\u010dany dobrovoln\u011b, ale na s\u00edlu!\u00a0<strong>Pokud zchudl\u00ed Ameri\u010dan\u00e9, kte\u0159\u00ed nemaj\u00ed pen\u00edze na vlastn\u00ed nemovitost, cht\u011bj\u00ed bydlet v n\u00e1jmu, mus\u00ed se vzd\u00e1t vlastnictv\u00ed zbran\u00ed. Pane\u010dku, a m\u00e1me to tady znovu, dobrovoln\u011b, ale na s\u00edlu!<\/strong><\/p>\n<h6><span style=\"font-size: 14pt;\">Nechaj\u00ed v\u00e1m svobodu b\u00fdt nezam\u011bstnan\u00fdm bezdomovcem bez lidsk\u00fdch pr\u00e1v\u2026 svobodn\u011b se budete moci rozhodnout, a na s\u00edlu si to v\u011bt\u0161ina lid\u00ed rozmysl\u00ed<\/span><\/h6>\n<p>Jakmile nebudete vlastnit nemovitost, nebudete m\u00edt svobodu. A nebudete ji m\u00edt nikoliv proto, \u017ee by v\u00e1m ji vzali n\u00e1sil\u00edm, ale proto\u017ee se j\u00ed dobrovoln\u011b vzd\u00e1te, dobrovoln\u011b, i kdy\u017e na s\u00edlu. Budete toti\u017e cht\u00edt bydlet, a to je v\u011bt\u0161\u00ed priorita, ne\u017e \u00fastavn\u00ed pr\u00e1vo na no\u0161en\u00ed zbran\u011b. A budete cht\u00edt si zachovat zam\u011bstn\u00e1n\u00ed, pr\u00e1ci, a to je v\u011bt\u0161\u00ed priorita ne\u017e lidsk\u00e1 svoboda a ochrana osobn\u00ed integrity, tak\u017ee si rad\u011bji nech\u00e1te vnutit \u0161pejlova\u010dku, anebo vakc\u00ednu.\u00a0<strong>Nikdo v\u00e1m tyto svobody nevezme n\u00e1sil\u00edm, to jenom vy sami a dobrovoln\u011b, i kdy\u017e na s\u00edlu, pod n\u00e1tlakem, se svobod vzd\u00e1te, abyste m\u011bli kde bydlet, a abyste m\u011bli zam\u011bstn\u00e1n\u00ed.<\/strong>\u00a0Dobrovoln\u00e9 nevolnictv\u00ed na s\u00edlu! Igor Matovi\u010d ani netu\u0161\u00ed, jak\u00fd je g\u00e9nius, kdy\u017e vymyslel toto ozna\u010den\u00ed.<\/p>\n<figure id=\"attachment_43735\" class=\"wp-caption aligncenter\" style=\"width: 610px;\"><a href=\"https:\/\/aeronet.cz\/news\/wp-content\/uploads\/IgorMatovicSpejle.jpg\"><img decoding=\"async\" loading=\"lazy\" class=\"wp-image-43735 \" src=\"https:\/\/aeronet.cz\/news\/wp-content\/uploads\/IgorMatovicSpejle-1024x683.jpg\" sizes=\"(max-width: 700px) 100vw, 700px\" srcset=\"https:\/\/aeronet.cz\/news\/wp-content\/uploads\/IgorMatovicSpejle-1024x683.jpg 1024w, https:\/\/aeronet.cz\/news\/wp-content\/uploads\/IgorMatovicSpejle-300x200.jpg 300w, https:\/\/aeronet.cz\/news\/wp-content\/uploads\/IgorMatovicSpejle-768x512.jpg 768w, https:\/\/aeronet.cz\/news\/wp-content\/uploads\/IgorMatovicSpejle-700x467.jpg 700w, https:\/\/aeronet.cz\/news\/wp-content\/uploads\/IgorMatovicSpejle-536x357.jpg 536w, https:\/\/aeronet.cz\/news\/wp-content\/uploads\/IgorMatovicSpejle-725x483.jpg 725w\" alt=\"\" width=\"610\" height=\"407\" \/><\/a><figcaption class=\"wp-caption-text\">Igor Matovi\u010d se \u0161pejl\u00ed antigenn\u00edho testu<\/figcaption><\/figure>\n<p>Dobrovolnost na s\u00edlu je toti\u017e z\u00e1kladn\u00edm donucovac\u00edm mechanismem globalist\u016f na goyim. Zd\u00e1nliv\u011b nikdo nikoho do ni\u010deho nenut\u00ed, ale kdo neposlechne, nebude moci chodit nikam, kam budou moci chodit jen poslu\u0161n\u00ed, tedy o\u010dkovan\u00ed, anebo odzbrojen\u00ed. Nao\u010dkovan\u00fd a odzbrojen\u00fd ob\u010dan za odm\u011bnu dostane n\u011bco, na co m\u011bli kdysi pr\u00e1vo v\u0161ichni, ale nov\u011b na to maj\u00ed pr\u00e1vo jen poslu\u0161n\u00ed, o\u010dkovan\u00ed a odzbrojen\u00ed.\u00a0<strong>Globalisty tak va\u0161e p\u0159ev\u00fdchova nic nestoj\u00ed, ani cent.<\/strong>\u00a0Nic nov\u00e9ho o\u010dkovan\u00fdm odzbrojenc\u016fm nedaj\u00ed, pouze jim za poslu\u0161nost vr\u00e1t\u00ed p\u00e1r svobod, ale ne v\u0161echny. Budou se muset trvale o\u010dkovat, trvale prokazovat vakcina\u010dn\u00edmi pasy, resp. mobiln\u00edmi aplikacemi, pozd\u011bji \u010dipy.<\/p>\n<h6><span style=\"font-size: 14pt;\">Nebytov\u00fdch 9 metr\u016f bez oken za 1 milion jako vhodn\u00e9 bydlen\u00ed pro mlad\u00e9\u2026 v Praze<\/span><\/h6>\n<p>Ameri\u010dan\u00e9 postupn\u011b p\u0159ijdou o vlastnictv\u00ed nemovitost\u00ed, v\u0161echno dostanou pod kontrolu korporace a investi\u010dn\u00ed spole\u010dnosti, kter\u00e9 budou n\u00e1jemn\u00edky pova\u017eovat za nevoln\u00edky, kte\u0159\u00ed nebudou sm\u011bt dr\u017eet zbran\u011b, nebudou sm\u011bt protestovat proti BLM, proti LGBT, proti inkluzi, budou muset nav\u0161t\u011bvovat p\u0159ev\u00fdchovn\u00e9 kurzy, reeduka\u010dn\u00ed programy, p\u0159ev\u00fdchovn\u00e9 t\u00e1bory, a to v\u0161echno dobrovoln\u011b, samoz\u0159ejm\u011b, i kdy\u017e na s\u00edlu. Kdo se vzep\u0159e, bude vyst\u011bhov\u00e1n a skon\u010d\u00ed na ulici pod mostem.\u00a0<strong>A stejn\u011b jako v Evrop\u011b, i v USA budou nemovitosti postupn\u011b zda\u0148ov\u00e1ny vy\u0161\u0161\u00edmi a vy\u0161\u0161\u00edmi dan\u011bmi z tr\u017en\u00edch cen nemovitost\u00ed, aby si pr\u016fm\u011brn\u00e1 rodina st\u0159edn\u00ed t\u0159\u00eddy nemohla dovolit vlastnictv\u00ed nemovitosti.<\/strong>\u00a0A stejn\u011b tot\u00e9\u017e se u\u017e d\u011bje v Evrop\u011b a dokonce v \u010cR v Praze.<\/p>\n<figure id=\"attachment_46509\" class=\"wp-caption aligncenter\" style=\"width: 676px;\"><a href=\"https:\/\/aeronet.cz\/news\/wp-content\/uploads\/EfektivniDan1ProcentoByty.jpg\"><img decoding=\"async\" loading=\"lazy\" class=\"wp-image-46509 \" src=\"https:\/\/aeronet.cz\/news\/wp-content\/uploads\/EfektivniDan1ProcentoByty-1024x946.jpg\" sizes=\"(max-width: 700px) 100vw, 700px\" srcset=\"https:\/\/aeronet.cz\/news\/wp-content\/uploads\/EfektivniDan1ProcentoByty-1024x946.jpg 1024w, https:\/\/aeronet.cz\/news\/wp-content\/uploads\/EfektivniDan1ProcentoByty-300x277.jpg 300w, https:\/\/aeronet.cz\/news\/wp-content\/uploads\/EfektivniDan1ProcentoByty-768x709.jpg 768w, https:\/\/aeronet.cz\/news\/wp-content\/uploads\/EfektivniDan1ProcentoByty-700x646.jpg 700w, https:\/\/aeronet.cz\/news\/wp-content\/uploads\/EfektivniDan1ProcentoByty-387x357.jpg 387w, https:\/\/aeronet.cz\/news\/wp-content\/uploads\/EfektivniDan1ProcentoByty-523x483.jpg 523w, https:\/\/aeronet.cz\/news\/wp-content\/uploads\/EfektivniDan1ProcentoByty.jpg 1084w\" alt=\"\" width=\"676\" height=\"624\" \/><\/a><figcaption class=\"wp-caption-text\">Jak by vypadala da\u0148 1% z tr\u017en\u00ed ceny nemovitosti v \u010cR v bl\u00edzk\u00e9 dob\u011b<\/figcaption><\/figure>\n<p>Server iDnes p\u0159inesl zd\u00e1nliv\u011b neuv\u011b\u0159iteln\u00fd \u010dl\u00e1nek\u00a0<strong>[<a href=\"https:\/\/href.li\/?https:\/\/www.idnes.cz\/zpravy\/domaci\/bydleni-nemovitost-ceny-nadsazenost-prostor-milion.A210613_165248_domaci_stad?zdroj=domaci_hp\" target=\"_blank\" rel=\"nofollow noopener\">1<\/a>]<\/strong>\u00a0o tom, \u017ee\u00a0<strong>v Praze se ji\u017e prod\u00e1vaj\u00ed nebytov\u00e9 prostory bez oken o rozloze 9 metr\u016f \u010dtvere\u010dn\u00edch, kter\u00e9 prodejce inzeruje jako vhodn\u00e9 i\u00a0 k bydlen\u00ed pro mlad\u00e9, a to za prakticky 1 milion korun<\/strong>, proto\u017ee k cen\u011b 900 000 K\u010d je pot\u0159eba p\u0159ipo\u010d\u00edtat i dal\u0161\u00ed n\u00e1klady spojen\u00e9 s p\u0159episem nemovitosti, poplatky atd. Tak\u017ee ano, Praha za\u010d\u00edn\u00e1 p\u0159ipom\u00ednat \u0160anghaj, Hong Kong, Bangkok, Singapur nebo Tokio, kde jsou tak extr\u00e9mn\u011b p\u0159est\u0159elen\u00e9 ceny byt\u016f, \u017ee lid\u00e9 bydl\u00ed v mal\u00fdch boxech o velikostech 1 a\u017e 3 metry \u010dtvere\u010dn\u00ed, bez oken.<\/p>\n<p>Ve srovn\u00e1n\u00ed s t\u00edm je 9 metr\u016f v Praze je\u0161t\u011b luxus. A to nemluv\u00edme o posledn\u00edm trendu tzv. Co-Flats nebo Co-Living, kdy \u010dlov\u011bk m\u00e1 k dispozici pouze bu\u0148ku k le\u017een\u00ed, doslova kotec. A samoz\u0159ejm\u011b, \u017ee ten kotec nevlastn\u00ed, pouze jej m\u00e1 v n\u00e1jmu, to aby bylo jasno, jak se v\u011bci maj\u00ed. V\u0161e ostatn\u00ed je sd\u00edlen\u00e9 v byt\u011b s dal\u0161\u00edmi 10 spolubydl\u00edc\u00edmi, kte\u0159\u00ed sd\u00edl\u00ed kuchy\u0148, koupelnu a z\u00e1chod.<\/p>\n<h6><span style=\"font-size: 14pt;\">Kdy\u017e roste v \u010cesku koruna, je to neklamn\u00e9 znamen\u00ed, \u017ee fondy z ciziny za\u010daly v \u010cR u\u017e zase skupovat je\u0161t\u011b nepostaven\u00e9 byty, kter\u00e9 potom chyb\u00ed \u010cech\u016fm na trhu<\/span><\/h6>\n<p>Mo\u017en\u00e1 jste si v\u0161imli, \u017ee v posledn\u00edch dnech a t\u00fddnech roste kurz \u010desk\u00e9 koruny. Poda\u0159ilo se n\u00e1m v redakci zjistit detaily, v posledn\u00edch dnech velk\u00e9 americk\u00e9 hedgeov\u00e9 fondy, mezi nimi BlackRock Hedge, JP Morgan Asset Investments, izraelsk\u00fd Reality Investment Fund a n\u011bkolik dal\u0161\u00edch fond\u016f nakoupilo velk\u00e9 objemy \u010desk\u00fdch korun u \u010cNB a n\u00e1kupy se pravideln\u011b opakuj\u00ed.\u00a0<strong>\u010cesk\u00e1 koruna v d\u016fsledku t\u011bchto n\u00e1kup\u016f korun za\u010dala mohutn\u011b posilovat. Tyto ciz\u00ed fondy pot\u0159ebuj\u00ed \u010desk\u00e9 koruny k n\u00e1kup\u016fm nemovitost\u00ed v \u010cR, p\u0159edev\u0161\u00edm novostaveb.<\/strong><\/p>\n<figure id=\"attachment_47101\" class=\"wp-caption aligncenter\" style=\"width: 630px;\"><a href=\"https:\/\/aeronet.cz\/news\/wp-content\/uploads\/JPMorganBldg.jpg\"><img decoding=\"async\" loading=\"lazy\" class=\"wp-image-47101 \" src=\"https:\/\/aeronet.cz\/news\/wp-content\/uploads\/JPMorganBldg-1024x683.jpg\" sizes=\"(max-width: 700px) 100vw, 700px\" srcset=\"https:\/\/aeronet.cz\/news\/wp-content\/uploads\/JPMorganBldg-1024x683.jpg 1024w, https:\/\/aeronet.cz\/news\/wp-content\/uploads\/JPMorganBldg-300x200.jpg 300w, https:\/\/aeronet.cz\/news\/wp-content\/uploads\/JPMorganBldg-768x512.jpg 768w, https:\/\/aeronet.cz\/news\/wp-content\/uploads\/JPMorganBldg-700x467.jpg 700w, https:\/\/aeronet.cz\/news\/wp-content\/uploads\/JPMorganBldg-535x357.jpg 535w, https:\/\/aeronet.cz\/news\/wp-content\/uploads\/JPMorganBldg-724x483.jpg 724w, https:\/\/aeronet.cz\/news\/wp-content\/uploads\/JPMorganBldg.jpg 1280w\" alt=\"\" width=\"630\" height=\"420\" \/><\/a><figcaption class=\"wp-caption-text\">JP Morgan je dal\u0161\u00edm z hr\u00e1\u010d\u016f, kter\u00fd skupuje v USA a v Evrop\u011b byty a domy<\/figcaption><\/figure>\n<p>Ke koncov\u00fdm \u010desk\u00fdm rodin\u00e1m se dost\u00e1v\u00e1 jen zbytek, doslova zlomek byt\u016f, p\u0159esto\u017ee se v \u010cR stav\u00ed po\u0159\u00e1d v\u00edce, na trhu je byt\u016f m\u00e9n\u011b a m\u00e9n\u011b. D\u016fvod je zn\u00e1m\u00fd, develope\u0159i v\u011bt\u0161inu bytu prodaj\u00ed investi\u010dn\u00edm fond\u016fm z ciziny je\u0161t\u011b d\u0159\u00edve, ne\u017e se kopne do zem\u011b. Na tuto hrozbu podle na\u0161ich informaci ned\u00e1vno upozornily \u010desk\u00e9 tajn\u00e9 slu\u017eby, ale\u00a0<strong>\u010desk\u00e1 vl\u00e1da na toto ohro\u017een\u00ed soci\u00e1ln\u00ed stability okolo bytov\u00e9 ot\u00e1zky nereaguje, proto\u017ee se v\u00ed, \u017ee toto skupov\u00e1n\u00ed nemovitost\u00ed v \u010cR prob\u00edh\u00e1 s v\u011bdom\u00edm \u010desk\u00fdch vl\u00e1d cel\u00fdch posledn\u00edch 20 let.<\/strong><\/p>\n<h6><span style=\"font-size: 14pt;\">Za 30 let ani jedna \u010desk\u00e1 vl\u00e1da nep\u0159ijala jedin\u00fd z\u00e1kon na ochranu \u010desk\u00e9ho bytov\u00e9ho fondu p\u0159ed spekulacemi, ani jeden! V\u00fdsledkem je bytov\u00e1 krize a ohro\u017een\u00ed soci\u00e1ln\u00ed bezpe\u010dnosti st\u00e1tu<\/span><\/h6>\n<p>Neexistuje naprosto \u017e\u00e1dn\u00e1 ochrana a regulace, potom se nelze divit, \u017ee 9 metr\u016f v Praze bez oken stoj\u00ed 1 milion korun. Novostavby jsou vykoupeny a fondy je prod\u00e1vaj\u00ed za p\u0159emr\u0161t\u011bn\u00e9 p\u0159ekupnick\u00e9 ceny, co\u017e vede k navy\u0161ov\u00e1n\u00ed cen v\u0161ech nemovitost\u00ed na trhu, o kter\u00e9 by jinak v norm\u00e1ln\u00ed situaci nikdo nezavadil, t\u0159eba suter\u00e9nn\u00ed prostory a sklepn\u00ed k\u00f3je p\u0159ebudovan\u00e9 pospojov\u00e1n\u00edm v\u00edce k\u00f3j\u00ed na bezokenn\u00ed byty.\u00a0<strong>V\u0161echny tyto procesy jsou dop\u0159edu p\u0159ipraveny s c\u00edlem nasunout do spole\u010dnosti nov\u00fd spole\u010densk\u00fd syst\u00e9m po Velk\u00e9m resetu, bez osobn\u00edho vlastnictv\u00ed, syst\u00e9m zalo\u017een\u00fd na sd\u00edlen\u00e9 a digit\u00e1ln\u00ed ekonomice, pod neust\u00e1l\u00fdm monitoringem a dozorem, bez lidsk\u00fdch pr\u00e1v a svobod, v izolaci, na nepodm\u00edn\u011bn\u00e9m p\u0159\u00edjmu.<\/strong><\/p>\n<figure id=\"attachment_46655\" class=\"wp-caption aligncenter\" style=\"width: 659px;\"><a href=\"https:\/\/aeronet.cz\/news\/wp-content\/uploads\/Klaus-Schwab_WEF_RTS.jpg\"><img decoding=\"async\" loading=\"lazy\" class=\"wp-image-46655 \" src=\"https:\/\/aeronet.cz\/news\/wp-content\/uploads\/Klaus-Schwab_WEF_RTS-1024x576.jpg\" sizes=\"(max-width: 700px) 100vw, 700px\" srcset=\"https:\/\/aeronet.cz\/news\/wp-content\/uploads\/Klaus-Schwab_WEF_RTS-1024x576.jpg 1024w, https:\/\/aeronet.cz\/news\/wp-content\/uploads\/Klaus-Schwab_WEF_RTS-300x169.jpg 300w, https:\/\/aeronet.cz\/news\/wp-content\/uploads\/Klaus-Schwab_WEF_RTS-768x432.jpg 768w, https:\/\/aeronet.cz\/news\/wp-content\/uploads\/Klaus-Schwab_WEF_RTS-700x394.jpg 700w, https:\/\/aeronet.cz\/news\/wp-content\/uploads\/Klaus-Schwab_WEF_RTS-635x357.jpg 635w, https:\/\/aeronet.cz\/news\/wp-content\/uploads\/Klaus-Schwab_WEF_RTS-859x483.jpg 859w, https:\/\/aeronet.cz\/news\/wp-content\/uploads\/Klaus-Schwab_WEF_RTS.jpg 1200w\" alt=\"\" width=\"659\" height=\"371\" \/><\/a><figcaption class=\"wp-caption-text\">Klaus Schwab, \u0161\u00e9f Sv\u011btov\u00e9ho ekonomick\u00e9ho f\u00f3ra a hlavn\u00ed propag\u00e1tor Velk\u00e9ho resetu<\/figcaption><\/figure>\n<p>A ten zpe\u010det\u00ed poslu\u0161nost populace spolu s n\u00e1jemn\u00edm bydlen\u00edm a soci\u00e1ln\u00edm kreditem, podle kter\u00e9ho se bude rozhodovat, jestli si m\u016f\u017eete p\u016fj\u010dit sd\u00edlen\u00e9 elektrick\u00e9 auto, a jak daleko a kolikr\u00e1t za t\u00fdden s n\u00edm m\u016f\u017eete vyjet.\u00a0 Ji\u017e v roce 2018 jsem ve sv\u00e9 knize Human Ex Machina varoval p\u0159ed t\u011bmito procesy, ale jak vid\u00edte, globalist\u00e9 posp\u00edchaj\u00ed a na nic ne\u010dekaj\u00ed.\u00a0<strong>Co m\u011blo b\u00fdt a\u017e v r\u00e1mci Agendy 2040, je realizov\u00e1no u\u017e dnes<\/strong>. Koronavirus a hysterie zin\u017een\u00fdrovan\u00e1 okolo n\u011bho urychlily proces nasunov\u00e1n\u00ed Brave New World minim\u00e1ln\u011b o t\u011bch 20 let. A jak vid\u00edte ve videu v \u00favodu \u010dl\u00e1nku, Amerika bude p\u0159\u00edkladem tohoto procesu v obrovsk\u00e9m m\u011b\u0159\u00edtku.<\/p>\n<p>-VK- \u0160\u00e9fredaktor AE News<\/p>\n<p><a href=\"https:\/\/aeronet.cz\/news\/video-americky-blackrock-a-jp-morgan-zacaly-po-celych-usa-vykupovat-cele-ctvrti-s-rodinnymi-domy-a-hromadne-je-predelavaji-na-najemni-bydleni-ve-kterem-neni-v-podminkach-najmu-dovoleno-drzet-zbrane\/\">ZDROJ<\/a><\/p>\n<p>&nbsp;<\/p>\n","protected":false},"excerpt":{"rendered":"<p>Americk\u00fd BlackRock a JP Morgan za\u010daly po cel\u00fdch USA vykupovat cel\u00e9 \u010dtvrti s rodinn\u00fdmi domy&#8230;<\/p>\n","protected":false},"author":2,"featured_media":2537,"comment_status":"closed","ping_status":"closed","sticky":false,"template":"","format":"standard","meta":[],"categories":[7],"tags":[528,634,632,633,342,37],"_links":{"self":[{"href":"https:\/\/www.infokuryr.cz\/n\/wp-json\/wp\/v2\/posts\/2536"}],"collection":[{"href":"https:\/\/www.infokuryr.cz\/n\/wp-json\/wp\/v2\/posts"}],"about":[{"href":"https:\/\/www.infokuryr.cz\/n\/wp-json\/wp\/v2\/types\/post"}],"author":[{"embeddable":true,"href":"https:\/\/www.infokuryr.cz\/n\/wp-json\/wp\/v2\/users\/2"}],"replies":[{"embeddable":true,"href":"https:\/\/www.infokuryr.cz\/n\/wp-json\/wp\/v2\/comments?post=2536"}],"version-history":[{"count":0,"href":"https:\/\/www.infokuryr.cz\/n\/wp-json\/wp\/v2\/posts\/2536\/revisions"}],"wp:featuredmedia":[{"embeddable":true,"href":"https:\/\/www.infokuryr.cz\/n\/wp-json\/wp\/v2\/media\/2537"}],"wp:attachment":[{"href":"https:\/\/www.infokuryr.cz\/n\/wp-json\/wp\/v2\/media?parent=2536"}],"wp:term":[{"taxonomy":"category","embeddable":true,"href":"https:\/\/www.infokuryr.cz\/n\/wp-json\/wp\/v2\/categories?post=2536"},{"taxonomy":"post_tag","embeddable":true,"href":"https:\/\/www.infokuryr.cz\/n\/wp-json\/wp\/v2\/tags?post=2536"}],"curies":[{"name":"wp","href":"https:\/\/api.w.org\/{rel}","templated":true}]}}