{"id":2534,"date":"2021-06-15T06:10:50","date_gmt":"2021-06-15T04:10:50","guid":{"rendered":"http:\/\/www.infokuryr.cz\/n\/?p=2534"},"modified":"2021-06-15T06:10:50","modified_gmt":"2021-06-15T04:10:50","slug":"g7-zoufala-snaha-o-dulezitost","status":"publish","type":"post","link":"https:\/\/www.infokuryr.cz\/n\/2021\/06\/15\/g7-zoufala-snaha-o-dulezitost\/","title":{"rendered":"G7: Zoufal\u00e1 snaha o d\u016fle\u017eitost"},"content":{"rendered":"<div id=\"fb-root\"><\/div>\n<div id=\"left-col\">\n<article id=\"clanek\">\n<p class=\"autor\">Nadch\u00e1zej\u00edc\u00ed summit G7 v Cornwallu by mohl b\u00fdt na prvn\u00ed pohled vn\u00edm\u00e1n jako bizarn\u00ed setk\u00e1n\u00ed \u201eAmerika je zp\u011bt\u201c s \u201eglob\u00e1ln\u00ed Brit\u00e1ni\u00ed\u201c.<\/p>\n<section class=\"perex\">Celkov\u00fd obraz je v\u0161ak pon\u011bkud delik\u00e1tn\u011bj\u0161\u00ed. T\u0159i summity v \u0159ad\u011b &#8211; G7, NATO a USA-EU &#8211; vydl\u00e1\u017ed\u00ed cestu k tolik o\u010dek\u00e1van\u00e9 nap\u00ednav\u00e9 ud\u00e1losti: summitu Putin-Biden v\u00a0\u017denev\u011b, co\u017e rozhodn\u011b nebude reset.<\/p>\n<\/section>\n<section class=\"clanek-obsah\">\u0158\u00edd\u00edc\u00ed z\u00e1jmov\u00e9 skupiny, stoj\u00edc\u00ed za hologramem, kter\u00fd se jmenuje \u201eJoe Biden\u201c, maj\u00ed jasnou spole\u010dnou agendu: \u0159\u00eddit zindustrializovan\u00e9 demokracie &#8211; zejm\u00e9na ty v Evrop\u011b &#8211; a dr\u017eet je ve strnul\u00e9 pozici, aby bojovaly proti \u201eautorit\u00e1\u0159sk\u00fdm\u201c hrozb\u00e1m, kter\u00e9 pro n\u00e1rodn\u00ed bezpe\u010dnost USA p\u0159edstavuj\u00ed \u201ezhoubn\u00e9\u201c Rusko a \u010c\u00edna.<\/p>\n<p>Je to jako n\u00e1vrat do t\u011bch dob, ach tak stabiln\u00edch, studen\u00e9 v\u00e1lky v 70. letech, kdy z\u00e1rove\u0148 James Bond bojoval proti ciz\u00e1ck\u00fdm zloduch\u016fm a kapela Deep Purple rozvracela komunismus. Inu, \u010dasy se m\u011bn\u00ed. \u010c\u00edna si je velmi dob\u0159e v\u011bdoma toho, \u017ee nyn\u00ed m\u00e1\u00a0<a href=\"https:\/\/www.globaltimes.cn\/page\/202106\/1225664.shtml\" target=\"_blank\" rel=\"external noopener\">glob\u00e1ln\u00ed Jih<\/a>\u00a0\u201epod\u00edl na t\u00e9m\u011b\u0159 dvou t\u0159etin\u00e1ch sv\u011btov\u00e9 ekonomiky ve srovn\u00e1n\u00ed s jednou t\u0159etinou, na kter\u00e9 m\u00e1 pod\u00edl Z\u00e1pad: v 70. letech to bylo p\u0159esn\u011b naopak\u201c.<\/p>\n<p>Pro glob\u00e1ln\u00ed Jih &#8211; tedy naprostou v\u011bt\u0161inu planety &#8211; je G7 do zna\u010dn\u00e9 m\u00edry nepodstatn\u00e1. D\u016fle\u017eit\u00e1 je skupina G20.<\/p>\n<p>\u010c\u00edna, rostouc\u00ed ekonomick\u00e1 supervelmoc, poch\u00e1z\u00ed z glob\u00e1ln\u00edho Jihu a ve skupin\u011b G20 zauj\u00edm\u00e1 vedouc\u00ed postaven\u00ed. Kv\u016fli v\u0161em sv\u00fdm tuzemsk\u00fdm probl\u00e9m\u016fm si hr\u00e1\u010di EU v G7 &#8211; N\u011bmecko, Francie a It\u00e1lie &#8211; nemohou dovolit znep\u0159\u00e1telit si Peking, co se t\u00fd\u010de ekonomiky, obchodu a investic.<\/p>\n<p>O skupinu G7, restartovanou jako sinofobn\u00ed k\u0159\u00ed\u017eovou v\u00fdpravu, nebude z\u00e1jem. V\u010detn\u011b Japonska a zvl\u00e1\u0161tn\u00edch host\u016f v Cornwallu: technologick\u00e9 mocnosti Ji\u017en\u00ed Koreje, a Indie s Jihoafrickou republikou (ob\u011b zem\u011b jsou \u010dleny BRICS), jim\u017e byla nab\u00eddnuta n\u00e1vnada &#8211; mo\u017enost roz\u0161\u00ed\u0159en\u00ed \u010dlenstv\u00ed.<\/p>\n<p>Zbo\u017en\u00e1 p\u0159\u00e1n\u00ed Washingtonu se spolu s\u00a0ofenz\u00edvou PR smr\u0161\u0165uj\u00ed, prod\u00e1vaj\u00ed se jako primus inter pares Z\u00e1padu, jako revitalizovan\u00fd glob\u00e1ln\u00ed l\u00eddr. Pro\u010d na to glob\u00e1ln\u00ed Jih nesko\u010dil, lze n\u00e1zorn\u011b sledovat na tom, co se ud\u00e1lo za posledn\u00edch osm let. Skupina G7 &#8211; a zejm\u00e9na Ameri\u010dan\u00e9 &#8211; jednodu\u0161e\u00a0<a href=\"https:\/\/www.ft.com\/content\/2c1bce54-aa76-455b-9b1e-c48ad519bf27\" target=\"_blank\" rel=\"external noopener\">nedok\u00e1zali zareagovat<\/a>\u00a0na rozs\u00e1hlou paneurasijskou obchodn\u00ed\/v\u00fdvojovou strategii \u010c\u00edny, tzv. iniciativu Jedno p\u00e1smo, jedna cesta (BRI).<\/p>\n<p>Dosavadn\u00ed americk\u00e1 \u201estrategie\u201c &#8211; nep\u0159etr\u017eit\u00e1 d\u00e9monizace BRI jako \u201edluhov\u00e9 pasti\u201c a ma\u0161in\u00e9rie na \u201enucenou pr\u00e1ci\u201c &#8211; to nep\u0159eru\u0161ila. Nyn\u00ed, kdy\u017e u\u017e je p\u0159\u00edli\u0161 pozd\u011b, p\u0159ich\u00e1z\u00ed na \u0159adu pl\u00e1n G7, do n\u011bho\u017e jsou zapojeni takov\u00ed \u201epartne\u0159i\u201c, jako je Indie, aby alespo\u0148 teoreticky \u201epodpo\u0159ili\u201c neur\u010dit\u00e9 a \u201evysp\u011bl\u00e9 projekty\u201c na cel\u00e9m glob\u00e1ln\u00edm Jihu: tzv. iniciativa \u010cist\u00e1 zele\u0148 (<a href=\"https:\/\/www.aljazeera.com\/economy\/2021\/6\/1\/g7-set-to-launch-green-alternative-to-chinas-belt-and-road\" target=\"_blank\" rel=\"external noopener\">Clean Green<\/a>), zam\u011b\u0159en\u00e1 na udr\u017eiteln\u00fd rozvoj a p\u0159echod na ekologii, kter\u00e1 se bude projedn\u00e1vat na summitu G7 i na summitu USA-EU.<\/p>\n<p>V porovn\u00e1n\u00ed s iniciativou BRI m\u016f\u017ee b\u00fdt iniciativa \u010cist\u00e1 zele\u0148 jen st\u011b\u017e\u00ed pova\u017eov\u00e1na za ucelenou geopolitickou a geoekonomickou strategii. Iniciativu BRI podpo\u0159ilo a stalo se jej\u00edm partnerem v\u00edce ne\u017e 150 n\u00e1rodn\u00edch st\u00e1t\u016f a mezin\u00e1rodn\u00edch seskupen\u00ed &#8211; v\u010detn\u011b v\u00edce ne\u017e poloviny z 27 \u010dlen\u016f EU.<\/p>\n<p>Fakta z ter\u00e9nu hovo\u0159\u00ed jasn\u011b. \u010c\u00edna a ASEAN se chystaj\u00ed uzav\u0159\u00edt dohodu o \u201ekomplexn\u00edm strategick\u00e9m partnerstv\u00ed\u201c. Obchod mezi \u010c\u00ednou a zem\u011bmi st\u0159edn\u00ed a v\u00fdchodn\u00ed Evropy (CCEC), zn\u00e1m\u00fdmi tak\u00e9 jako skupina 17+1, zahrnuj\u00edc\u00ed 12 zem\u00ed EU, se\u00a0<a href=\"https:\/\/www.globaltimes.cn\/page\/202106\/1225757.shtml\" target=\"_blank\" rel=\"external noopener\">nad\u00e1le rozr\u016fst\u00e1<\/a>. Digit\u00e1ln\u00ed hedv\u00e1bn\u00e1 stezka, Zdrav\u00e1 hedv\u00e1bn\u00e1 stezka a Pol\u00e1rn\u00ed hedv\u00e1bn\u00e1 stezka se neust\u00e1le vyv\u00edjej\u00ed.<\/p>\n<p>Tak\u017ee zb\u00fdv\u00e1 u\u017e jen hlasit\u00e9 remc\u00e1n\u00ed Z\u00e1padu o nejasn\u00fdch investic\u00edch do digit\u00e1ln\u00edch technologi\u00ed &#8211; mo\u017en\u00e1 financovan\u00fdch Evropskou investi\u010dn\u00ed bankou se s\u00eddlem v\u00a0Lucemburku &#8211; co\u017e m\u00e1 od\u0159\u00edznout \u201eautorit\u00e1\u0159sk\u00fd dosah\u201c \u010c\u00edny v\u00a0r\u00e1mci cel\u00e9ho glob\u00e1ln\u00edho Jihu.<\/p>\n<p>Summit EU-USA mo\u017en\u00e1 odstartuje \u010dinnost \u201eRady pro obchod a technologie\u201c, kter\u00e1 bude koordinovat politiku v oblasti 5G, polovodi\u010d\u016f, dodavatelsk\u00fdch \u0159et\u011bzc\u016f, kontroly v\u00fdvozu a technologick\u00fdch pravidel a norem. Jemn\u00e9 p\u0159ipomenut\u00ed: EU a USA toto slo\u017eit\u00e9 prost\u0159ed\u00ed jednodu\u0161e neovl\u00e1daj\u00ed. Nutn\u011b pot\u0159ebuj\u00ed Ji\u017en\u00ed Koreu, Tchaj-wan a Japonsko.<\/p>\n<h2>Po\u010dkejte chv\u00edli, v\u00fdb\u011br\u010d\u00ed dan\u00ed<\/h2>\n<p>Abychom byli spravedliv\u00ed, skupina G7 mo\u017en\u00e1 prok\u00e1zala ve\u0159ejnou slu\u017ebu cel\u00e9mu sv\u011btu, kdy\u017e minist\u0159i financ\u00ed uzav\u0159eli minulou sobotu v Lond\u00fdn\u011b \u00fadajn\u011b \u201ehistorickou\u201c dohodu o glob\u00e1ln\u00ed minim\u00e1ln\u00ed 15% dani pro nadn\u00e1rodn\u00ed spole\u010dnosti (MNC).<\/p>\n<p><a href=\"https:\/\/www.ft.com\/content\/a308bbff-5926-47a1-9202-6263e667511e\" target=\"_blank\" rel=\"external noopener\">Triumfalismus<\/a>\u00a0byl na m\u00edst\u011b &#8211; s\u00a0nekone\u010dn\u00fdm vychvalov\u00e1n\u00edm \u201espravedlnosti\u201c a \u201eda\u0148ov\u00e9 solidarity\u201c, spojen\u00fdm s opravdu \u0161patn\u00fdmi zpr\u00e1vami pro nejr\u016fzn\u011bj\u0161\u00ed da\u0148ov\u00e9 r\u00e1je.<\/p>\n<p>No, je to trochu slo\u017eit\u011bj\u0161\u00ed.<\/p>\n<p>O t\u00e9to dani se diskutuje na nejvy\u0161\u0161\u00edch \u00farovn\u00edch Organizace pro hospod\u00e1\u0159skou spolupr\u00e1ci a rozvoj (OECD) v Pa\u0159\u00ed\u017ei v\u00edce ne\u017e deset let &#8211; zejm\u00e9na proto, \u017ee n\u00e1rodn\u00ed st\u00e1ty\u00a0<a href=\"https:\/\/taxjustice.net\/reports\/the-state-of-tax-justice-2020\/\" target=\"_blank\" rel=\"external noopener\">p\u0159ich\u00e1zej\u00ed<\/a>\u00a0ro\u010dn\u011b nejm\u00e9n\u011b o 427 miliard dolar\u016f kv\u016fli da\u0148ov\u00fdm \u00fanik\u016fm ze strany nadn\u00e1rodn\u00edch spole\u010dnost\u00ed (MNC) a r\u016fzn\u00fdch multimiliard\u00e1\u0159\u016f. Pokud jde o evropsk\u00fd sc\u00e9n\u00e1\u0159, ten ani neza\u010dle\u0148uje ztr\u00e1tu DPH podvodem &#8211; co\u017e se \u0161kodolibou radost\u00ed praktikuje krom\u011b jin\u00fdch spole\u010dnost\u00ed tak\u00e9 Amazon.<\/p>\n<p>Tak\u017ee nen\u00ed divu, \u017ee minist\u0159i financ\u00ed ze zem\u00ed G7 m\u011bli na Amazon v hodnot\u011b 1,6 bilionu dolar\u016f\u00a0<a href=\"https:\/\/www.ft.com\/content\/1b16c49d-b8fd-4eac-9ff1-d5e8b9510110\" target=\"_blank\" rel=\"external noopener\">docela spadeno<\/a>. Cloudov\u00e1 v\u00fdpo\u010detn\u00ed divize Amazonu by m\u011bla b\u00fdt pova\u017eov\u00e1na za samostatn\u00fd subjekt. V takov\u00e9m p\u0159\u00edpad\u011b bude muset tato mega technologick\u00e1 skupina platit vy\u0161\u0161\u00ed korpor\u00e1tn\u00ed da\u0148 na n\u011bkter\u00e9m ze sv\u00fdch nejv\u011bt\u0161\u00edch evropsk\u00fdch trh\u016f &#8211; v N\u011bmecku, Francii, It\u00e1lii, Velk\u00e9 Brit\u00e1nii &#8211; pokud bude ratifikov\u00e1na glob\u00e1ln\u00ed 15% da\u0148.<\/p>\n<p>Ano, tohle je hlavn\u011b o velk\u00fdch technologick\u00fdch spole\u010dnostech &#8211; hlavn\u00edch expertech na da\u0148ov\u00e9 podvody a profitov\u00e1n\u00ed z da\u0148ov\u00fdch r\u00e1j\u016f, kter\u00e9 se nach\u00e1zej\u00ed i v Evrop\u011b, jako je Irsko a Lucembursko. Zp\u016fsob, jak\u00fdm byla EU vybudov\u00e1na, umo\u017enil, aby se mezi n\u00e1rodn\u00edmi st\u00e1ty rozmohla da\u0148ov\u00e1 konkurence. Otev\u0159en\u00e9 diskuse na toto t\u00e9ma v\u00a0Bruselu jsou prakticky tabu. Na ofici\u00e1ln\u00edm seznamu da\u0148ov\u00fdch r\u00e1j\u016f EU nenajdeme Lucembursko, Nizozemsko ani Maltu.<\/p>\n<p>Co kdy\u017e je tohle v\u0161echno bravurn\u00ed kousek PR? Je to mo\u017en\u00e9. Hlavn\u00ed probl\u00e9m je, \u017ee se na p\u016fd\u011b Evropsk\u00e9 rady &#8211; kde vl\u00e1dy \u010dlensk\u00fdch st\u00e1t\u016f EU projedn\u00e1vaj\u00ed sv\u00e9 z\u00e1le\u017eitosti &#8211; dlouho ot\u00e1lelo a tak n\u011bjak byla cel\u00e1 v\u011bc sv\u011b\u0159ena Organizaci pro hospod\u00e1\u0159skou spolupr\u00e1ci a rozvoj (OECD).<\/p>\n<p>Podle toho, jak se v\u011bci maj\u00ed, jsou podrobnosti o 15% dani st\u00e1le nejasn\u00e9 &#8211; a to i p\u0159esto, \u017ee se vl\u00e1da USA m\u016f\u017ee st\u00e1t nejv\u011bt\u0161\u00edm v\u00edt\u011bzem, proto\u017ee jejich nadn\u00e1rodn\u00ed spole\u010dnosti p\u0159esunuly obrovsk\u00e9 zisky na m\u00edsta po cel\u00e9 planet\u011b, aby se vyhnuly americk\u00fdm korpor\u00e1tn\u00edm dan\u00edm.<\/p>\n<p>Nemluv\u011b o tom, \u017ee nikdo nev\u00ed, zda, kdy a jak bude dohoda celosv\u011btov\u011b p\u0159ijata a realizov\u00e1na: to bude sisyfovsk\u00fd \u00fakol. P\u0159inejmen\u0161\u00edm se o n\u00ed bude op\u011bt jednat na \u010dervencov\u00e9m zased\u00e1n\u00ed G20 v Ben\u00e1tk\u00e1ch.<\/p>\n<h2>Co chce N\u011bmecko<\/h2>\n<p>Koncem lo\u0148sk\u00e9ho roku do\u0161lo ke skute\u010dn\u00e9mu pokroku v\u00a0ot\u00e1zce investi\u010dn\u00ed dohody mezi EU a \u010c\u00ednou, k\u00a0n\u011bmu\u017e by nemohlo doj\u00edt bez N\u011bmecka. Za p\u0159isp\u011bn\u00ed nov\u00e9 americk\u00e9 administrativy se dohoda op\u011bt zadrhla. Odstupuj\u00edc\u00ed kancl\u00e9\u0159ka Merkelov\u00e1 je proti ekonomick\u00e9mu odd\u011blen\u00ed EU od \u010c\u00edny &#8211; a stejn\u00e9ho n\u00e1zoru jsou i n\u011bme\u010dt\u00ed pr\u016fmysln\u00edci. Bude celkem zaj\u00edmav\u00e9 sledovat tuto \u201evedlej\u0161\u00ed z\u00e1pletku\u201c na zased\u00e1n\u00ed G7.<\/p>\n<p>Stru\u010dn\u011b \u0159e\u010deno: N\u011bmecko chce i nad\u00e1le expandovat jako glob\u00e1ln\u00ed obchodn\u00ed velmoc s vyu\u017eit\u00edm sv\u00e9 velk\u00e9 pr\u016fmyslov\u00e9 z\u00e1kladny, zat\u00edmco Anglosasov\u00e9 zcela opustili svou pr\u016fmyslovou z\u00e1kladnu, aby se v\u011bnovali neproduktivn\u00ed financializaci. A \u010c\u00edna chce zase obchodovat s celou planetou. H\u00e1dejte, kter\u00fd hr\u00e1\u010d vypadne z\u00a0kola?<\/p>\n<p>Vzhledem k tomu, \u017ee summit G7 je de facto setk\u00e1n\u00ed hegemona s jeho hyenami, \u0161akaly a \u010divavami, bude tak\u00e9 docela lah\u016fdka sledovat s\u00e9mantiku. Jak\u00fd stupe\u0148 \u201eexisten\u010dn\u00ed hrozby\u201c bude p\u0159isouzen Pekingu? Zvl\u00e1\u0161t\u011b kdy\u017e pro z\u00e1jmov\u00e9 skupiny, stoj\u00edc\u00ed za hologramem \u201eBiden\u201c, je skute\u010dnou prioritou Indo-Pacifik.<\/p>\n<p>T\u011bmto z\u00e1jmov\u00fdm skupin\u00e1m m\u016f\u017ee b\u00fdt EU, prahnouc\u00ed po strategi\u010dt\u011bj\u0161\u00ed autonomii, ukraden\u00e1. Washington v\u017edy vyhla\u0161uje sv\u00e9 dikt\u00e1ty, ani\u017e by se p\u0159edt\u00edm obt\u011b\u017eoval n\u011bco konzultovat s Bruselem.<\/p>\n<p>Tak\u017ee o tomhle bude tato trojice summit\u016f (G7, NATO a EU-USA): hegemon nasad\u00ed v\u0161echny p\u00e1ky, aby zabr\u00e1nil\/dor\u00e1\u017eel na n\u00e1stup s\u00edl\u00edc\u00ed mocnosti t\u00edm, \u017ee naverbuje sv\u00e9 satrapy k \u201eboji\u201c, a tak zachov\u00e1 \u201emezin\u00e1rodn\u00ed \u0159\u00e1d, zalo\u017een\u00fd na pravidlech\u201c, kter\u00fd navrhl p\u0159ed v\u00edce ne\u017e sedmi desetilet\u00edmi.<\/p>\n<p>Historie n\u00e1m \u0159\u00edk\u00e1, \u017ee to nebude fungovat. Uvedu jen dva p\u0159\u00edklady: britsk\u00e9 a francouzsk\u00e9 imp\u00e9rium nedok\u00e1zaly v 19. stolet\u00ed zastavit vzestup USA; a co v\u00edc, anglo-americk\u00e1 osa zastavila sou\u010dasn\u00fd vzestup N\u011bmecka a Japonska pouze t\u00edm, \u017ee zaplatila cenu dvou sv\u011btov\u00fdch v\u00e1lek, p\u0159i\u010dem\u017e britsk\u00e9 imp\u00e9rium bylo zni\u010deno a N\u011bmecko se op\u011bt stalo vedouc\u00ed mocnost\u00ed v Evrop\u011b.<\/p>\n<p>Tohle by m\u011blo d\u00e1t setk\u00e1n\u00ed \u201eAmerika je zp\u011bt\u201c s \u201eglob\u00e1ln\u00ed Brit\u00e1ni\u00ed\u201c v Cornwallu status pouh\u00e9 bizarn\u00ed historick\u00e9 pozn\u00e1mky pod \u010darou.<\/p>\n<p>Pepe Escobar<\/p>\n<div class=\"podcarou\">\n<p><a href=\"https:\/\/www.globalresearch.ca\/g7-desperately-seeking-relevancy\/5747474\" target=\"_blank\" rel=\"external noopener\">G7: Desperately Seeking Relevancy<\/a> vy\u0161el 11.6.2021 na Global Research. P\u0159eklad Zv\u011bdavec.<\/p>\n<\/div>\n<p><a href=\"http:\/\/www.zvedavec.org\/komentare\/2021\/06\/8750-g7-zoufala-snaha-o-dulezitost.htm\">Zvedavec.org<\/a><\/p>\n<\/section>\n<section class=\"clanek-pri\"><\/section>\n<\/article>\n<\/div>\n<div id=\"right-col\">\n<div id=\"kava\" class=\"right-col-blok\"><\/div>\n<\/div>\n","protected":false},"excerpt":{"rendered":"<p>Nadch\u00e1zej\u00edc\u00ed summit G7 v Cornwallu by mohl b\u00fdt na prvn\u00ed pohled vn\u00edm\u00e1n jako bizarn\u00ed setk\u00e1n\u00ed&#8230;<\/p>\n","protected":false},"author":2,"featured_media":1592,"comment_status":"closed","ping_status":"closed","sticky":false,"template":"","format":"standard","meta":[],"categories":[7],"tags":[323,623,303],"_links":{"self":[{"href":"https:\/\/www.infokuryr.cz\/n\/wp-json\/wp\/v2\/posts\/2534"}],"collection":[{"href":"https:\/\/www.infokuryr.cz\/n\/wp-json\/wp\/v2\/posts"}],"about":[{"href":"https:\/\/www.infokuryr.cz\/n\/wp-json\/wp\/v2\/types\/post"}],"author":[{"embeddable":true,"href":"https:\/\/www.infokuryr.cz\/n\/wp-json\/wp\/v2\/users\/2"}],"replies":[{"embeddable":true,"href":"https:\/\/www.infokuryr.cz\/n\/wp-json\/wp\/v2\/comments?post=2534"}],"version-history":[{"count":0,"href":"https:\/\/www.infokuryr.cz\/n\/wp-json\/wp\/v2\/posts\/2534\/revisions"}],"wp:featuredmedia":[{"embeddable":true,"href":"https:\/\/www.infokuryr.cz\/n\/wp-json\/wp\/v2\/media\/1592"}],"wp:attachment":[{"href":"https:\/\/www.infokuryr.cz\/n\/wp-json\/wp\/v2\/media?parent=2534"}],"wp:term":[{"taxonomy":"category","embeddable":true,"href":"https:\/\/www.infokuryr.cz\/n\/wp-json\/wp\/v2\/categories?post=2534"},{"taxonomy":"post_tag","embeddable":true,"href":"https:\/\/www.infokuryr.cz\/n\/wp-json\/wp\/v2\/tags?post=2534"}],"curies":[{"name":"wp","href":"https:\/\/api.w.org\/{rel}","templated":true}]}}