{"id":25339,"date":"2023-03-30T07:38:37","date_gmt":"2023-03-30T05:38:37","guid":{"rendered":"http:\/\/www.infokuryr.cz\/n\/?p=25339"},"modified":"2023-03-30T07:38:37","modified_gmt":"2023-03-30T05:38:37","slug":"jindrich-rajchl-predseda-strany-pro-tvrde-k-politickemu-rozsudku-nad-tomasem-cermakem","status":"publish","type":"post","link":"https:\/\/www.infokuryr.cz\/n\/2023\/03\/30\/jindrich-rajchl-predseda-strany-pro-tvrde-k-politickemu-rozsudku-nad-tomasem-cermakem\/","title":{"rendered":"Jind\u0159ich Rajchl, p\u0159edseda strany PRO tvrd\u011b k politick\u00e9mu rozsudku nad Tom\u00e1\u0161em \u010cerm\u00e1kem"},"content":{"rendered":"<div id=\"fb-root\"><\/div>\n<div class=\"introtext\">\n<p><span style=\"font-size: 18pt;\"><strong>Ti z v\u00e1s, kdo sleduj\u00ed d\u011bn\u00ed na sc\u00e9n\u011b protest\u016f v\u016f\u010di covidismu i sou\u010dasn\u00e9 p\u011btidemoli\u010dn\u00ed vl\u00e1d\u011b, jist\u011b velmi dob\u0159e v\u011bd\u00ed, \u017ee m\u016fj postoj v\u016f\u010di Tom\u00e1\u0161ovi \u010cerm\u00e1kovi byl a je velmi kritick\u00fd.<\/strong><\/span><\/p>\n<\/div>\n<div class=\"fulltext\">\n<p>Jeho zp\u016fsob komunikace je mi bytostn\u011b ciz\u00ed, nebo\u0165 je primitivn\u011b vulg\u00e1rn\u00ed a naprosto destruktivn\u00ed, co\u017e z principu nem\u016f\u017ee p\u0159in\u00e9st nic pozitivn\u00edho.<\/p>\n<p dir=\"auto\">V\u00fdzvy k jak\u00e9mukoliv p\u00e1ch\u00e1n\u00ed n\u00e1sil\u00ed u\u017e jsou pak zcela mimo moje ch\u00e1p\u00e1n\u00ed.<\/p>\n<p dir=\"auto\">Nicm\u00e9n\u011b i p\u0159esto mus\u00edm konstatovat, \u017ee rozsudek, jen\u017e jej m\u00e1 poslat za m\u0159\u00ed\u017ee na 5,5 roku za \u00fadajnou podporu terorismu pova\u017euji za<strong>\u00a0naprost\u00e9 fiasko na\u0161eho justi\u010dn\u00edho syst\u00e9mu<\/strong>\u00a0a vrcholnou formu pok\u0159iven\u00ed pr\u00e1vn\u00edho prost\u0159ed\u00ed v na\u0161\u00ed zemi v posledn\u00edch n\u011bkolika letech.<\/p>\n<p dir=\"auto\">Verb\u00e1ln\u00ed trestn\u00e9 \u010diny by m\u011bly b\u00fdt v\u017edy velmi pe\u010dliv\u011b posuzov\u00e1ny a nepodm\u00edn\u011bn\u00e9 tresty by m\u011bly b\u00fdt ukl\u00e1d\u00e1ny jen velmi v\u00fdjime\u010dn\u011b &#8211; v dan\u00e9m p\u0159\u00edpad\u011b trestn\u00e9ho \u010dinu podpory a propagace terorismu pouze tehdy, pokud se jedn\u00e1 o konkr\u00e9tn\u00ed \u010dinnost sm\u011b\u0159uj\u00edc\u00ed k napln\u011bn\u00ed zam\u00fd\u0161len\u00e9ho n\u00e1sledku, tedy ke sp\u00e1ch\u00e1n\u00ed konkr\u00e9tn\u00edho teroristick\u00e9ho \u010dinu.<\/p>\n<p dir=\"auto\"><strong>Od\u016fvodn\u011bn\u00ed ve stylu, \u017ee &#8222;n\u011bkoho mohlo skute\u010dn\u011b napadnout tuto v\u00fdzvu zrealizovat&#8220; je naprosto nedostate\u010dn\u00e9 a nesouladn\u00e9 se z\u00e1kladn\u00edmi principy trestn\u00edho pr\u00e1va.<\/strong><\/p>\n<p dir=\"auto\">\u010cerm\u00e1kovo pl\u00e1c\u00e1n\u00ed sil\u00e1ck\u00fdch \u0159e\u010d\u00ed mi v\u017edycky bylo proti srsti, nebo\u0165 t\u00edm obrovsky po\u0161kozoval seri\u00f3zn\u00ed \u010d\u00e1st sc\u00e9ny, kter\u00e1 se re\u00e1ln\u011b sna\u017eila o dosa\u017een\u00ed tolik pot\u0159ebn\u00e9ho uvoln\u011bn\u00ed \u0161roub\u016f covidov\u00e9 totality. Nicm\u00e9n\u011b poslat jej za to na 5,5 roku do krimin\u00e1lu, to je naprost\u00fd v\u00fdst\u0159el do tmy, jen\u017e s ve\u0161kerou vehemenc\u00ed odm\u00edt\u00e1m, a pova\u017euji jej za kardin\u00e1ln\u011b vadn\u00fd.<\/p>\n<p dir=\"auto\"><span style=\"font-size: 18pt;\"><strong>Pevn\u011b douf\u00e1m, \u017ee odvolac\u00ed soud vezme rozum do hrsti a tuhle \u0161\u00edlenost naprav\u00ed.<\/strong><\/span><\/p>\n<p dir=\"auto\">Pak je tu samoz\u0159ejm\u011b je\u0161t\u011b mo\u017enost dovol\u00e1n\u00ed k Nejvy\u0161\u0161\u00edmu soudu, kde jsem p\u0159ed ned\u00e1vnem usp\u011bl s kauzou Iva Osovsk\u00e9ho a kde v\u011b\u0159\u00edm, \u017ee by v p\u0159\u00edpad\u011b pou\u017eit\u00ed t\u00e9 spr\u00e1vn\u00e9 pr\u00e1vn\u00ed argumentace byl \u00fasp\u011bch pravd\u011bpodobn\u00fd i v tomto p\u0159\u00edpad\u011b &#8211; ov\u0161em\u00a0<strong>probl\u00e9m je v tom, \u017ee dovol\u00e1n\u00ed je mimo\u0159\u00e1dn\u00fdm opravn\u00fdm prost\u0159edkem, jeho\u017e projedn\u00e1n\u00ed trv\u00e1 cca 1 rok a je\u017e nem\u00e1 odkladn\u00fd \u00fa\u010dinek pro n\u00e1stup v\u00fdkonu trestu.<\/strong><\/p>\n<p dir=\"auto\">Tud\u00ed\u017e nezb\u00fdv\u00e1 ne\u017e v\u011b\u0159it, \u017ee se odvolac\u00ed sen\u00e1t nep\u0159iklon\u00ed k otrocky formalistick\u00e9mu v\u00fdkladu \u00a7312e tr. z\u00e1kon\u00edku a tenhle nesmysln\u011b p\u0159\u00edsn\u00fd rozsudek zm\u011bn\u00ed \u010di v pln\u00e9m rozsahu zru\u0161\u00ed.<\/p>\n<div class=\"x11i5rnm xat24cr x1mh8g0r x1vvkbs xtlvy1s x126k92a\">\n<p dir=\"auto\">A propos &#8211; kdy\u017e \u010cerm\u00e1k dostal 5,5 roku natvrdo za &#8222;vyt\u00e1hneme je a nah\u00e1z\u00edme do \u0159eky&#8220;,\u00a0<strong>kolik dostane Pavel Novotn\u00fd za jeho odpornou v\u00fdzvu k pod\u0159ez\u00e1n\u00ed \u010desk\u00fdch \u017een a d\u011bt\u00ed?<\/strong>\u00a0To by taky mohlo n\u011bkoho napadnout zrealizovat, ne?<\/p>\n<p dir=\"auto\"><span style=\"font-size: 18pt;\"><strong>Nebo v jeho p\u0159\u00edpad\u011b to bude klasicky zhodnoceno jen jako metafora a burcov\u00e1n\u00ed na\u0161ich spoluob\u010dan\u016f?<\/strong><\/span><\/p>\n<p dir=\"auto\"><img decoding=\"async\" loading=\"lazy\" class=\"alignnone size-full wp-image-1185\" src=\"http:\/\/www.infokuryr.cz\/n\/wp-content\/uploads\/2021\/04\/kuryr-podpis.png\" alt=\"\" width=\"84\" height=\"24\" \/><\/p>\n<\/div>\n<\/div>\n<p dir=\"auto\">\n<p dir=\"auto\">\n<p dir=\"auto\"><img decoding=\"async\" loading=\"lazy\" class=\"wp-image-19187 aligncenter\" src=\"http:\/\/www.infokuryr.cz\/n\/wp-content\/uploads\/2022\/12\/1-PRO-300x36.jpg\" alt=\"\" width=\"1258\" height=\"151\" srcset=\"https:\/\/www.infokuryr.cz\/n\/wp-content\/uploads\/2022\/12\/1-PRO-300x36.jpg 300w, https:\/\/www.infokuryr.cz\/n\/wp-content\/uploads\/2022\/12\/1-PRO.jpg 699w\" sizes=\"(max-width: 1258px) 100vw, 1258px\" \/><\/p>\n<p dir=\"auto\">\n<p dir=\"auto\">\n<p dir=\"auto\"><img decoding=\"async\" loading=\"lazy\" class=\"wp-image-24737 aligncenter\" src=\"http:\/\/www.infokuryr.cz\/n\/wp-content\/uploads\/2023\/03\/cesko_proti_bide2-239x300.png\" alt=\"\" width=\"857\" height=\"1076\" srcset=\"https:\/\/www.infokuryr.cz\/n\/wp-content\/uploads\/2023\/03\/cesko_proti_bide2-239x300.png 239w, https:\/\/www.infokuryr.cz\/n\/wp-content\/uploads\/2023\/03\/cesko_proti_bide2-816x1024.png 816w, https:\/\/www.infokuryr.cz\/n\/wp-content\/uploads\/2023\/03\/cesko_proti_bide2-768x964.png 768w, https:\/\/www.infokuryr.cz\/n\/wp-content\/uploads\/2023\/03\/cesko_proti_bide2.png 846w\" sizes=\"(max-width: 857px) 100vw, 857px\" \/><\/p>\n<p dir=\"auto\">\n<p dir=\"auto\">\n<p dir=\"auto\">\n","protected":false},"excerpt":{"rendered":"<p>Ti z v\u00e1s, kdo sleduj\u00ed d\u011bn\u00ed na sc\u00e9n\u011b protest\u016f v\u016f\u010di covidismu i sou\u010dasn\u00e9 p\u011btidemoli\u010dn\u00ed vl\u00e1d\u011b,&#8230;<\/p>\n","protected":false},"author":2,"featured_media":11759,"comment_status":"closed","ping_status":"closed","sticky":false,"template":"","format":"standard","meta":[],"categories":[6],"tags":[2992,2663,520],"_links":{"self":[{"href":"https:\/\/www.infokuryr.cz\/n\/wp-json\/wp\/v2\/posts\/25339"}],"collection":[{"href":"https:\/\/www.infokuryr.cz\/n\/wp-json\/wp\/v2\/posts"}],"about":[{"href":"https:\/\/www.infokuryr.cz\/n\/wp-json\/wp\/v2\/types\/post"}],"author":[{"embeddable":true,"href":"https:\/\/www.infokuryr.cz\/n\/wp-json\/wp\/v2\/users\/2"}],"replies":[{"embeddable":true,"href":"https:\/\/www.infokuryr.cz\/n\/wp-json\/wp\/v2\/comments?post=25339"}],"version-history":[{"count":0,"href":"https:\/\/www.infokuryr.cz\/n\/wp-json\/wp\/v2\/posts\/25339\/revisions"}],"wp:featuredmedia":[{"embeddable":true,"href":"https:\/\/www.infokuryr.cz\/n\/wp-json\/wp\/v2\/media\/11759"}],"wp:attachment":[{"href":"https:\/\/www.infokuryr.cz\/n\/wp-json\/wp\/v2\/media?parent=25339"}],"wp:term":[{"taxonomy":"category","embeddable":true,"href":"https:\/\/www.infokuryr.cz\/n\/wp-json\/wp\/v2\/categories?post=25339"},{"taxonomy":"post_tag","embeddable":true,"href":"https:\/\/www.infokuryr.cz\/n\/wp-json\/wp\/v2\/tags?post=25339"}],"curies":[{"name":"wp","href":"https:\/\/api.w.org\/{rel}","templated":true}]}}