{"id":25324,"date":"2023-03-30T01:04:01","date_gmt":"2023-03-29T23:04:01","guid":{"rendered":"http:\/\/www.infokuryr.cz\/n\/?p=25324"},"modified":"2023-03-29T17:09:19","modified_gmt":"2023-03-29T15:09:19","slug":"bbc-kritizovala-zpravu-o-odsouzenem-nasilnikovi-ktery-se-nyni-identifikuje-jako-zena","status":"publish","type":"post","link":"https:\/\/www.infokuryr.cz\/n\/2023\/03\/30\/bbc-kritizovala-zpravu-o-odsouzenem-nasilnikovi-ktery-se-nyni-identifikuje-jako-zena\/","title":{"rendered":"BBC kritizovala zpr\u00e1vu o odsouzen\u00e9m n\u00e1siln\u00edkovi, kter\u00fd se nyn\u00ed identifikuje jako \u017eena"},"content":{"rendered":"<div id=\"fb-root\"><\/div>\n<p><span style=\"font-size: 14pt;\"><strong>BBC i policie West Yorkshire ve sv\u00fdch zpr\u00e1v\u00e1ch o jeho odsouzen\u00ed za jeho nejnov\u011bj\u0161\u00ed zlo\u010diny odkazovaly na odsouzen\u00e9ho n\u00e1siln\u00edka Zaru Jade jako na \u017eenu.<\/strong><\/span><\/p>\n<p><span>BBC byla t\u011b\u017ece kritizov\u00e1na za sv\u00e9 zpr\u00e1vy o odsouzen\u00e9m n\u00e1siln\u00edkovi, kter\u00fd se identifikuje jako \u017eena, kter\u00e1 byla v \u00fater\u00fd uv\u011bzn\u011bna na dev\u011bt let pot\u00e9, co se p\u0159iznala, \u017ee pobodala zranitelnou ob\u011b\u0165 p\u0159edt\u00edm, ne\u017e ji p\u0159iv\u00e1zala k \u017eidli v byt\u011b ve m\u011bst\u011b West Yorkshire v Halifaxu a po\u017eadovala hotovost.<\/span><\/p>\n<p><span>Odsouzen\u00fdm je mu\u017e, kter\u00fd byl v minulosti uv\u011bzn\u011bn za zn\u00e1siln\u011bn\u00ed a jin\u00e9 sexu\u00e1ln\u00ed delikty a nyn\u00ed si \u0159\u00edk\u00e1 Zara Jade.\u00a0Sv\u016fj \u010das si odpyk\u00e1 v mu\u017esk\u00e9m v\u011bzen\u00ed.<\/span><\/p>\n<p><span>Ve\u0159ejnopr\u00e1vn\u00ed stanice nejprve vedla titulkem \u201e\u017dena z Halifaxu uv\u011bzn\u011bna pot\u00e9, co pobodala a sv\u00e1zala ob\u011b\u0165\u201c, co\u017e vyvolalo hn\u011bv a v\u00fdsm\u011bch u \u0159ady u\u017eivatel\u016f soci\u00e1ln\u00edch s\u00edt\u00ed, kte\u0159\u00ed \u010dl\u00e1nek komentovali.<\/span><\/p>\n<figure class=\"wp-block-embed is-type-rich is-provider-twitter wp-block-embed-twitter\">\n<div class=\"wp-block-embed__wrapper\">\n<div class=\"twitter-tweet twitter-tweet-rendered\"><iframe id=\"twitter-widget-0\" class=\"\" title=\"Twitter Tweet\" src=\"https:\/\/platform.twitter.com\/embed\/Tweet.html?dnt=true&amp;embedId=twitter-widget-0&amp;features=eyJ0ZndfdGltZWxpbmVfbGlzdCI6eyJidWNrZXQiOltdLCJ2ZXJzaW9uIjpudWxsfSwidGZ3X2ZvbGxvd2VyX2NvdW50X3N1bnNldCI6eyJidWNrZXQiOnRydWUsInZlcnNpb24iOm51bGx9LCJ0ZndfdHdlZXRfZWRpdF9iYWNrZW5kIjp7ImJ1Y2tldCI6Im9uIiwidmVyc2lvbiI6bnVsbH0sInRmd19yZWZzcmNfc2Vzc2lvbiI6eyJidWNrZXQiOiJvbiIsInZlcnNpb24iOm51bGx9LCJ0ZndfbWl4ZWRfbWVkaWFfMTU4OTciOnsiYnVja2V0IjoidHJlYXRtZW50IiwidmVyc2lvbiI6bnVsbH0sInRmd19leHBlcmltZW50c19jb29raWVfZXhwaXJhdGlvbiI6eyJidWNrZXQiOjEyMDk2MDAsInZlcnNpb24iOm51bGx9LCJ0ZndfZHVwbGljYXRlX3NjcmliZXNfdG9fc2V0dGluZ3MiOnsiYnVja2V0Ijoib24iLCJ2ZXJzaW9uIjpudWxsfSwidGZ3X3ZpZGVvX2hsc19keW5hbWljX21hbmlmZXN0c18xNTA4MiI6eyJidWNrZXQiOiJ0cnVlX2JpdHJhdGUiLCJ2ZXJzaW9uIjpudWxsfSwidGZ3X2xlZ2FjeV90aW1lbGluZV9zdW5zZXQiOnsiYnVja2V0Ijp0cnVlLCJ2ZXJzaW9uIjpudWxsfSwidGZ3X3R3ZWV0X2VkaXRfZnJvbnRlbmQiOnsiYnVja2V0Ijoib24iLCJ2ZXJzaW9uIjpudWxsfX0%3D&amp;frame=false&amp;hideCard=false&amp;hideThread=false&amp;id=1640625011168870401&amp;lang=cs&amp;origin=https%3A%2F%2Frmx.news%2Farticle%2Fbbc-slammed-for-its-reporting-of-convicted-rapist-now-identifying-as-a-woman%2F&amp;sessionId=2a52acc7dc95ae0be00e234eef81a4fa408c428a&amp;theme=light&amp;widgetsVersion=aaf4084522e3a%3A1674595607486&amp;width=550px\" frameborder=\"0\" scrolling=\"no\" allowfullscreen=\"allowfullscreen\" data-tweet-id=\"1640625011168870401\" data-mce-fragment=\"1\"><\/iframe><\/div>\n<\/div>\n<\/figure>\n<p><span>Calvin John Robinson, britsk\u00fd konzervativn\u00ed politick\u00fd koment\u00e1tor a j\u00e1hen ve Free Church of England, napsal: \u201eTo mysl\u00edte v\u00e1\u017en\u011b?\u00a0Tento mu\u017e je dravec.\u00a0On nen\u00ed \u017eena.\u00a0Sty\u010f se.&#8220;<\/span><\/p>\n<p><span>B\u00fdval\u00fd europoslanec za Brexit Martin Daubney dodal: \u201eJe to chlap.\u00a0P\u0159esta\u0148te chlap\u016fm \u0159\u00edkat \u017eeny.\u00a0Tahle \u0161\u00edlen\u00e1 misogynie mus\u00ed skon\u010dit!&#8220;<\/span><\/p>\n<p><span>&#8222;Ne jako kter\u00e1koli \u017eena z Halifaxu, kterou jsem kdy vid\u011bl,&#8220; komentoval b\u00fdval\u00fd dlouholet\u00fd moder\u00e1tor Sky News Colin Brazier.<\/span><\/p>\n<p><span>&#8222;Napsal tento \u010dl\u00e1nek n\u011bjak\u00fd levicov\u011b sm\u00fd\u0161lej\u00edc\u00ed modrovlas\u00fd chrapl\u00e1k se z\u00e1jmenem?&#8220;\u00a0zeptal se fejetonista Carl Marsh.<\/span><\/p>\n<p><span>Jin\u00ed u\u017eivatel\u00e9 se dokonce ptali, zda byl ov\u011b\u0159en\u00fd twitterov\u00fd \u00fa\u010det BBC hacknut kv\u016fli povaze hl\u00e1\u0161en\u00ed.<\/span><\/p>\n<p><span>\u010cl\u00e1nek byl od t\u00e9 doby siln\u011b upraven kv\u016fli odporu, kter\u00fd obdr\u017eel.\u00a0P\u0159i\u00a0<\/span><a class=\"ek-link\" href=\"https:\/\/web.archive.org\/web\/20230328080254\/https:\/\/www.bbc.com\/news\/uk-england-leeds-65097013\"><span>prvn\u00edm zve\u0159ejn\u011bn\u00ed<\/span><\/a><span>\u00a0zpr\u00e1va uvedla, \u017ee \u201e\u017eena, kter\u00e1 ubodala svou zranitelnou ob\u011b\u0165 p\u0159edt\u00edm, ne\u017e ji p\u0159iv\u00e1zala k \u017eidli a po\u017eadovala hotovost, byla uv\u011bzn\u011bna\u201c, ani\u017e by bezprost\u0159edn\u011b odkazovala na skute\u010dnost, \u017ee Zara Jade je leg\u00e1ln\u011b mu\u017e a m\u00e1 mu\u017esk\u00e9 genit\u00e1lie.<\/span><\/p>\n<p><span>Od t\u00e9 doby byla upravena tak, aby zmi\u0148ovala, \u017ee Jade je \u201etransgender \u017eena\u201c v \u010dele, krom\u011b vysv\u011btlen\u00ed, \u017ee odsouzen\u00fd n\u00e1siln\u00edk si nyn\u00ed odpyk\u00e1v\u00e1 sv\u016fj \u010das v mu\u017esk\u00e9m v\u011bzen\u00ed.<\/span><\/p>\n<p><span>Viralita p\u0159\u00edsp\u011bvku rozpoutala debatu o tom, jak by m\u011bly b\u00fdt hl\u00e1\u0161eny zlo\u010diny mu\u017e\u016f, kte\u0159\u00ed se identifikuj\u00ed jako \u017eeny.<\/span><\/p>\n<p><span>Nebyla to jen BBC.\u00a0Policie West Yorkshire tak\u00e9 vydala\u00a0<\/span><a class=\"ek-link\" href=\"https:\/\/www.westyorkshire.police.uk\/news-appeals\/woman-jailed-multiple-domestic-abuse-offences-calderdale\"><span>odsuzuj\u00edc\u00ed zpr\u00e1vu<\/span><\/a><span>\u00a0nazvanou: \u201e\u017dena uv\u011bzn\u011bna za mnoho\u010detn\u00e9 dom\u00e1c\u00ed zneu\u017e\u00edv\u00e1n\u00ed\u201c a v\u016fbec se nezmi\u0148ovala o tom, \u017ee doty\u010dn\u00e1 \u017eena je ve skute\u010dnosti mu\u017e s mu\u017esk\u00fdmi genit\u00e1liemi, kter\u00fd byl ji\u017e d\u0159\u00edve odsouzen za zn\u00e1siln\u011bn\u00ed a dal\u0161\u00ed z\u00e1va\u017en\u00e9 sexu\u00e1ln\u00ed trestn\u00e9 \u010diny. p\u0159estupky.<\/span><\/p>\n<p><span>M\u00edstn\u00ed zpravodajsk\u00fd server\u00a0<\/span><a class=\"ek-link\" href=\"https:\/\/www.examinerlive.co.uk\/news\/west-yorkshire-news\/drunk-woman-54-ties-victim-26568792\"><span>YorkshireLive<\/span><\/a><span>\u00a0tak\u00e9 psal v podobn\u00e9m duchu a vedl s titulkem: \u201eOpil\u00e1 \u017eena (54) p\u0159iv\u00e1\u017ee ob\u011b\u0165 k \u017eidli a ubod\u00e1 ji, ne\u017e j\u00ed ukradne pen\u00edze.<\/span><\/p>\n<p><span>Britsk\u00fd ministr spravedlnosti Dominic Raab ozn\u00e1mil v \u0159\u00edjnu lo\u0148sk\u00e9ho roku nov\u00e9 reformy t\u00fdkaj\u00edc\u00ed se p\u0159id\u011blov\u00e1n\u00ed transgender v\u011bz\u0148\u016f nebo v\u011bz\u0148\u016f identifikuj\u00edc\u00edch se jako opa\u010dn\u00e9 pohlav\u00ed.\u00a0Podle pl\u00e1n\u016f nyn\u00ed existuje siln\u00fd p\u0159edpoklad, \u017ee mu\u017ei, tedy kdokoli s mu\u017esk\u00fdmi genit\u00e1liemi, nebo transgender \u017eeny, kter\u00e9 byly odsouzeny za sexu\u00e1ln\u00ed delikt, by si m\u011bli odpykat sv\u016fj \u010das v mu\u017esk\u00fdch v\u011bznic\u00edch.<\/span><\/p>\n<p><span>\u201eBezpe\u010dnost v\u0161ech v\u011bz\u0148\u016f je prvo\u0159ad\u00e1.\u00a0Tyto zm\u011bny zajist\u00ed citliv\u00fd a rozumn\u00fd p\u0159\u00edstup k napl\u0148ov\u00e1n\u00ed pot\u0159eb \u017een ve vazb\u011b, zat\u00edmco budeme i nad\u00e1le zaji\u0161\u0165ovat, aby transgender v\u011bze\u0148kyn\u011b byly n\u00e1le\u017eit\u011b podporov\u00e1ny v jak\u00e9mkoli panstv\u00ed, kde se nach\u00e1zej\u00ed,\u201c uvedlo v lednu zve\u0159ejn\u011bn\u00e9 prohl\u00e1\u0161en\u00ed ministerstva spravedlnosti.<\/span><\/p>\n<p><img decoding=\"async\" loading=\"lazy\" class=\"alignnone size-full wp-image-1185\" src=\"http:\/\/www.infokuryr.cz\/n\/wp-content\/uploads\/2021\/04\/kuryr-podpis.png\" alt=\"\" width=\"84\" height=\"24\" \/><\/p>\n<p>&nbsp;<\/p>\n<p><img decoding=\"async\" loading=\"lazy\" class=\"wp-image-19187 aligncenter\" src=\"http:\/\/www.infokuryr.cz\/n\/wp-content\/uploads\/2022\/12\/1-PRO-300x36.jpg\" alt=\"\" width=\"675\" height=\"81\" srcset=\"https:\/\/www.infokuryr.cz\/n\/wp-content\/uploads\/2022\/12\/1-PRO-300x36.jpg 300w, https:\/\/www.infokuryr.cz\/n\/wp-content\/uploads\/2022\/12\/1-PRO.jpg 699w\" sizes=\"(max-width: 675px) 100vw, 675px\" \/><\/p>\n<p>&nbsp;<\/p>\n<p><img decoding=\"async\" loading=\"lazy\" class=\"wp-image-24737 aligncenter\" src=\"http:\/\/www.infokuryr.cz\/n\/wp-content\/uploads\/2023\/03\/cesko_proti_bide2-239x300.png\" alt=\"\" width=\"575\" height=\"723\" srcset=\"https:\/\/www.infokuryr.cz\/n\/wp-content\/uploads\/2023\/03\/cesko_proti_bide2-239x300.png 239w, https:\/\/www.infokuryr.cz\/n\/wp-content\/uploads\/2023\/03\/cesko_proti_bide2-816x1024.png 816w, https:\/\/www.infokuryr.cz\/n\/wp-content\/uploads\/2023\/03\/cesko_proti_bide2-768x964.png 768w, https:\/\/www.infokuryr.cz\/n\/wp-content\/uploads\/2023\/03\/cesko_proti_bide2.png 846w\" sizes=\"(max-width: 575px) 100vw, 575px\" \/><\/p>\n<p>&nbsp;<\/p>\n<p>&nbsp;<\/p>\n","protected":false},"excerpt":{"rendered":"<p>BBC i policie West Yorkshire ve sv\u00fdch zpr\u00e1v\u00e1ch o jeho odsouzen\u00ed za jeho nejnov\u011bj\u0161\u00ed zlo\u010diny&#8230;<\/p>\n","protected":false},"author":2,"featured_media":25325,"comment_status":"closed","ping_status":"closed","sticky":false,"template":"","format":"standard","meta":[],"categories":[7],"tags":[767,1884,1214,1668],"_links":{"self":[{"href":"https:\/\/www.infokuryr.cz\/n\/wp-json\/wp\/v2\/posts\/25324"}],"collection":[{"href":"https:\/\/www.infokuryr.cz\/n\/wp-json\/wp\/v2\/posts"}],"about":[{"href":"https:\/\/www.infokuryr.cz\/n\/wp-json\/wp\/v2\/types\/post"}],"author":[{"embeddable":true,"href":"https:\/\/www.infokuryr.cz\/n\/wp-json\/wp\/v2\/users\/2"}],"replies":[{"embeddable":true,"href":"https:\/\/www.infokuryr.cz\/n\/wp-json\/wp\/v2\/comments?post=25324"}],"version-history":[{"count":0,"href":"https:\/\/www.infokuryr.cz\/n\/wp-json\/wp\/v2\/posts\/25324\/revisions"}],"wp:featuredmedia":[{"embeddable":true,"href":"https:\/\/www.infokuryr.cz\/n\/wp-json\/wp\/v2\/media\/25325"}],"wp:attachment":[{"href":"https:\/\/www.infokuryr.cz\/n\/wp-json\/wp\/v2\/media?parent=25324"}],"wp:term":[{"taxonomy":"category","embeddable":true,"href":"https:\/\/www.infokuryr.cz\/n\/wp-json\/wp\/v2\/categories?post=25324"},{"taxonomy":"post_tag","embeddable":true,"href":"https:\/\/www.infokuryr.cz\/n\/wp-json\/wp\/v2\/tags?post=25324"}],"curies":[{"name":"wp","href":"https:\/\/api.w.org\/{rel}","templated":true}]}}