{"id":2531,"date":"2021-06-15T06:03:32","date_gmt":"2021-06-15T04:03:32","guid":{"rendered":"http:\/\/www.infokuryr.cz\/n\/?p=2531"},"modified":"2021-06-15T06:03:32","modified_gmt":"2021-06-15T04:03:32","slug":"aerolinky-ve-spanelsku-a-rusku-doporucuji-ockovanym-lidem-neletat","status":"publish","type":"post","link":"https:\/\/www.infokuryr.cz\/n\/2021\/06\/15\/aerolinky-ve-spanelsku-a-rusku-doporucuji-ockovanym-lidem-neletat\/","title":{"rendered":"Aerolinky ve \u0160pan\u011blsku a Rusku doporu\u010duj\u00ed o\u010dkovan\u00fdm lidem nel\u00e9tat"},"content":{"rendered":"<div id=\"fb-root\"><\/div>\n<p><strong>Ve zkratce&#8230; Aerolinky ve \u0160pan\u011blsku a Rusku doporu\u010duj\u00ed o\u010dkovan\u00fdm proti covidu nel\u00e9tat z d\u016fvodu rizika vzniku krevn\u00edch sra\u017eenin. V\u00edce ve videu.<\/strong><\/p>\n<div class=\"item-page\">\n<div class=\"f2c-maintext\">\n<p>P\u0159epis:<\/p>\n<p>Zde je dal\u0161\u00ed nep\u0159\u00edjemn\u00e1 pravda. Aerolinky v n\u011bkter\u00fdch \u010d\u00e1stech sv\u011bta nyn\u00ed rad\u00ed o\u010dkovan\u00fdm lidem, aby nel\u00e9tali. Ano, sly\u0161eli jste m\u011b spr\u00e1vn\u011b. Aerolinky ve \u0160pan\u011blsku a Rusku varuj\u00ed o\u010dkovan\u00fdm proti koronaviru, aby nel\u00e9tali kv\u016fli riziku krevn\u00edch sra\u017eenin. To je zn\u00e1m\u00e9 riziko d\u00e1lkov\u00fdch let\u016f, ale je to je\u0161t\u011b zhor\u0161eno potenci\u00e1ln\u00edmi vedlej\u0161\u00edmi \u00fa\u010dinky, tvorbou krevn\u00edch sra\u017eenin u \u201evakc\u00edn\u201d proti covidu. Je to jen dal\u0161\u00ed zn\u00e1mka toho, \u017ee u\u017e opravdu neexistuje nikdo z ve\u0159ejn\u00fdch \u010dinitel\u016f, kter\u00fdm m\u016f\u017eete skute\u010dn\u011b v\u011b\u0159it.<\/p>\n<p>A v tom spo\u010d\u00edv\u00e1 probl\u00e9m. Glob\u00e1ln\u00ed tlak sm\u011b\u0159uje k pos\u00edlen\u00ed t\u011bch, kte\u0159\u00ed jsou jasn\u011b ned\u016fv\u011bryhodn\u00ed, s je\u0161t\u011b v\u011bt\u0161\u00ed autoritou a kontrolou nad n\u00e1mi v\u0161emi. Tito lid\u00e9 ji\u017e p\u0159episuj\u00ed historii tak, aby jim vyhovovala, tr\u00e1v\u00ed mysl na\u0161ich d\u011bt\u00ed nebezpe\u010dnou a \u0161kodlivou koncepc\u00ed rasy a zm\u011bny pohlav\u00ed ve \u0161kol\u00e1ch.<\/p>\n<p>Nyn\u00ed trvaj\u00ed na tom, abychom se podrobili glob\u00e1ln\u00edmu l\u00e9ka\u0159sk\u00e9mu experimentu, kter\u00fd jim umo\u017en\u00ed uk\u00e1zat, \u017ee d\u011blaj\u00ed n\u011bco v\u00edc, ne\u017e je zku\u0161en\u00e9 odhady, pro\u010d to vlastn\u011b d\u011blaj\u00ed? Po cel\u00e1 desetilet\u00ed tito totalit\u00e1\u0159i d\u011blaj\u00ed d\u011btsk\u00e9 kr\u016f\u010dky ke sv\u00e9mu kone\u010dn\u00e9mu c\u00edli. Ale te\u010f sprintuj\u00ed k c\u00edlov\u00e9 \u010d\u00e1\u0159e. C\u00edt\u00ed, \u017ee v\u00edt\u011bzstv\u00ed maj\u00ed t\u00e9m\u011b\u0159 na dosah. Nyn\u00ed je tedy na n\u00e1s, abychom toto \u0161\u00edlenstv\u00ed zastavili. Nem\u016f\u017eeme se spol\u00e9hat na vl\u00e1du, \u017ee to ud\u011bl\u00e1 za n\u00e1s, proto\u017ee vl\u00e1dy jsou ve skute\u010dnosti podstatnou sou\u010d\u00e1st\u00ed probl\u00e9mu.<\/p>\n<p>Pot\u0159ebujeme m\u00e9n\u011b jich a pot\u0159ebujeme v\u00edce z n\u00e1s. My, jednotlivci, kte\u0159\u00ed bychom m\u011bli d\u011blat sv\u00e1 vlastn\u00ed rozhodnut\u00ed, kte\u0159\u00ed se dok\u00e1\u017eeme zbavit z\u00e1vislosti na vl\u00e1d\u011b, a j\u00edt tak sm\u011brem k individu\u00e1ln\u00ed autonomii a decentralizovan\u00e9mu \u0159\u00edzen\u00ed. A agenda decentralizace se rychle objevuje. V\u011bt\u0161inou prost\u0159ednictv\u00edm technologie blockchain\u2026 ta zm\u011bn\u00ed celou v\u011bc. A toho se vl\u00e1da boj\u00ed nejv\u00edce. To zp\u016fsob\u00ed, \u017ee ti naho\u0159e, kte\u0159\u00ed nad n\u00e1mi vyu\u017e\u00edvaj\u00ed moc, budou nadbyte\u010dn\u00ed. Radik\u00e1ln\u011b to zm\u011bn\u00ed obchodov\u00e1n\u00ed, pen\u00edze a informace, jak to zn\u00e1me.<\/p>\n<p>P\u0159inese to zp\u011bt do syst\u00e9mu pevnou d\u016fv\u011bru a z\u00e1rove\u0148 umo\u017en\u00ed vl\u00e1dnout svobod\u011b. I kdy\u017e se sna\u017e\u00ed zabr\u00e1nit zvon\u016fm svobody, aby zvonily, sou\u010dasn\u00e9 mocensk\u00e9 struktury nemohou zastavit to, co p\u0159ich\u00e1z\u00ed. Proto zdvojn\u00e1sobily sv\u00e9 snahy k prosazen\u00ed sv\u00e9 agendy. Ale jejich un\u00e1hlenost jen odhalila jejich slabiny a jejich pokrytectv\u00ed. Lid\u00e9 se probud\u00ed \u2013 pomalu, ale jist\u011b. A toho se tito plutokrati\u010dt\u00ed elit\u00e1\u0159i boj\u00ed nejv\u00edce.<\/p>\n<p><a href=\"https:\/\/www.skynews.com.au\/details\/_6258355702001\" target=\"_blank\" rel=\"noreferrer noopener\">Zdroj: Sky News<\/a><\/p>\n<p><iframe loading=\"lazy\" src=\"https:\/\/player.vimeo.com\/video\/562668884\" width=\"707\" height=\"390\" frameborder=\"0\" allowfullscreen=\"allowfullscreen\" data-mce-fragment=\"1\"><\/iframe><ins class=\"adsbygoogle\" data-ad-layout=\"in-article\" data-ad-format=\"fluid\" data-ad-client=\"ca-pub-3629013881997344\" data-ad-slot=\"2643939390\" data-adsbygoogle-status=\"done\" data-ad-status=\"filled\"><ins id=\"aswift_2_expand\" tabindex=\"0\" title=\"Advertisement\" aria-label=\"Advertisement\"><ins id=\"aswift_2_anchor\"><\/ins><\/ins><\/ins><\/div>\n<\/div>\n<div id=\"module103\" class=\"module\">\n<h3 class=\"module-title\"><span style=\"font-size: 12pt;\">OTEVRISVOUMYSL\u00a0<\/span><\/h3>\n<div class=\"module-body\">\n<div id=\"phoca-facebook-comments\"><\/div>\n<\/div>\n<\/div>\n","protected":false},"excerpt":{"rendered":"<p>Ve zkratce&#8230; Aerolinky ve \u0160pan\u011blsku a Rusku doporu\u010duj\u00ed o\u010dkovan\u00fdm proti covidu nel\u00e9tat z d\u016fvodu rizika&#8230;<\/p>\n","protected":false},"author":2,"featured_media":2532,"comment_status":"closed","ping_status":"closed","sticky":false,"template":"","format":"standard","meta":[],"categories":[7],"tags":[631,23,219,213,22,440],"_links":{"self":[{"href":"https:\/\/www.infokuryr.cz\/n\/wp-json\/wp\/v2\/posts\/2531"}],"collection":[{"href":"https:\/\/www.infokuryr.cz\/n\/wp-json\/wp\/v2\/posts"}],"about":[{"href":"https:\/\/www.infokuryr.cz\/n\/wp-json\/wp\/v2\/types\/post"}],"author":[{"embeddable":true,"href":"https:\/\/www.infokuryr.cz\/n\/wp-json\/wp\/v2\/users\/2"}],"replies":[{"embeddable":true,"href":"https:\/\/www.infokuryr.cz\/n\/wp-json\/wp\/v2\/comments?post=2531"}],"version-history":[{"count":0,"href":"https:\/\/www.infokuryr.cz\/n\/wp-json\/wp\/v2\/posts\/2531\/revisions"}],"wp:featuredmedia":[{"embeddable":true,"href":"https:\/\/www.infokuryr.cz\/n\/wp-json\/wp\/v2\/media\/2532"}],"wp:attachment":[{"href":"https:\/\/www.infokuryr.cz\/n\/wp-json\/wp\/v2\/media?parent=2531"}],"wp:term":[{"taxonomy":"category","embeddable":true,"href":"https:\/\/www.infokuryr.cz\/n\/wp-json\/wp\/v2\/categories?post=2531"},{"taxonomy":"post_tag","embeddable":true,"href":"https:\/\/www.infokuryr.cz\/n\/wp-json\/wp\/v2\/tags?post=2531"}],"curies":[{"name":"wp","href":"https:\/\/api.w.org\/{rel}","templated":true}]}}