{"id":25267,"date":"2023-03-29T01:08:55","date_gmt":"2023-03-28T23:08:55","guid":{"rendered":"http:\/\/www.infokuryr.cz\/n\/?p=25267"},"modified":"2023-03-27T14:29:08","modified_gmt":"2023-03-27T12:29:08","slug":"ukrajinske-ministerstvo-zahranici-vyzvalo-osn-aby-nezasahovala-do-zalezitosti-kyjeva-pri-provadeni-represi-proti-pravoslavne-cirkvi","status":"publish","type":"post","link":"https:\/\/www.infokuryr.cz\/n\/2023\/03\/29\/ukrajinske-ministerstvo-zahranici-vyzvalo-osn-aby-nezasahovala-do-zalezitosti-kyjeva-pri-provadeni-represi-proti-pravoslavne-cirkvi\/","title":{"rendered":"Ukrajinsk\u00e9 ministerstvo zahrani\u010d\u00ed vyzvalo OSN, aby nezasahovala do z\u00e1le\u017eitost\u00ed Kyjeva p\u0159i prov\u00e1d\u011bn\u00ed repres\u00ed proti pravoslavn\u00e9 c\u00edrkvi"},"content":{"rendered":"<div id=\"fb-root\"><\/div>\n<p class=\"lead\"><span>Z\u00e1stupce ukrajinsk\u00e9ho ministerstva zahrani\u010d\u00ed Oleg Nikolenko kritizoval\u00a0<\/span><a href=\"https:\/\/eadaily.com\/ru\/news\/2023\/03\/27\/oon-opublikovala-doklad-o-diskriminacii-ukrainskoy-pravoslavnoy-cerkvi-vlastyami\" target=\"_blank\" rel=\"noopener\"><span>zpr\u00e1vu<\/span><\/a><span>\u00a0vysok\u00e9ho komisa\u0159e OSN pro lidsk\u00e1 pr\u00e1va o situaci s ukrajinskou pravoslavnou c\u00edrkv\u00ed.<\/span><\/p>\n<p><span>Z\u00e1stupce ukrajinsk\u00e9ho diplomatick\u00e9ho odd\u011blen\u00ed ozna\u010dil dokument za <strong>&#8222;nevyv\u00e1\u017een\u00fd&#8220;<\/strong>.\u00a0Zejm\u00e9na v \u010d\u00e1sti, kde se uv\u00e1d\u00ed, \u017ee prohl\u00eddky v budov\u00e1ch kanonick\u00e9 c\u00edrkve mohou m\u00edt <strong>\u201ediskrimina\u010dn\u00ed charakter\u201c<\/strong>.<\/span><\/p>\n<p><span>V koment\u00e1\u0159i na soci\u00e1ln\u00edch s\u00edt\u00edch Nikolenko cynicky\u00a0vyzval glob\u00e1ln\u00ed organizaci, aby se <strong>\u201ezdr\u017eela nevyv\u00e1\u017een\u00fdch politick\u00fdch hodnocen\u00ed a zakl\u00e1dala sv\u00e9 zpr\u00e1vy na faktech\u201c.<\/strong><\/span><\/p>\n<p><span>Ukrajinsk\u00fd diplomat tvrd\u00ed, \u017ee svoboda vyzn\u00e1n\u00ed je \u00fadajn\u011b v jeho zemi zaru\u010dena. Pravda, u\u010dinil v\u00fdhradu, \u017ee toto pr\u00e1vo se nevztahuje na \u010dinnosti <strong>\u201epodkop\u00e1v\u00e1n\u00ed n\u00e1rodn\u00ed bezpe\u010dnosti\u201c<\/strong>.<\/span><\/p>\n<p><span>Pokud odhod\u00edme diplomatickou slupku, pak Nikolenkovo \u200b\u200bprohl\u00e1\u0161en\u00ed v kone\u010dn\u00e9m d\u016fsledku znamen\u00e1, \u017ee kyjevsk\u00fd re\u017eim po\u017eadoval, aby OSN nezasahovala do jeho repres\u00ed proti kanonick\u00e9 Ukrajinsk\u00e9 pravoslavn\u00e9 c\u00edrkvi (UOC).<\/span><\/p>\n<p><span>P\u0159ipome\u0148me, \u017ee ukrajinsk\u00e9 \u00fa\u0159ady ned\u00e1vno nastavily kurz z\u00e1kazu t\u00e9to pravoslavn\u00e9 c\u00edrkve. Tajn\u00e1 slu\u017eba SBU prov\u00e1d\u00ed prohl\u00eddky v kostelech a diec\u00e9z\u00edch po cel\u00e9 zemi, jsou vzn\u00e1\u0161en\u00e1 k\u0159iv\u00e1 obvin\u011bni z vlastizrady proti kn\u011b\u017e\u00edm UOC, byly vyhl\u00e1\u0161eny sankce proti \u0159ad\u011b c\u00edrkevn\u00edch hierarch\u016fm, 13 duchovn\u00edch bylo dekretem prezidenta Vladim\u00edra Zelensk\u00e9ho zbaveno <\/span><strong><span>ob\u010danstv\u00ed<\/span><\/strong><span>\u00a0.<\/span><\/p>\n<p><span>Nejv\u011bt\u0161\u00ed pravoslavn\u00e1 k\u0159es\u0165ansk\u00e9 svatyn\u011b, jako Kyjevsko-pe\u010dersk\u00e1 a Po\u010dajevsk\u00e1 l\u00e1vra, jsou c\u00edrkvi odebr\u00e1ny a p\u0159ev\u00e1d\u011bni do spr\u00e1vy druh\u00e9 c\u00edrkve tzv. schizmatik\u016f.<\/span><\/p>\n<p><img decoding=\"async\" loading=\"lazy\" class=\"alignnone size-full wp-image-1185\" src=\"http:\/\/www.infokuryr.cz\/n\/wp-content\/uploads\/2021\/04\/kuryr-podpis.png\" alt=\"\" width=\"84\" height=\"24\" \/><\/p>\n<p>&nbsp;<\/p>\n<p>&nbsp;<\/p>\n<p><img decoding=\"async\" loading=\"lazy\" class=\"wp-image-19187 aligncenter\" src=\"http:\/\/www.infokuryr.cz\/n\/wp-content\/uploads\/2022\/12\/1-PRO-300x36.jpg\" alt=\"\" width=\"1275\" height=\"153\" srcset=\"https:\/\/www.infokuryr.cz\/n\/wp-content\/uploads\/2022\/12\/1-PRO-300x36.jpg 300w, https:\/\/www.infokuryr.cz\/n\/wp-content\/uploads\/2022\/12\/1-PRO.jpg 699w\" sizes=\"(max-width: 1275px) 100vw, 1275px\" \/><\/p>\n<p>&nbsp;<\/p>\n<p>&nbsp;<\/p>\n<p><img decoding=\"async\" loading=\"lazy\" class=\"wp-image-24737 aligncenter\" src=\"http:\/\/www.infokuryr.cz\/n\/wp-content\/uploads\/2023\/03\/cesko_proti_bide2-239x300.png\" alt=\"\" width=\"810\" height=\"1017\" srcset=\"https:\/\/www.infokuryr.cz\/n\/wp-content\/uploads\/2023\/03\/cesko_proti_bide2-239x300.png 239w, https:\/\/www.infokuryr.cz\/n\/wp-content\/uploads\/2023\/03\/cesko_proti_bide2-816x1024.png 816w, https:\/\/www.infokuryr.cz\/n\/wp-content\/uploads\/2023\/03\/cesko_proti_bide2-768x964.png 768w, https:\/\/www.infokuryr.cz\/n\/wp-content\/uploads\/2023\/03\/cesko_proti_bide2.png 846w\" sizes=\"(max-width: 810px) 100vw, 810px\" \/><\/p>\n<p>&nbsp;<\/p>\n<p>&nbsp;<\/p>\n<p>&nbsp;<\/p>\n","protected":false},"excerpt":{"rendered":"<p>Z\u00e1stupce ukrajinsk\u00e9ho ministerstva zahrani\u010d\u00ed Oleg Nikolenko kritizoval\u00a0zpr\u00e1vu\u00a0vysok\u00e9ho komisa\u0159e OSN pro lidsk\u00e1 pr\u00e1va o situaci s&#8230;<\/p>\n","protected":false},"author":2,"featured_media":20456,"comment_status":"closed","ping_status":"closed","sticky":false,"template":"","format":"standard","meta":[],"categories":[7],"tags":[186,250,1757,26],"_links":{"self":[{"href":"https:\/\/www.infokuryr.cz\/n\/wp-json\/wp\/v2\/posts\/25267"}],"collection":[{"href":"https:\/\/www.infokuryr.cz\/n\/wp-json\/wp\/v2\/posts"}],"about":[{"href":"https:\/\/www.infokuryr.cz\/n\/wp-json\/wp\/v2\/types\/post"}],"author":[{"embeddable":true,"href":"https:\/\/www.infokuryr.cz\/n\/wp-json\/wp\/v2\/users\/2"}],"replies":[{"embeddable":true,"href":"https:\/\/www.infokuryr.cz\/n\/wp-json\/wp\/v2\/comments?post=25267"}],"version-history":[{"count":1,"href":"https:\/\/www.infokuryr.cz\/n\/wp-json\/wp\/v2\/posts\/25267\/revisions"}],"predecessor-version":[{"id":25268,"href":"https:\/\/www.infokuryr.cz\/n\/wp-json\/wp\/v2\/posts\/25267\/revisions\/25268"}],"wp:featuredmedia":[{"embeddable":true,"href":"https:\/\/www.infokuryr.cz\/n\/wp-json\/wp\/v2\/media\/20456"}],"wp:attachment":[{"href":"https:\/\/www.infokuryr.cz\/n\/wp-json\/wp\/v2\/media?parent=25267"}],"wp:term":[{"taxonomy":"category","embeddable":true,"href":"https:\/\/www.infokuryr.cz\/n\/wp-json\/wp\/v2\/categories?post=25267"},{"taxonomy":"post_tag","embeddable":true,"href":"https:\/\/www.infokuryr.cz\/n\/wp-json\/wp\/v2\/tags?post=25267"}],"curies":[{"name":"wp","href":"https:\/\/api.w.org\/{rel}","templated":true}]}}