{"id":25252,"date":"2023-03-29T01:02:34","date_gmt":"2023-03-28T23:02:34","guid":{"rendered":"http:\/\/www.infokuryr.cz\/n\/?p=25252"},"modified":"2023-03-27T13:46:32","modified_gmt":"2023-03-27T11:46:32","slug":"nedelnik-adama-b-bartose-127-az-pavek-zachod-schvali-muze-byt-uz-pozde","status":"publish","type":"post","link":"https:\/\/www.infokuryr.cz\/n\/2023\/03\/29\/nedelnik-adama-b-bartose-127-az-pavek-zachod-schvali-muze-byt-uz-pozde\/","title":{"rendered":"NED\u011aLN\u00cdK ADAMA B. BARTO\u0160E (127) A\u017d P\u00c1VEK \u201cZ\u00c1CHOD\u201d SCHV\u00c1L\u00cd, M\u016e\u017dE B\u00ddT U\u017d POZD\u011a\u2026"},"content":{"rendered":"<div id=\"fb-root\"><\/div>\n<p><strong>Minul\u00fd ned\u011bln\u00edk jsem nazna\u010dil, \u017ee se v na\u0161ich \u00favah\u00e1ch trochu posuneme. Politick\u00e1 situace je v \u010cesk\u00e9 republice zabetonovan\u00e1 a odv\u00edj\u00ed se podle velmocensk\u00fdch choutek na\u0161ich \u201epartner\u016f\u201c, rozum\u011bj z\u00e1padn\u00edch protektor\u016f. Moment\u00e1ln\u011b si dosadili na Hrad Petra P\u00e1vka, kter\u00fd si plete \u201ez\u00e1kon\u201c a \u201ez\u00e1chod\u201c, bude to nejsp\u00ed\u0161 podobn\u00fd popleta jako str\u00fd\u010dek Joe, ale to neva, hlavn\u011b kdy\u017e d\u00e1 parafu na ka\u017ed\u00fd glejt, kter\u00fd mu bude z vl\u00e1dy (nebo sp\u00ed\u0161e z americk\u00e9ho velvyslanectv\u00ed) posunut. Tak jako rychlost\u00ed blesku podepsal okraden\u00ed d\u016fchodc\u016f za b\u00edl\u00e9ho dne, aby bylo na n\u00e1kup zbran\u00ed, kter\u00e9 zase v\u011bnujeme Ukrajin\u011b, nejsp\u00ed\u0161e tak rychle a sna\u017eiv\u011b by podepsal i mobiliza\u010dn\u00ed z\u00e1kony, kdyby k nim situace nazr\u00e1la.<\/strong><span id=\"more-13501\"><\/span><\/p>\n<p>A proto\u017ee k nim situace nazr\u00e1v\u00e1, nebo\u0165 \u201em\u00edr je sprost\u00e9 slovo\u201c a v\u0161ichni se modl\u00ed za ukrajinskou jarn\u00ed ofenz\u00edvu \u2013 i s\u00e1m rezident P\u00e1vek se nechal sly\u0161et, \u017ee Ukrajinci budou m\u00edt posledn\u00ed pokus \u2013 je na \u010dase si n\u011bco \u0159\u00edci o tom, zda jsme p\u0159ipraveni na situaci, kdy by v\u00e1lka p\u0159e\u0161la do dal\u0161\u00edho st\u00e1dia.<\/p>\n<p>Proto\u017ee vl\u00e1da u\u017e p\u0159ipravuje z\u00e1kony (\u0159\u00edk\u00e1 se tomu N\u00e1vrh z\u00e1kona, kter\u00fdm se m\u011bn\u00ed n\u011bkter\u00e9 z\u00e1kony v oblasti obrany), kter\u00e9 maj\u00ed usnadnit vys\u00edl\u00e1n\u00ed voj\u00e1k\u016f na frontu a v jejich r\u00e1mci dokonce sni\u017euje z dosavadn\u00edch t\u0159iceti na pouh\u00e9 t\u0159i dny lh\u016ftu, b\u011bhem kter\u00e9 si \u010dlov\u011bk m\u016f\u017ee vy\u0159\u00eddit sv\u00e9 osobn\u00ed z\u00e1le\u017eitosti, ne\u017e bude odveden, jak upozornil\u00a0<a href=\"https:\/\/www.idnes.cz\/zpravy\/domaci\/snemovna-branna-legislativa-vlada-cernochova-spd-fiala-ukrajina-2-procenta-hdp-na-obranu.A230209_052427_domaci_kop\" target=\"_blank\" rel=\"noopener\"><em><strong>Radim Fiala z SPD<\/strong><\/em><\/a>, je jasn\u00e9, \u017ee p\u0159\u00edli\u0161 prostoru, jak se k povol\u00e1vac\u00edmu rozkazu postavit, m\u00edt nebudeme. Nastane-li mobilizace, jak o tom halasn\u011b mluvil \u0161\u00e9f gener\u00e1ln\u00edho \u0161t\u00e1bu \u0158ehka (dokonce v dob\u011b, kdy se v\u0161ichni sm\u00e1li A. Babi\u0161ovi, \u017ee stra\u0161\u00ed v\u00e1lkou), bude pr\u00fd \u201eminim\u00e1ln\u011b\u201c v\u00fdb\u011brov\u00e1. D\u00e1 se o\u010dek\u00e1vat, \u017ee voj\u00e1ci z povol\u00e1n\u00ed p\u016fjdou jako prvn\u00ed, ale t\u011bch m\u00e1me dvacet tis\u00edc. Po nich by nastoupily Aktivn\u00ed z\u00e1lohy, ale t\u011bch je dokonce jen \u010dty\u0159i tis\u00edce. T\u00edm by asi byli voj\u00e1ci vy\u010derp\u00e1ni a na \u0159adu by p\u0159i\u0161li oby\u010dejn\u00ed ob\u010dan\u00e9.<\/p>\n<p>Podle \u0158ehky by mobilizace byla \u201eminim\u00e1ln\u011b\u201c v\u00fdb\u011brov\u00e1, tedy mohla by b\u00fdt i plo\u0161n\u00e1. T\u00fdkala by se tedy i \u017een. Ofici\u00e1ln\u011b by z n\u00ed m\u011bli b\u00fdt vy\u0148ati ti, kter\u00fdm u\u017e bylo \u0161edes\u00e1t let, ale v\u011b\u0159te tomuto st\u00e1tu, kde se v\u0161e m\u011bn\u00ed ze dne na den, ve zrychlen\u00e9m \u010dten\u00ed a kde sta\u010d\u00ed zvednout ve Strakovce telefon, zavolat na Hrad a rezident P\u00e1vek u\u017e slin\u00ed pero, aby \u201ez\u00e1chod\u201c podepsal\u2026 A\u017e vl\u00e1d\u011b dojde, \u017ee mlad\u00ed lid\u00e9 neum\u011bj\u00ed se zbran\u011bmi zach\u00e1zet, budou mo\u017en\u00e1 d\u016fchodci, co je\u0161t\u011b pamatuj\u00ed v\u00fdcvik v \u010deskoslovensk\u00e9 arm\u00e1d\u011b, velmi \u017e\u00e1dan\u00ed. Te\u010f to sice nejde, ale kdyby byl z\u00e1jem, ono by se to u\u017e n\u011bjak vymyslelo. Bojovat dnes v ciz\u00ed arm\u00e1d\u011b je tak\u00e9 proti z\u00e1konu, ale kdy\u017e se ud\u011bl\u00ed v\u00fdjimky a \u201cp\u0159imhou\u0159\u00ed se o\u010di\u201d\u2026 Kdy\u017e u\u017e te\u010f d\u016fchodce hanebn\u011b okradli a jejich pen\u00edze pou\u017eili na v\u00e1lku, mysl\u00edte, \u017ee by se nena\u0161el zp\u016fsob, jak je vyu\u017e\u00edt i jinak? Na Ukrajin\u011b mobilizuj\u00ed v\u0161e, co m\u00e1 ruce a nohy \u2013 od po\u010foban\u00fdch mlad\u00edk\u016f, co sotva vy\u0161li ze \u0161koln\u00edch \u0161kamen, po vousat\u00e9 sta\u0159\u00edky, n\u011bkde dokonce mobilizuj\u00ed i slep\u00e9 a jinak handikepovan\u00e9. Dramatick\u00e9 z\u00e1b\u011bry, jak se odv\u00e1d\u00ed na frontu, V\u00e1m ale \u010cesk\u00e1 televize neuk\u00e1\u017ee. Kdyby vypukla v\u00e1lka naplno i na \u010desk\u00e9m \u00fazem\u00ed, mysl\u00edte, \u017ee u n\u00e1s bude prob\u00edhat mobilizace decentn\u011bji a kultivovan\u011bji? Ka\u017ed\u00fd by se proto m\u011bl p\u0159ipravit, aby ho takov\u00e1 situace nezasko\u010dila, a\u017e nastane, proto\u017ee nastat m\u016f\u017ee v podstat\u011b kdykoli. Kdy\u017e u\u017e o tom \u0158ehka ve\u0159ejn\u011b mluvil (dokonce dvakr\u00e1t) \u2013 a p\u0159itom by o n\u011b\u010dem takov\u00e9m mluvit v\u016fbec nem\u011bl, proto\u017ee nen\u00ed politik, je voj\u00e1k \u2013 pak to asi znamen\u00e1, \u017ee je tato varianta na stole v\u00edce, ne\u017e si mysl\u00edme nebo si jsme ochotni p\u0159ipustit.<\/p>\n<p>Samoz\u0159ejm\u011b rad\u011bji nehovo\u0159\u00edm o tom, jak je to cel\u00e9 absurdn\u00ed, \u017ee bychom my m\u011bli j\u00edt bojovat za Ukrajince, kte\u0159\u00ed odtamtud hromadn\u011b utekli\u2026 Byl jsem te\u010f o v\u00edkendu s man\u017eelkou v n\u00e1kupn\u00edm centru vy\u0159\u00eddit n\u011bjakou reklamaci a byl jsem v \u0161oku \u2013 obchodn\u00ed centrum pln\u00e9 Ukrajinc\u016f, Ukrajinek, ukrajinsk\u00fdch rodin. V\u0161\u00edm\u00e1m si toho u\u017e dlouho, a\u0165 zajdu do jak\u00e9hokoli n\u00e1kup\u00e1ku, je v\u00fdjev podobn\u00fd. P\u0159ipadal jsem si jako cizinec ve vlastn\u00ed zemi. Je to n\u011bjak\u00e9 divn\u00e9, s t\u011bmi migranty, v posledn\u00ed dob\u011b. Bu\u010f to jsou migranti s iPhony a ve zna\u010dkov\u00fdch hadrech, nebo \u2013 jako te\u010f \u2013 migranti v SUV a nabu\u0161en\u00fdch luxusn\u00edch autech. D\u0159\u00edve jsem si v\u0161\u00edmal, \u017ee V\u00e1s v obchodech sem tam n\u011bjak\u00e1 Ukrajinka obsluhovala coby prodava\u010dka. Te\u010f si st\u00e1le \u010dast\u011bji v\u0161\u00edm\u00e1m, jak jsou Ukrajinci z\u00e1kazn\u00edky \u2013 a vypadaj\u00ed spokojen\u011b, nevypadaj\u00ed na b\u011b\u017eence, co si tak tak zachr\u00e1nili hol\u00fd \u017eivot. V\u011bt\u0161ina z nich toti\u017e utekla ze z\u00e1padn\u00ed Ukrajiny, kde se t\u00e9m\u011b\u0159 nebojovalo. Dnes je potk\u00e1te s pap\u00edrov\u00fdmi n\u00e1kupn\u00edmi ta\u0161kami zna\u010dkov\u00fdch obchod\u016f, jak se znud\u011bn\u011b proch\u00e1zej\u00ed mezi butiky. A H\u0148up si mysl\u00ed, \u017ee zat\u00edmco oni se p\u0159ed v\u00e1lkou zdekovali, my p\u016fjdeme za n\u011b bojovat jejich v\u00e1lku? To jako v\u00e1\u017en\u011b?<\/p>\n<p>Tak\u017ee pokud by mobilizace nastala a vy jste zjistili, \u017ee m\u00e1te jen t\u0159i dny na to, vy\u0159\u00eddit si v\u0161e pot\u0159ebn\u00e9, zjistili byste nejsp\u00ed\u0161e, \u017ee to je moc kr\u00e1tk\u00e1 doba a \u017ee se b\u011bhem t\u0159\u00ed dn\u016f p\u0159ipravit na n\u011bco takov\u00e9ho nedok\u00e1\u017eete. Proto je t\u0159eba v\u0161e promyslet u\u017e nyn\u00ed, abychom nebyli zasko\u010deni.<\/p>\n<p>Dokonce si mysl\u00edm, \u017ee tohle je te\u010f d\u016fle\u017eit\u011bj\u0161\u00ed ne\u017e n\u011bjak\u00e9 demonstrace \u010di jak\u00e1koli jin\u00e1 politick\u00e1 \u010dinnost\u2026<\/p>\n<p>P\u0159\u00ed\u0161t\u011b budeme v t\u00e9matu pokra\u010dovat\u2026<\/p>\n<p>Vlasti zdar!<br \/>\nAdam B. Barto\u0161<br \/>\np\u0159edseda N\u00e1rodn\u00ed demokracie<\/p>\n<p><em>\u00favodn\u00ed obr\u00e1zek: CD89.cz<\/em><\/p>\n<p><img decoding=\"async\" loading=\"lazy\" class=\"alignnone size-full wp-image-678\" src=\"http:\/\/www.infokuryr.cz\/n\/wp-content\/uploads\/2021\/04\/narodni_demokracie_logo.jpg\" alt=\"\" width=\"300\" height=\"85\" \/><\/p>\n<p>____________________________<\/p>\n<p>&nbsp;<\/p>\n<p>&nbsp;<\/p>\n<p>&nbsp;<\/p>\n<p><img decoding=\"async\" loading=\"lazy\" class=\"wp-image-19187 aligncenter\" src=\"http:\/\/www.infokuryr.cz\/n\/wp-content\/uploads\/2022\/12\/1-PRO-300x36.jpg\" alt=\"\" width=\"1275\" height=\"153\" srcset=\"https:\/\/www.infokuryr.cz\/n\/wp-content\/uploads\/2022\/12\/1-PRO-300x36.jpg 300w, https:\/\/www.infokuryr.cz\/n\/wp-content\/uploads\/2022\/12\/1-PRO.jpg 699w\" sizes=\"(max-width: 1275px) 100vw, 1275px\" \/><\/p>\n<p>&nbsp;<\/p>\n<p>&nbsp;<\/p>\n<p><img decoding=\"async\" loading=\"lazy\" class=\"wp-image-24737 aligncenter\" src=\"http:\/\/www.infokuryr.cz\/n\/wp-content\/uploads\/2023\/03\/cesko_proti_bide2-239x300.png\" alt=\"\" width=\"774\" height=\"972\" srcset=\"https:\/\/www.infokuryr.cz\/n\/wp-content\/uploads\/2023\/03\/cesko_proti_bide2-239x300.png 239w, https:\/\/www.infokuryr.cz\/n\/wp-content\/uploads\/2023\/03\/cesko_proti_bide2-816x1024.png 816w, https:\/\/www.infokuryr.cz\/n\/wp-content\/uploads\/2023\/03\/cesko_proti_bide2-768x964.png 768w, https:\/\/www.infokuryr.cz\/n\/wp-content\/uploads\/2023\/03\/cesko_proti_bide2.png 846w\" sizes=\"(max-width: 774px) 100vw, 774px\" \/><\/p>\n<p>&nbsp;<\/p>\n<p>&nbsp;<\/p>\n","protected":false},"excerpt":{"rendered":"<p>Minul\u00fd ned\u011bln\u00edk jsem nazna\u010dil, \u017ee se v na\u0161ich \u00favah\u00e1ch trochu posuneme. Politick\u00e1 situace je v&#8230;<\/p>\n","protected":false},"author":2,"featured_media":25253,"comment_status":"closed","ping_status":"closed","sticky":false,"template":"","format":"standard","meta":[],"categories":[6],"tags":[367,29,85,1173,122],"_links":{"self":[{"href":"https:\/\/www.infokuryr.cz\/n\/wp-json\/wp\/v2\/posts\/25252"}],"collection":[{"href":"https:\/\/www.infokuryr.cz\/n\/wp-json\/wp\/v2\/posts"}],"about":[{"href":"https:\/\/www.infokuryr.cz\/n\/wp-json\/wp\/v2\/types\/post"}],"author":[{"embeddable":true,"href":"https:\/\/www.infokuryr.cz\/n\/wp-json\/wp\/v2\/users\/2"}],"replies":[{"embeddable":true,"href":"https:\/\/www.infokuryr.cz\/n\/wp-json\/wp\/v2\/comments?post=25252"}],"version-history":[{"count":1,"href":"https:\/\/www.infokuryr.cz\/n\/wp-json\/wp\/v2\/posts\/25252\/revisions"}],"predecessor-version":[{"id":25254,"href":"https:\/\/www.infokuryr.cz\/n\/wp-json\/wp\/v2\/posts\/25252\/revisions\/25254"}],"wp:featuredmedia":[{"embeddable":true,"href":"https:\/\/www.infokuryr.cz\/n\/wp-json\/wp\/v2\/media\/25253"}],"wp:attachment":[{"href":"https:\/\/www.infokuryr.cz\/n\/wp-json\/wp\/v2\/media?parent=25252"}],"wp:term":[{"taxonomy":"category","embeddable":true,"href":"https:\/\/www.infokuryr.cz\/n\/wp-json\/wp\/v2\/categories?post=25252"},{"taxonomy":"post_tag","embeddable":true,"href":"https:\/\/www.infokuryr.cz\/n\/wp-json\/wp\/v2\/tags?post=25252"}],"curies":[{"name":"wp","href":"https:\/\/api.w.org\/{rel}","templated":true}]}}