{"id":25247,"date":"2023-03-29T00:59:08","date_gmt":"2023-03-28T22:59:08","guid":{"rendered":"http:\/\/www.infokuryr.cz\/n\/?p=25247"},"modified":"2023-03-27T13:10:00","modified_gmt":"2023-03-27T11:10:00","slug":"petr-hannig-narod-kteremu-vzali-pisne-zahyne","status":"publish","type":"post","link":"https:\/\/www.infokuryr.cz\/n\/2023\/03\/29\/petr-hannig-narod-kteremu-vzali-pisne-zahyne\/","title":{"rendered":"Petr Hannig: N\u00e1rod, kter\u00e9mu vzali p\u00edsn\u011b, zahyne"},"content":{"rendered":"<div id=\"fb-root\"><\/div>\n<p><strong>Tak jsem se do\u010detl, \u017ee vl\u00e1da m\u00e1 v\u00a0pl\u00e1nu zru\u0161it hudebn\u00ed a v\u00fdtvarnou v\u00fduku na z\u00e1kladn\u00edch \u0161kol\u00e1ch. Jsem skladatel, muzikant, proto se soust\u0159ed\u00edm na to, \u017ee na\u0161i sou\u010dasn\u00ed absolutn\u00ed vl\u00e1dci n\u00e1m v\u00a0podstat\u011b naordinovali zp\u0159etrh\u00e1n\u00ed na\u0161ich n\u00e1rodn\u00edch tradic. To jest hudebnost \u010cech\u016f, Moravan\u016f a Slezan\u016f.<\/strong><\/p>\n<p>V\u017edy se \u0159\u00edkalo, \u017ee na\u0161e zem\u011b jsou konzervato\u0159\u00ed Evropy a j\u00e1 dod\u00e1v\u00e1m i cel\u00e9ho z\u00e1padn\u00edho sv\u011bta. V\u017edy\u0165 n\u00e1\u0161 geni\u00e1ln\u00ed Anton\u00edn Dvo\u0159\u00e1k byl v podstat\u011b zakladatelem americk\u00e9ho n\u00e1rodn\u00edho hudebn\u00edho \u0161kolstv\u00ed.<\/p>\n<p>Na na\u0161i pom\u011brn\u011b malou zem\u011bpisnou rozlohu jsme byli hudebn\u00ed velmoc\u00ed. Up\u0159esn\u00edm velik\u00e1ny na\u0161\u00ed hudby. Bed\u0159icha Smetanu, Anton\u00edna Dvo\u0159\u00e1ka, Leo\u0161e Jan\u00e1\u010dka a Bohuslava Martin\u016f. To jsou z\u00e1rove\u0148 i pil\u00ed\u0159e sv\u011btov\u00e9 hudby. Ale tito velik\u00e1ni navazovali na sv\u00e9 p\u0159edch\u016fdce. Franti\u0161ka Xavera Brixiho (1732 \u2013 1771), Ji\u0159\u00edho Anton\u00edna Bendu (1722 \u2013 1795) z\u00a0muzik\u00e1ln\u00edho rodu Bend\u016f z\u00a0Ben\u00e1tek nad Jizerou, Josefa Myslive\u010dka (1737 \u2013 1781), kter\u00fd siln\u011b ovlivnil tvorbu W.\u00a0A.\u00a0Mozarta (1756 \u2013 1791), Jana Ladislava Dus\u00edka (1760 \u2013 1812), Jana K\u0159titele Va\u0148hala (1739 \u2013 1813)\u2026 A je\u0161t\u011b p\u0159edt\u00edm zakladatele n\u011bmeck\u00e9 manheimsk\u00e9 \u0161koly Jana V\u00e1clava Stamice (1717 \u2013 1757), Norberta Segera (1716 \u2013 1782) a barokn\u00edho velik\u00e1na, rod\u00e1ka z\u00a0Lou\u0148ovic pod Blan\u00edkem, Jana Dismase Zelenku (1679 \u2013 1745), kter\u00fd byl nejv\u00fdznamn\u011bj\u0161\u00edm skladatelem na dvo\u0159e sask\u00e9ho kr\u00e1le v\u00a0Dr\u00e1\u017e\u010fanech a jeho\u017e d\u00edlo si nezad\u00e1 s\u00a0d\u00edly Georga Fridricha H\u00e4ndela (1685 \u2013 1759), d\u00e1le pak varhan\u00edka Bohuslava \u010cernohorsk\u00e9ho (1684 \u2013 1742) a je\u0161t\u011b o generace d\u0159\u00edve p\u016fsob\u00edc\u00edho Adama Michnu z\u00a0Otradovic (1600 \u2013 1676), jeho\u017e d\u00edlo vskutku zn\u00e1rodnilo. M\u00e1lokdo nezn\u00e1 n\u00e1dhernou v\u00e1no\u010dn\u00ed p\u00edse\u0148\u00a0<em>Cht\u00edc, aby spal<\/em>. Na tato vskutku impozantn\u00ed jm\u00e9na navazuj\u00ed i Jakub Jan Ryba (1765 \u2013 1815) s\u00a0neopakovatelnou inspirac\u00ed lidov\u00e9ho citu v\u00a0\u010cesk\u00e9 m\u0161i v\u00e1no\u010dn\u00ed a mnohem pozd\u011bji tak\u00e9 autor \u010desk\u00e9 hymny Franti\u0161ek \u0160kroup (1801 \u2013 1862).<\/p>\n<p>Tito v\u0161ichni velik\u00e1ni m\u011bli v\u00a0krvi na\u0161i hudebnost, kter\u00e1 trysk\u00e1 z\u00a0n\u00e1rodn\u00edch p\u00edsn\u00ed. A nakonec i velik\u00e1n pop music Karel Svoboda (1938 \u2013 2007), jeho\u017e hudba dobyla n\u011bmecky mluv\u00edc\u00ed sv\u011bt, m\u011bl toto bezprost\u0159edn\u00ed hudebn\u00ed c\u00edt\u011bn\u00ed. A dovolte mi, abych k\u00a0tomu p\u0159i\u0159adil i Petra Jandu (nar.\u00a01942), jeho\u017e p\u00edsn\u011b si na\u0161ly sv\u00e9 m\u00edsto u v\u0161ech oslav \u010di t\u00e1borov\u00fdch oh\u0148\u016f, co\u017e plat\u00ed v\u00a0nezten\u010den\u00e9 m\u00ed\u0159e i o p\u00edsn\u00edch Ji\u0159\u00edho \u0160litra (1924 \u2013 1969) s\u00a0texty Ji\u0159\u00edho Such\u00e9ho (nar.\u00a01931), \u010di zlidov\u011bl\u00fdch p\u00edsn\u00ed Fano\u0161e Mikuleck\u00e9ho, vlastn\u00edm jm\u00e9nem Franti\u0161ek H\u0159eba\u010dka (1912 \u2013 1970), o jeho\u017e p\u00edsni V\u00edne\u010dko b\u00edl\u00e9 a dal\u0161\u00edch si v\u0161ichni mysl\u00ed, \u017ee to jsou p\u00edsn\u011b lidov\u00e9. Takt\u00e9\u017e Vlastovi Redlovi (nar.\u00a01959) se poda\u0159ilo n\u011bco podobn\u00e9ho s\u00a0jeho p\u00edsn\u00ed Gal\u00e1ne\u010dka. A samoz\u0159ejm\u011b i sv\u016fj zlidov\u011bl\u00fd \u017eivot \u017eij\u00ed p\u00edsn\u011b Jarka Nohavici (nar.\u00a01953). V\u00a0nekomplikovanosti, v\u00a0ryz\u00ed melodi\u010dnosti a v\u00a0nep\u0159edst\u00edr\u00e1n\u00ed velik\u00e1\u0161stv\u00ed je s\u00edla na\u0161ich hudebn\u00edch velik\u00e1n\u016f, v\u010detn\u011b t\u011bch sou\u010dasn\u00fdch<\/p>\n<p>Politici se d\u00edvaj\u00ed na skladatele tak trochu svrchu. Neuv\u011bdomuj\u00ed si, \u017ee sv\u00fdmi d\u00edly a jejich zhodnocen\u00edm (tanti\u00e9my \u2013 anglicky royalties) p\u0159in\u00e1\u0161ej\u00ed do na\u0161eho hospod\u00e1\u0159stv\u00ed mnohdy v\u00edce pen\u011bz ne\u017e n\u011bjak\u00fd st\u0159edn\u011b velik\u00fd pr\u016fmyslov\u00fd podnik. Dne\u0161n\u00ed nekompetentn\u00ed vl\u00e1da chce sv\u00fdm necitliv\u00fdm vyhozen\u00edm hudebn\u00ed v\u00fdchovy ze z\u00e1kladn\u00edho \u0161kolstv\u00ed p\u0159etnout \u017e\u00edly jednoho z\u00a0nejsiln\u011bj\u0161\u00edch atribut\u016f na\u0161\u00ed n\u00e1rodn\u00ed identity, p\u0159irozen\u00e9 hudebnosti. Lidov\u00e9 p\u00edsn\u011b zmizely z\u00a0vys\u00edl\u00e1n\u00ed r\u00e1di\u00ed, na\u0161e rodinn\u00e9 st\u0159\u00edbro, dechovka, jakbysmet. Posledn\u00edm z\u00e1chrann\u00fdm st\u00e9blem proti eutan\u00e1zii citu byli zan\u00edcen\u00ed u\u010ditel\u00e9 a hlavn\u011b u\u010ditelky na z\u00e1kladn\u00edch \u0161kol\u00e1ch. Ob\u00e1v\u00e1m se, \u017ee snad vl\u00e1d\u011b jde o to, aby n\u00e1\u0161 n\u00e1rod nem\u011bl sv\u00e9 p\u00edsn\u011b a rozpustil se v\u00a0nep\u0159ehledn\u00e9 glob\u00e1ln\u00ed mase v\u0161ednosti a citov\u00e9ho vypr\u00e1zdn\u011bn\u00ed. N\u00e1rod, kter\u00e9mu vzali p\u00edsn\u011b, zahyne.<\/p>\n<p><strong>Petr Hannig, p\u0159edseda Rozumn\u00fdch a b\u00fdval\u00fd prezidentsk\u00fd kandid\u00e1t<\/strong><\/p>\n<p>&nbsp;<\/p>\n<p>&nbsp;<\/p>\n<p><img decoding=\"async\" loading=\"lazy\" class=\"wp-image-19187 aligncenter\" src=\"http:\/\/www.infokuryr.cz\/n\/wp-content\/uploads\/2022\/12\/1-PRO-300x36.jpg\" alt=\"\" width=\"1242\" height=\"149\" srcset=\"https:\/\/www.infokuryr.cz\/n\/wp-content\/uploads\/2022\/12\/1-PRO-300x36.jpg 300w, https:\/\/www.infokuryr.cz\/n\/wp-content\/uploads\/2022\/12\/1-PRO.jpg 699w\" sizes=\"(max-width: 1242px) 100vw, 1242px\" \/><\/p>\n<p>&nbsp;<\/p>\n<p><img decoding=\"async\" loading=\"lazy\" class=\"wp-image-24909 aligncenter\" src=\"http:\/\/www.infokuryr.cz\/n\/wp-content\/uploads\/2023\/03\/Pozvanka-Usti-PRO-300x156.jpg\" alt=\"\" width=\"1013\" height=\"527\" srcset=\"https:\/\/www.infokuryr.cz\/n\/wp-content\/uploads\/2023\/03\/Pozvanka-Usti-PRO-300x156.jpg 300w, https:\/\/www.infokuryr.cz\/n\/wp-content\/uploads\/2023\/03\/Pozvanka-Usti-PRO-1024x533.jpg 1024w, https:\/\/www.infokuryr.cz\/n\/wp-content\/uploads\/2023\/03\/Pozvanka-Usti-PRO-768x400.jpg 768w, https:\/\/www.infokuryr.cz\/n\/wp-content\/uploads\/2023\/03\/Pozvanka-Usti-PRO.jpg 1273w\" sizes=\"(max-width: 1013px) 100vw, 1013px\" \/><\/p>\n<p>&nbsp;<\/p>\n<p>&nbsp;<\/p>\n","protected":false},"excerpt":{"rendered":"<p>Tak jsem se do\u010detl, \u017ee vl\u00e1da m\u00e1 v\u00a0pl\u00e1nu zru\u0161it hudebn\u00ed a v\u00fdtvarnou v\u00fduku na z\u00e1kladn\u00edch&#8230;<\/p>\n","protected":false},"author":2,"featured_media":12094,"comment_status":"closed","ping_status":"closed","sticky":false,"template":"","format":"standard","meta":[],"categories":[6],"tags":[391,29,954,122],"_links":{"self":[{"href":"https:\/\/www.infokuryr.cz\/n\/wp-json\/wp\/v2\/posts\/25247"}],"collection":[{"href":"https:\/\/www.infokuryr.cz\/n\/wp-json\/wp\/v2\/posts"}],"about":[{"href":"https:\/\/www.infokuryr.cz\/n\/wp-json\/wp\/v2\/types\/post"}],"author":[{"embeddable":true,"href":"https:\/\/www.infokuryr.cz\/n\/wp-json\/wp\/v2\/users\/2"}],"replies":[{"embeddable":true,"href":"https:\/\/www.infokuryr.cz\/n\/wp-json\/wp\/v2\/comments?post=25247"}],"version-history":[{"count":0,"href":"https:\/\/www.infokuryr.cz\/n\/wp-json\/wp\/v2\/posts\/25247\/revisions"}],"wp:featuredmedia":[{"embeddable":true,"href":"https:\/\/www.infokuryr.cz\/n\/wp-json\/wp\/v2\/media\/12094"}],"wp:attachment":[{"href":"https:\/\/www.infokuryr.cz\/n\/wp-json\/wp\/v2\/media?parent=25247"}],"wp:term":[{"taxonomy":"category","embeddable":true,"href":"https:\/\/www.infokuryr.cz\/n\/wp-json\/wp\/v2\/categories?post=25247"},{"taxonomy":"post_tag","embeddable":true,"href":"https:\/\/www.infokuryr.cz\/n\/wp-json\/wp\/v2\/tags?post=25247"}],"curies":[{"name":"wp","href":"https:\/\/api.w.org\/{rel}","templated":true}]}}