{"id":25245,"date":"2023-03-28T01:16:28","date_gmt":"2023-03-27T23:16:28","guid":{"rendered":"http:\/\/www.infokuryr.cz\/n\/?p=25245"},"modified":"2023-03-27T12:42:15","modified_gmt":"2023-03-27T10:42:15","slug":"japonsko-oznacilo-postoj-ruske-federace-k-rybolovu-na-kurilskych-ostrovech-za-neprijatelny","status":"publish","type":"post","link":"https:\/\/www.infokuryr.cz\/n\/2023\/03\/28\/japonsko-oznacilo-postoj-ruske-federace-k-rybolovu-na-kurilskych-ostrovech-za-neprijatelny\/","title":{"rendered":"Japonsko ozna\u010dilo postoj Rusk\u00e9 federace k rybolovu na Kurilsk\u00fdch ostrovech za nep\u0159ijateln\u00fd"},"content":{"rendered":"<div id=\"fb-root\"><\/div>\n<p><span>Gener\u00e1ln\u00ed tajemn\u00edk japonsk\u00e9ho kabinetu ministr\u016f Hirokazu Matsuno up\u0159esnil, \u017ee Tokio zva\u017euje mo\u017enost obnoven\u00ed \u010dinnosti v r\u00e1mci p\u0159\u00edslu\u0161n\u00e9 dohody.\u00a0<\/span><\/p>\n<p><span>Vl\u00e1da Japonska pova\u017euje postoj Ruska k nemo\u017enosti koordinace konzultac\u00ed t\u00fdkaj\u00edc\u00edch se rybolovu v oblasti Kurilsk\u00fdch ostrov\u016f za nep\u0159ijateln\u00fd.\u00a0Ozn\u00e1mil to v pond\u011bl\u00ed na tiskov\u00e9 konferenci v Tokiu gener\u00e1ln\u00ed tajemn\u00edk japonsk\u00e9ho kabinetu Hirokazu Matsuno.<\/span><\/p>\n<p><span>&#8222;Pozice rusk\u00e9 strany pova\u017eujeme za nep\u0159ijatelnou a studujeme mo\u017enosti obnoven\u00ed aktivit v r\u00e1mci p\u0159\u00edslu\u0161n\u00e9 dohody,&#8220; \u0159ekl Matsuno.\u00a0Poznamenal tak\u00e9, \u017ee Tokio kladn\u011b hodnot\u00ed dohodu uzav\u0159enou 24. b\u0159ezna s Moskvou o podm\u00ednk\u00e1ch lovu losos\u016f a pstruh\u016f japonsk\u00fdmi ryb\u00e1\u0159i ve 200 mil dlouh\u00e9 v\u00fdlu\u010dn\u00e9 ekonomick\u00e9 z\u00f3n\u011b Japonska.<\/span><\/p>\n<p><span>Rusko a Japonsko si na z\u00e1klad\u011b dohody z roku 1984 navz\u00e1jem lov\u00ed ve 200 mil dlouh\u00fdch v\u00fdlu\u010dn\u00fdch ekonomick\u00fdch z\u00f3n\u00e1ch.\u00a0Ka\u017ed\u00fd rok zem\u011b po\u0159\u00e1daj\u00ed konzultace, aby se dohodly na kv\u00f3t\u00e1ch pro rybolov mo\u0159sk\u00fdch plod\u016f a projedn\u00e1valy dal\u0161\u00ed ot\u00e1zky.<\/span><\/p>\n<p><span>Mluv\u010d\u00ed rusk\u00e9ho ministerstva zahrani\u010d\u00ed Maria Zacharovov\u00e1 29. ledna \u0159ekla, \u017ee Rusko informovalo Japonsko, \u017ee nen\u00ed mo\u017en\u00e9 dohodnout se na na\u010dasov\u00e1n\u00ed konzultac\u00ed o rybolovu v ji\u017en\u00edch Kuril\u00e1ch kv\u016fli protirusk\u00fdm opat\u0159en\u00edm Tokia.\u00a0Zd\u016fraznila tak\u00e9, \u017ee Rusko v souvislosti s t\u00edmto rozhodnut\u00edm kategoricky neakceptuje \u017e\u00e1dn\u00e9 &#8222;protesty&#8220; japonsk\u00e9 strany.\u00a0Zem\u011b podepsaly dohodu o ur\u010dit\u00fdch ot\u00e1zk\u00e1ch spolupr\u00e1ce v oblasti t\u011b\u017eby \u017eiv\u00fdch mo\u0159sk\u00fdch zdroj\u016f v roce 1998.<\/span><\/p>\n<p>Jednozna\u010dn\u00e9 je, \u017ee to bylo samo Japonsko, kter\u00e9 se postavili jednozna\u010dn\u011b proti Rusk\u00e9 federace a zavedlo sankce a v sou\u010dasnosti by cht\u011blo, aby jim Rusko tolerovalo rybolov ve jeho teritori\u00e1ln\u00edch vod\u00e1ch. No opravdu zaj\u00edmav\u00fd p\u0159\u00edstup.<\/p>\n<p><img decoding=\"async\" loading=\"lazy\" class=\"alignnone size-full wp-image-1185\" src=\"http:\/\/www.infokuryr.cz\/n\/wp-content\/uploads\/2021\/04\/kuryr-podpis.png\" alt=\"\" width=\"84\" height=\"24\" \/><\/p>\n<p>&nbsp;<\/p>\n<p>&nbsp;<\/p>\n<p><img decoding=\"async\" loading=\"lazy\" class=\"wp-image-19187 aligncenter\" src=\"http:\/\/www.infokuryr.cz\/n\/wp-content\/uploads\/2022\/12\/1-PRO-300x36.jpg\" alt=\"\" width=\"1275\" height=\"153\" srcset=\"https:\/\/www.infokuryr.cz\/n\/wp-content\/uploads\/2022\/12\/1-PRO-300x36.jpg 300w, https:\/\/www.infokuryr.cz\/n\/wp-content\/uploads\/2022\/12\/1-PRO.jpg 699w\" sizes=\"(max-width: 1275px) 100vw, 1275px\" \/><\/p>\n<p>&nbsp;<\/p>\n<p>&nbsp;<\/p>\n<p>&nbsp;<\/p>\n<p><img decoding=\"async\" loading=\"lazy\" class=\"wp-image-24909 aligncenter\" src=\"http:\/\/www.infokuryr.cz\/n\/wp-content\/uploads\/2023\/03\/Pozvanka-Usti-PRO-300x156.jpg\" alt=\"\" width=\"992\" height=\"516\" srcset=\"https:\/\/www.infokuryr.cz\/n\/wp-content\/uploads\/2023\/03\/Pozvanka-Usti-PRO-300x156.jpg 300w, https:\/\/www.infokuryr.cz\/n\/wp-content\/uploads\/2023\/03\/Pozvanka-Usti-PRO-1024x533.jpg 1024w, https:\/\/www.infokuryr.cz\/n\/wp-content\/uploads\/2023\/03\/Pozvanka-Usti-PRO-768x400.jpg 768w, https:\/\/www.infokuryr.cz\/n\/wp-content\/uploads\/2023\/03\/Pozvanka-Usti-PRO.jpg 1273w\" sizes=\"(max-width: 992px) 100vw, 992px\" \/><\/p>\n<p>&nbsp;<\/p>\n<p>&nbsp;<\/p>\n","protected":false},"excerpt":{"rendered":"<p>Gener\u00e1ln\u00ed tajemn\u00edk japonsk\u00e9ho kabinetu ministr\u016f Hirokazu Matsuno up\u0159esnil, \u017ee Tokio zva\u017euje mo\u017enost obnoven\u00ed \u010dinnosti v&#8230;<\/p>\n","protected":false},"author":2,"featured_media":2843,"comment_status":"closed","ping_status":"closed","sticky":false,"template":"","format":"standard","meta":[],"categories":[7],"tags":[105,2066,22,4650],"_links":{"self":[{"href":"https:\/\/www.infokuryr.cz\/n\/wp-json\/wp\/v2\/posts\/25245"}],"collection":[{"href":"https:\/\/www.infokuryr.cz\/n\/wp-json\/wp\/v2\/posts"}],"about":[{"href":"https:\/\/www.infokuryr.cz\/n\/wp-json\/wp\/v2\/types\/post"}],"author":[{"embeddable":true,"href":"https:\/\/www.infokuryr.cz\/n\/wp-json\/wp\/v2\/users\/2"}],"replies":[{"embeddable":true,"href":"https:\/\/www.infokuryr.cz\/n\/wp-json\/wp\/v2\/comments?post=25245"}],"version-history":[{"count":0,"href":"https:\/\/www.infokuryr.cz\/n\/wp-json\/wp\/v2\/posts\/25245\/revisions"}],"wp:featuredmedia":[{"embeddable":true,"href":"https:\/\/www.infokuryr.cz\/n\/wp-json\/wp\/v2\/media\/2843"}],"wp:attachment":[{"href":"https:\/\/www.infokuryr.cz\/n\/wp-json\/wp\/v2\/media?parent=25245"}],"wp:term":[{"taxonomy":"category","embeddable":true,"href":"https:\/\/www.infokuryr.cz\/n\/wp-json\/wp\/v2\/categories?post=25245"},{"taxonomy":"post_tag","embeddable":true,"href":"https:\/\/www.infokuryr.cz\/n\/wp-json\/wp\/v2\/tags?post=25245"}],"curies":[{"name":"wp","href":"https:\/\/api.w.org\/{rel}","templated":true}]}}