{"id":25243,"date":"2023-03-28T01:15:09","date_gmt":"2023-03-27T23:15:09","guid":{"rendered":"http:\/\/www.infokuryr.cz\/n\/?p=25243"},"modified":"2023-03-27T12:26:06","modified_gmt":"2023-03-27T10:26:06","slug":"televizni-kanal-france-24-pozastaven-v-burkine-faso","status":"publish","type":"post","link":"https:\/\/www.infokuryr.cz\/n\/2023\/03\/28\/televizni-kanal-france-24-pozastaven-v-burkine-faso\/","title":{"rendered":"Televizn\u00ed kan\u00e1l France 24 pozastaven v Burkin\u011b Faso"},"content":{"rendered":"<div id=\"fb-root\"><\/div>\n<p><b><span>Francouzsk\u00fd televizn\u00ed kan\u00e1l France 24 byl v Burkin\u011b Faso pozastaven.\u00a0Na\u0159\u00eddily to \u00fa\u0159ady zem\u011b.\u00a0Toto ozna\u010den\u00ed plat\u00ed pro \u00fazem\u00ed cel\u00e9 africk\u00e9 zem\u011b.<\/span><\/b><\/p>\n<p><span>Vl\u00e1da Burkiny Faso 1. b\u0159ezna vypov\u011bd\u011bla vojenskou dohodu s Franci\u00ed, kter\u00e1 byla podeps\u00e1na p\u0159ed v\u00edce ne\u017e 60 lety.\u00a0Burkina Faso za\u010d\u00e1tkem ledna rozv\u00e1zala s Pa\u0159\u00ed\u017e\u00ed v oblasti obrany dohodu, na jej\u00edm\u017e z\u00e1klad\u011b byl na \u00fazem\u00ed africk\u00e9 zem\u011b rozm\u00edst\u011bn francouzsk\u00fd kontingent speci\u00e1ln\u00edch sil o s\u00edle a\u017e 400 bojovn\u00edk\u016f.\u00a019. \u00fanora francouzsk\u00e9 jednotky, kter\u00e9 byly v Burkin\u011b Faso od roku 2009, opustily zemi.<\/span><\/p>\n<p><span>Jak za\u010d\u00e1tkem b\u0159ezna poznamenal zpravodajsk\u00fd port\u00e1l LeFaso se s\u00eddlem v Burkin\u011b, v Africe roste nespokojenost s Franci\u00ed a jej\u00ed politikou.\u00a0Nov\u00e1 strategie Francie v Africe je podle expert\u016f v podstat\u011b pokusem Pa\u0159\u00ed\u017ee p\u0159izp\u016fsobit se nov\u00e9mu geopolitick\u00e9mu uspo\u0159\u00e1d\u00e1n\u00ed sil na kontinentu s co nejmen\u0161\u00edmi ztr\u00e1tami a pokusit se udr\u017eet alespo\u0148 \u010d\u00e1st sv\u00e9ho d\u0159\u00edv\u011bj\u0161\u00edho vlivu.<\/span><\/p>\n<p><span>Pot\u00ed\u017ee Francie v Africe v posledn\u00edch letech rychle narostly.\u00a0\u00da\u0159ady Mali, St\u0159edoafrick\u00e9 republiky a Burkiny Faso tedy po\u017eadovaly \u00fapln\u00e9 sta\u017een\u00ed francouzsk\u00fdch sil z jejich \u00fazem\u00ed.\u00a0Vl\u00e1da Burkiny Faso vypov\u011bd\u011bla dv\u011b dohody o vojensk\u00e9 spolupr\u00e1ci s Franci\u00ed.\u00a0Nyn\u00ed je na z\u00e1kladn\u00e1ch v Africe asi 3500 francouzsk\u00fdch voj\u00e1k\u016f.<\/span><\/p>\n<p><span>V Mali, Burkin\u011b Faso, \u010cadu, Nigeru a Demokratick\u00e9 republice Kongo se v posledn\u00edch m\u011bs\u00edc\u00edch konaly velk\u00e9 demonstrace proti p\u0159\u00edtomnosti Francie.\u00a0V n\u00e1vrhu nov\u00e9 \u00fastavy Mali, kter\u00fd je p\u0159edlo\u017een k n\u00e1rodn\u00edmu referendu, je status francouzsk\u00e9ho jazyka v zemi sn\u00ed\u017een na \u201epracovn\u00ed\u201c.<\/span><\/p>\n<p><span>Krom\u011b toho se v hlavn\u00edm m\u011bst\u011b Burkiina Faso, Ouagadougou, 24. b\u0159ezna konalo shrom\u00e1\u017ed\u011bn\u00ed na podporu oboustrann\u011b v\u00fdhodn\u00e9ho partnerstv\u00ed s Ruskem.<\/span><\/p>\n<p><span>Tuto akci iniciovala Koalice africk\u00fdch vlastenc\u016f Burkiny Faso (COPA-BF).\u00a0Aktivist\u00e9 t\u00e9to organizace zmobilizovali stovky sv\u00fdch p\u0159\u00edznivc\u016f, aby pos\u00edlili nov\u00e9 \u00fa\u0159ady zem\u011b na cest\u011b k nav\u00e1z\u00e1n\u00ed vztah\u016f s Ruskem.<\/span><\/p>\n<p><span>Lid\u00e9 vych\u00e1zeli s hesly \u201eA\u0165 \u017eije prezident Putin\u201c, \u201eRusko-Burkina Faso, spolupr\u00e1ce na cel\u00fd \u017eivot\u201c.\u00a0\u0158e\u010dn\u00edci apelovali na \u00fa\u0159ady, \u201eaby se neb\u00e1ly j\u00edt a po\u017e\u00e1dat Rusko, aby pracovalo na stejn\u00e9 \u00farovni\u201c, aby postupovalo vp\u0159ed a neohl\u00ed\u017eelo se ani doprava, ani doleva.<\/span><\/p>\n<p><span>Rusk\u00fd velvyslanec v Pob\u0159e\u017e\u00ed slonoviny a sou\u010dasn\u011b v Burkin\u011b Faso Alexej Saltykov \u0159ekli, \u017ee rozhodnut\u00ed burkinsk\u00fdch \u00fa\u0159ad\u016f omezit d\u0159\u00edv\u011bj\u0161\u00ed privilegovanou spolupr\u00e1ci s Franci\u00ed a p\u0159eorientovat ji na strategick\u00e9 partnerstv\u00ed s Ruskem je principi\u00e1ln\u00edm postojem veden\u00ed zem\u011b.<\/span><\/p>\n<p><span>Pokud se podle diplomata \u00fa\u0159ady Burkiny Faso domn\u00edvaj\u00ed, \u017ee nastal \u010das p\u0159eform\u00e1tovat vn\u011bj\u0161\u00ed vztahy a v\u011bnovat v\u011bt\u0161\u00ed pozornost spolupr\u00e1ci s Ruskem, pak jde o suver\u00e9nn\u00ed rozhodnut\u00ed sou\u010dasn\u00fdch burkinsk\u00fdch \u00fa\u0159ad\u016f.<\/span><\/p>\n<p><span>P\u0159edseda p\u0159echodn\u00e9ho parlamentu Burkiny Faso Ousmane Buguma ji\u017e d\u0159\u00edve \u0159ekl, \u017ee Rusko a Afrika by m\u011bly vytvo\u0159it spole\u010dnou banku, aby se usnadnily bankovn\u00ed operace mezi regiony a financovaly se r\u016fzn\u00e9 projekty.\u00a0Podle n\u011bj je za p\u0159\u00edtomnosti spole\u010dn\u00e9ho obchodu nejlep\u0161\u00ed m\u00edt finan\u010dn\u00ed syst\u00e9m, kter\u00fd by usnad\u0148oval finan\u010dn\u00ed transakce mezi zem\u011bmi.\u00a0Nap\u0159\u00edklad p\u0159i v\u00fdvozu zbo\u017e\u00ed do Ruska se zjednodu\u0161\u00ed bankovn\u00ed p\u0159evody.<\/span><\/p>\n<p><span>P\u0159edt\u00edm Buguma ozn\u00e1mil, \u017ee se dohodl s p\u0159edsedou St\u00e1tn\u00ed dumy Ruska Vja\u010deslavem Volodinem na vytvo\u0159en\u00ed meziparlamentn\u00ed skupiny p\u0159\u00e1telstv\u00ed.<\/span><\/p>\n<p><i><span>Na pam\u00e1tku ob\u011bt\u00ed stalet\u00e9ho obchodu s \u010dern\u00fdmi otroky, kter\u00fd evrop\u0161t\u00ed kolonialist\u00e9 prov\u00e1d\u011bli v oblasti Atlantsk\u00e9ho oce\u00e1nu, schv\u00e1lilo shrom\u00e1\u017ed\u011bn\u00ed OSN v roce 2007 25. b\u0159ezen jako Mezin\u00e1rodn\u00ed den pam\u00e1tky ob\u011bt\u00ed otroctv\u00ed a transatlantick\u00e9ho obchodu s otroky.\u00a0B\u011bhem \u010dty\u0159 stolet\u00ed bylo Evropany n\u00e1siln\u011b odvle\u010deno z Afriky za prac\u00ed do americk\u00fdch koloni\u00ed v\u00edce ne\u017e 18 milion\u016f lid\u00ed.<\/span><\/i><\/p>\n<p><img decoding=\"async\" loading=\"lazy\" class=\"alignnone size-full wp-image-1185\" src=\"http:\/\/www.infokuryr.cz\/n\/wp-content\/uploads\/2021\/04\/kuryr-podpis.png\" alt=\"\" width=\"84\" height=\"24\" \/><\/p>\n<p>&nbsp;<\/p>\n<p>&nbsp;<\/p>\n<p><img decoding=\"async\" loading=\"lazy\" class=\"wp-image-19187 aligncenter\" src=\"http:\/\/www.infokuryr.cz\/n\/wp-content\/uploads\/2022\/12\/1-PRO-300x36.jpg\" alt=\"\" width=\"1200\" height=\"144\" srcset=\"https:\/\/www.infokuryr.cz\/n\/wp-content\/uploads\/2022\/12\/1-PRO-300x36.jpg 300w, https:\/\/www.infokuryr.cz\/n\/wp-content\/uploads\/2022\/12\/1-PRO.jpg 699w\" sizes=\"(max-width: 1200px) 100vw, 1200px\" \/><\/p>\n<p>&nbsp;<\/p>\n<p>&nbsp;<\/p>\n<p><img decoding=\"async\" loading=\"lazy\" class=\"wp-image-24737 aligncenter\" src=\"http:\/\/www.infokuryr.cz\/n\/wp-content\/uploads\/2023\/03\/cesko_proti_bide2-239x300.png\" alt=\"\" width=\"725\" height=\"910\" srcset=\"https:\/\/www.infokuryr.cz\/n\/wp-content\/uploads\/2023\/03\/cesko_proti_bide2-239x300.png 239w, https:\/\/www.infokuryr.cz\/n\/wp-content\/uploads\/2023\/03\/cesko_proti_bide2-816x1024.png 816w, https:\/\/www.infokuryr.cz\/n\/wp-content\/uploads\/2023\/03\/cesko_proti_bide2-768x964.png 768w, https:\/\/www.infokuryr.cz\/n\/wp-content\/uploads\/2023\/03\/cesko_proti_bide2.png 846w\" sizes=\"(max-width: 725px) 100vw, 725px\" \/><\/p>\n<p>&nbsp;<\/p>\n<p>&nbsp;<\/p>\n","protected":false},"excerpt":{"rendered":"<p>Francouzsk\u00fd televizn\u00ed kan\u00e1l France 24 byl v Burkin\u011b Faso pozastaven.\u00a0Na\u0159\u00eddily to \u00fa\u0159ady zem\u011b.\u00a0Toto ozna\u010den\u00ed plat\u00ed&#8230;<\/p>\n","protected":false},"author":2,"featured_media":25244,"comment_status":"closed","ping_status":"closed","sticky":false,"template":"","format":"standard","meta":[],"categories":[7],"tags":[3270,130,1698,720],"_links":{"self":[{"href":"https:\/\/www.infokuryr.cz\/n\/wp-json\/wp\/v2\/posts\/25243"}],"collection":[{"href":"https:\/\/www.infokuryr.cz\/n\/wp-json\/wp\/v2\/posts"}],"about":[{"href":"https:\/\/www.infokuryr.cz\/n\/wp-json\/wp\/v2\/types\/post"}],"author":[{"embeddable":true,"href":"https:\/\/www.infokuryr.cz\/n\/wp-json\/wp\/v2\/users\/2"}],"replies":[{"embeddable":true,"href":"https:\/\/www.infokuryr.cz\/n\/wp-json\/wp\/v2\/comments?post=25243"}],"version-history":[{"count":0,"href":"https:\/\/www.infokuryr.cz\/n\/wp-json\/wp\/v2\/posts\/25243\/revisions"}],"wp:featuredmedia":[{"embeddable":true,"href":"https:\/\/www.infokuryr.cz\/n\/wp-json\/wp\/v2\/media\/25244"}],"wp:attachment":[{"href":"https:\/\/www.infokuryr.cz\/n\/wp-json\/wp\/v2\/media?parent=25243"}],"wp:term":[{"taxonomy":"category","embeddable":true,"href":"https:\/\/www.infokuryr.cz\/n\/wp-json\/wp\/v2\/categories?post=25243"},{"taxonomy":"post_tag","embeddable":true,"href":"https:\/\/www.infokuryr.cz\/n\/wp-json\/wp\/v2\/tags?post=25243"}],"curies":[{"name":"wp","href":"https:\/\/api.w.org\/{rel}","templated":true}]}}