{"id":25158,"date":"2023-03-26T05:49:42","date_gmt":"2023-03-26T03:49:42","guid":{"rendered":"http:\/\/www.infokuryr.cz\/n\/?p=25158"},"modified":"2023-03-26T05:49:42","modified_gmt":"2023-03-26T03:49:42","slug":"ukrajinska-armada-zacne-najimat-zahranicni-piloty","status":"publish","type":"post","link":"https:\/\/www.infokuryr.cz\/n\/2023\/03\/26\/ukrajinska-armada-zacne-najimat-zahranicni-piloty\/","title":{"rendered":"Ukrajinsk\u00e1 arm\u00e1da za\u010dne naj\u00edmat \u201ezahrani\u010dn\u00ed\u201c piloty"},"content":{"rendered":"<div id=\"fb-root\"><\/div>\n<h2 class=\"entry-title\">Ve skute\u010dnosti to budou piloti z \u0159ad arm\u00e1d NATO, USA s t\u00edm m\u00e1 letit\u00e9 zku\u0161enosti<\/h2>\n<p><strong>Ukrajinsk\u00e1 arm\u00e1da ozn\u00e1mila, \u017ee za\u010dne do\u00a0<a href=\"https:\/\/www.businessinsider.com\/ukraine-air-force-allow-foreigners-to-serve-specialists-western-aircraft-2023-3\">sv\u00fdch \u0159ad naj\u00edmat ciz\u00ed piloty \u201edobrovoln\u00edk<\/a>y\u201c. D\u016fvody jsou 2, jednak do\u0161li Ukrajinci, ale hlavn\u011b NATO se p\u0159ipravuje na nasazen\u00ed leteck\u00fdch sil pro novou \u201eukrajinskou\u201c ofenz\u00edvu jednotek NATO, kter\u00e9 na Ukrajin\u011b bojuj\u00ed pod pl\u00e1\u0161t\u00edkem \u201edobrovoln\u00edk\u016f\u201c.<\/strong><\/p>\n<p>Jestli n\u011bkdo v\u011b\u0159\u00ed poh\u00e1dk\u00e1m ze z\u00e1padn\u00edch medi\u00ed, \u017ee se jedn\u00e1 o penzionovan\u00e9 piloty, pak mus\u00edm vysv\u011btlit, j<strong>ak jsou tr\u00e9nov\u00e1ni piloti po p\u0159eru\u0161en\u00ed aktivn\u00ed slu\u017eby. Pokud v\u00fdcvik tankov\u00fdch pos\u00e1dek trv\u00e1 zhruba rok, pak u pilot\u016f je to je\u0161t\u011b mnohem slo\u017eit\u011bj\u0161\u00ed. Pilot v z\u00e1loze, kter\u00fd v\u00edc ne\u017e rok nel\u00e9tal na modern\u00edch stiha\u010dk\u00e1ch typu Mi-29, F-15, F-16, F-18 apod., mus\u00ed po n\u00e1vratu do aktivn\u00ed slu\u017eby str\u00e1vit nejm\u00e9n\u011b 6 m\u011bs\u00edc\u016f pozemn\u00ed p\u0159\u00edpravou ne\u017e je v\u016fbec pu\u0161t\u011bn do letadla<\/strong>. Pozemn\u00ed p\u0159\u00edprava v\u011bt\u0161inou spo\u010d\u00edv\u00e1\u00a0<strong>v tr\u00e9ningu v letov\u00e9m simul\u00e1toru, kde si pilot pln\u011b automatizuje \u0159adu funkc\u00ed pro bojovou misi. B\u011bhem bojov\u00e9 mise mus\u00ed pilot zvl\u00e1dnout \u0159adu \u00fakon\u016f, komunikovat se svoj\u00ed dvojkou, s pozemn\u00ed z\u00e1kladnou, vyhodnocovat informace z radaru, obrann\u00e9ho syst\u00e9mu atd. P<\/strong>roto b\u011b\u017en\u00e9 funkce mus\u00ed d\u011blat naprosto automaticky a k tomu slou\u017e\u00ed pr\u00e1v\u011b onen pozemn\u00ed dril.\u00a0<strong>Pot\u00e9 za\u010dne znovu l\u00e9tat (\u010dasto s instruktorem) a a\u017e po n\u011bkolika t\u00fddnech\/m\u011bs\u00edc\u00edch se m\u016f\u017ee s\u00e1m aktivn\u011b \u00fa\u010dastnit bojov\u00e9 mise<\/strong>.<\/p>\n<p>V<strong>\u00a0nadzvukov\u00e9 st\u00edha\u010dce jak\u00e1koliv pilotn\u00ed chyba znamen\u00e1 v\u011bt\u0161inou nejenom ztr\u00e1tu pilota, ale i drah\u00e9ho letadla a to nechce nikdo riskovat. V\u00e1lka na Ukrajin\u011b nen\u00ed Afganist\u00e1n, nebo Ir\u00e1k, kdy druh\u00e1 strana nem\u011bla \u017e\u00e1dn\u00e9 prost\u0159edky protiletadlov\u00e9 obrany a pilot\u016f, tedy od nep\u0159\u00edtele nic nehrozilo. Zde bojuj\u00ed s modern\u00ed ruskou arm\u00e1dou, kter\u00e1 m\u00e1 jak modern\u00ed letadla, tak dob\u0159e vycvi\u010den\u00e9 piloty.<\/strong><\/p>\n<p><strong>Pokud tedy Ukrajinci dostanou ze Z\u00e1padu letadla, pak mus\u00ed dostat i piloty<\/strong>\u00a0a to plat\u00ed i pro Polsko slovensk\u00e9 dod\u00e1vky Mig 29.\u00a0<strong>\u017d\u00e1dn\u00e1 jin\u00e1 mo\u017enost nen\u00ed. Stejn\u011b jako u tank\u016f a dal\u0161\u00edch modern\u00edch zbra\u0148ov\u00fdch syst\u00e9mu bude na Ukrajin\u011b bojovat z\u00e1padn\u00ed profesion\u00e1ln\u00ed voj\u00e1k jednotek NATO. Medi\u00e1ln\u00ed historky o rychle se u\u010d\u00edc\u00edch ukrajinsk\u00fdch tankistech a pilotech jsou jen poh\u00e1dky pro media a hloup\u011bj\u0161\u00ed \u010d\u00e1st ve\u0159ejnosti.<\/strong><\/p>\n<p>Funguje to tak,\u00a0<strong>voj\u00e1ci se ofici\u00e1ln\u011b vy\u0159ad\u00ed z arm\u00e1dy a okam\u017eit\u011b podep\u00ed\u0161\u00ed kontrakt se soukromou firmou a na Ukrajin\u011b slou\u017e\u00ed jako \u201edobrovoln\u00edci\u201c<\/strong>. Ameri\u010dan\u00e9 a Britov\u00e9 zat\u00edm maj\u00ed st\u00e1le strach do otev\u0159en\u00e9ho vysl\u00e1n\u00ed jednotek na Ukrajinu pod jejich skute\u010dnou identitou, p<strong>roto\u017ee to by velmi pravd\u011bpodobn\u011b znamenalo jadernou 3. sv\u011btovou v\u00e1lku. Americk\u00e1 vojensk\u00e1 doktr\u00edna sice s jadernou v\u00e1lkou v Evrop\u011b po\u010d\u00edt\u00e1, ale zat\u00edm je\u0161t\u011b p\u0159eva\u017euj\u00ed hlasy rozumu.<\/strong><\/p>\n<p>A<strong>meri\u010dan\u00e9 maj\u00ed s t\u011bmito druhy operac\u00ed, kdy se vytvo\u0159\u00ed \u201enov\u00e1 arm\u00e1da dobrovoln\u00edk\u016f: z jejich regul\u00e9rn\u00edch jednotek dlouholet\u00e9 zku\u0161enosti<\/strong>. Nap\u0159\u00edklad v Laosu v 60. a 70. letech CIA vytvo\u0159ila cel\u00e9 letectvo sestaven\u00e9 z americk\u00fdch pilot\u016f. Operace se jmenovala the other theather (jin\u00e9 divadlo) a akce prob\u00edhala n\u011bkolik let. Neofici\u00e1ln\u011b se t\u011bmto jednotk\u00e1m \u0159\u00edkalo AIR America a piloti l\u00e9tali v civiln\u00edm oble\u010den\u00ed. Tehdej\u0161\u00ed ztr\u00e1ty americk\u00fdch pilot\u016f dosahovaly a\u017e 28%.<\/p>\n<p><strong>Podobn\u00e9 operace v men\u0161\u00edm rozsahu CIA organizovala v latinsk\u00e9 a st\u0159edn\u00ed Americe, v Africe i na Bl\u00edzk\u00e9m V\u00fdchod\u011b.<\/strong><\/p>\n<p><strong>Sv\u011bt se bohu\u017eel pomalu sune k 3. sv\u011btov\u00e9 v\u00e1lce, kter\u00e9 bude p\u0159edch\u00e1zet nastolen\u00ed diktatury a teroru proti protiv\u00e1le\u010dn\u00e9 ve\u0159ejnosti a bude se to t\u00fdkat i \u010ceska<\/strong>. \u010c\u00e1st politik\u016f 5-koalice jako Pavel, \u017den\u00ed\u0161ek, Zdechovsk\u00fd, Raku\u0161an atd. k tomu ji\u017e otev\u0159en\u011b vyz\u00fdvaj\u00ed. Pr\u00fd je t\u0159eba zlikvidovat 5. kolonu, dezol\u00e1ty, rusk\u00e9 \u0161v\u00e1by a konspira\u010dn\u00ed teoretiky\u2026.<\/p>\n<p><em>Pilot \u010c\u00e1slav\u00e1k<\/em><\/p>\n<p><a href=\"https:\/\/ceskavec.com\/2023\/03\/ukrajinska-armada-zacne-najimat-zahranicni-piloty-ve-skutecnosti-to-budou-piloti-z-rad-armad-nato-usa-s-tim-ma-letite-zkusenosti\">\u010cesk\u00e1 v\u011bc<\/a><\/p>\n<p>&nbsp;<\/p>\n<p><img decoding=\"async\" loading=\"lazy\" class=\"wp-image-19187 aligncenter\" src=\"http:\/\/www.infokuryr.cz\/n\/wp-content\/uploads\/2022\/12\/1-PRO-300x36.jpg\" alt=\"\" width=\"958\" height=\"115\" srcset=\"https:\/\/www.infokuryr.cz\/n\/wp-content\/uploads\/2022\/12\/1-PRO-300x36.jpg 300w, https:\/\/www.infokuryr.cz\/n\/wp-content\/uploads\/2022\/12\/1-PRO.jpg 699w\" sizes=\"(max-width: 958px) 100vw, 958px\" \/><\/p>\n<p>&nbsp;<\/p>\n<p>&nbsp;<\/p>\n<p><img decoding=\"async\" loading=\"lazy\" class=\"wp-image-24737 aligncenter\" src=\"http:\/\/www.infokuryr.cz\/n\/wp-content\/uploads\/2023\/03\/cesko_proti_bide2-239x300.png\" alt=\"\" width=\"635\" height=\"797\" srcset=\"https:\/\/www.infokuryr.cz\/n\/wp-content\/uploads\/2023\/03\/cesko_proti_bide2-239x300.png 239w, https:\/\/www.infokuryr.cz\/n\/wp-content\/uploads\/2023\/03\/cesko_proti_bide2-816x1024.png 816w, https:\/\/www.infokuryr.cz\/n\/wp-content\/uploads\/2023\/03\/cesko_proti_bide2-768x964.png 768w, https:\/\/www.infokuryr.cz\/n\/wp-content\/uploads\/2023\/03\/cesko_proti_bide2.png 846w\" sizes=\"(max-width: 635px) 100vw, 635px\" \/><\/p>\n<p>&nbsp;<\/p>\n","protected":false},"excerpt":{"rendered":"<p>Ve skute\u010dnosti to budou piloti z \u0159ad arm\u00e1d NATO, USA s t\u00edm m\u00e1 letit\u00e9 zku\u0161enosti&#8230;<\/p>\n","protected":false},"author":2,"featured_media":25159,"comment_status":"closed","ping_status":"closed","sticky":false,"template":"","format":"standard","meta":[],"categories":[6],"tags":[80,39,736,26],"_links":{"self":[{"href":"https:\/\/www.infokuryr.cz\/n\/wp-json\/wp\/v2\/posts\/25158"}],"collection":[{"href":"https:\/\/www.infokuryr.cz\/n\/wp-json\/wp\/v2\/posts"}],"about":[{"href":"https:\/\/www.infokuryr.cz\/n\/wp-json\/wp\/v2\/types\/post"}],"author":[{"embeddable":true,"href":"https:\/\/www.infokuryr.cz\/n\/wp-json\/wp\/v2\/users\/2"}],"replies":[{"embeddable":true,"href":"https:\/\/www.infokuryr.cz\/n\/wp-json\/wp\/v2\/comments?post=25158"}],"version-history":[{"count":0,"href":"https:\/\/www.infokuryr.cz\/n\/wp-json\/wp\/v2\/posts\/25158\/revisions"}],"wp:featuredmedia":[{"embeddable":true,"href":"https:\/\/www.infokuryr.cz\/n\/wp-json\/wp\/v2\/media\/25159"}],"wp:attachment":[{"href":"https:\/\/www.infokuryr.cz\/n\/wp-json\/wp\/v2\/media?parent=25158"}],"wp:term":[{"taxonomy":"category","embeddable":true,"href":"https:\/\/www.infokuryr.cz\/n\/wp-json\/wp\/v2\/categories?post=25158"},{"taxonomy":"post_tag","embeddable":true,"href":"https:\/\/www.infokuryr.cz\/n\/wp-json\/wp\/v2\/tags?post=25158"}],"curies":[{"name":"wp","href":"https:\/\/api.w.org\/{rel}","templated":true}]}}