{"id":25153,"date":"2023-03-26T01:15:38","date_gmt":"2023-03-26T00:15:38","guid":{"rendered":"http:\/\/www.infokuryr.cz\/n\/?p=25153"},"modified":"2023-03-25T19:42:53","modified_gmt":"2023-03-25T18:42:53","slug":"dovoz-ruskych-ryb-do-eu-prudce-stoupa","status":"publish","type":"post","link":"https:\/\/www.infokuryr.cz\/n\/2023\/03\/26\/dovoz-ruskych-ryb-do-eu-prudce-stoupa\/","title":{"rendered":"Dovoz rusk\u00fdch ryb do EU prudce stoup\u00e1"},"content":{"rendered":"<div id=\"fb-root\"><\/div>\n<p><span style=\"font-size: 18pt;\"><strong>Nizozemsko, Polsko a N\u011bmecko se um\u00edstily jako nejv\u011bt\u0161\u00ed kupuj\u00edc\u00ed v roce 2022, ozn\u00e1mila Rusk\u00e1 asociace ryb\u00e1\u0159sk\u00e9ho pr\u016fmyslu<\/strong><\/span><\/p>\n<p>V\u00fdvoz rusk\u00fdch ryb do Evropsk\u00e9 unie v roce 2022 stoupl t\u00e9m\u011b\u0159 o 20 %, podle nejnov\u011bj\u0161\u00edho hodnocen\u00ed vydan\u00e9ho Rusk\u00fdm sdru\u017een\u00edm ryb\u00e1\u0159sk\u00e9ho pr\u016fmyslu (VARPE).<\/p>\n<p>Dovoz ryb ze sankcionovan\u00e9 zem\u011b do EU meziro\u010dn\u011b vzrostl o 18,7 % na 198,8 tis\u00edc tun, uv\u00e1d\u00ed zpr\u00e1va na z\u00e1klad\u011b \u00fadaj\u016f Eurostatu.\u00a0Mezit\u00edm hodnota rusk\u00e9ho v\u00fdvozu ryb do bloku vylet\u011bla o 57,6 % na 940 milion\u016f EUR (p\u0159es 1 miliardu USD), p\u0159i\u010dem\u017e nejv\u011bt\u0161\u00edmi odb\u011brateli byly Nizozemsko, Polsko a N\u011bmecko.<\/p>\n<p>B\u00edl\u00e9 ryby se na celkov\u00e9m objemu z\u00e1silek pod\u00edlely 47 %, v pen\u011b\u017en\u00edm vyj\u00e1d\u0159en\u00ed 54,7 %.\u00a0Mezit\u00edm produkty tresky tvo\u0159ily 41 % z hlediska hodnoty a 32,3 % z hlediska pen\u011b\u017en\u00edho.<\/p>\n<p>Rusko p\u0159edstavovalo 4,5 % ze 4,4 milion\u016f tun dovozu ryb a mo\u0159sk\u00fdch plod\u016f do EU v roce 2022.<\/p>\n<p>EU je jedn\u00edm z nejatraktivn\u011bj\u0161\u00edch sv\u011btov\u00fdch trh\u016f pro producenty ryb, zat\u00edmco Rusko je spolu s \u010c\u00ednou, Norskem a USA jedn\u00edm z hlavn\u00edch dodavatel\u016f b\u00edl\u00fdch ryb do bloku.<\/p>\n<p>Podle prezidenta VARPE, N\u011bmce Zvereva, byl n\u00e1r\u016fst exportu pravd\u011bpodobn\u011b zp\u016fsoben velkoobchodn\u00edky a zpracovateli, kte\u0159\u00ed zv\u00fd\u0161ili sv\u00e9 z\u00e1soby v o\u010dek\u00e1v\u00e1n\u00ed mo\u017en\u00fdch sankc\u00ed na rusk\u00e9 ryby.<\/p>\n<p>Zverev o\u010dek\u00e1v\u00e1, \u017ee se Rusko ji\u017e v tomto roce stane sv\u011btovou jedni\u010dkou v produkci atlantick\u00e9 tresky a poskytne producent\u016fm v zemi dobr\u00e9 p\u0159\u00edle\u017eitosti k pos\u00edlen\u00ed sv\u00e9ho vlivu v tomto segmentu prodeje b\u00edl\u00fdch ryb.\u00a0\u0158ekl v\u0161ak, \u017ee pokra\u010duj\u00edc\u00ed nejistota ohledn\u011b budouc\u00edch sankc\u00ed bude nad\u00e1le ovliv\u0148ovat odv\u011btv\u00ed.<\/p>\n<p><img decoding=\"async\" loading=\"lazy\" class=\"alignnone size-full wp-image-1185\" src=\"http:\/\/www.infokuryr.cz\/n\/wp-content\/uploads\/2021\/04\/kuryr-podpis.png\" alt=\"\" width=\"84\" height=\"24\" \/><\/p>\n<p>&nbsp;<\/p>\n<p>&nbsp;<\/p>\n<p><img decoding=\"async\" loading=\"lazy\" class=\"wp-image-19187 aligncenter\" src=\"http:\/\/www.infokuryr.cz\/n\/wp-content\/uploads\/2022\/12\/1-PRO-300x36.jpg\" alt=\"\" width=\"942\" height=\"113\" srcset=\"https:\/\/www.infokuryr.cz\/n\/wp-content\/uploads\/2022\/12\/1-PRO-300x36.jpg 300w, https:\/\/www.infokuryr.cz\/n\/wp-content\/uploads\/2022\/12\/1-PRO.jpg 699w\" sizes=\"(max-width: 942px) 100vw, 942px\" \/><\/p>\n<p>&nbsp;<\/p>\n<p><img decoding=\"async\" loading=\"lazy\" class=\"wp-image-24737 aligncenter\" src=\"http:\/\/www.infokuryr.cz\/n\/wp-content\/uploads\/2023\/03\/cesko_proti_bide2-239x300.png\" alt=\"\" width=\"624\" height=\"783\" srcset=\"https:\/\/www.infokuryr.cz\/n\/wp-content\/uploads\/2023\/03\/cesko_proti_bide2-239x300.png 239w, https:\/\/www.infokuryr.cz\/n\/wp-content\/uploads\/2023\/03\/cesko_proti_bide2-816x1024.png 816w, https:\/\/www.infokuryr.cz\/n\/wp-content\/uploads\/2023\/03\/cesko_proti_bide2-768x964.png 768w, https:\/\/www.infokuryr.cz\/n\/wp-content\/uploads\/2023\/03\/cesko_proti_bide2.png 846w\" sizes=\"(max-width: 624px) 100vw, 624px\" \/><\/p>\n<p>&nbsp;<\/p>\n<p>&nbsp;<\/p>\n","protected":false},"excerpt":{"rendered":"<p>Nizozemsko, Polsko a N\u011bmecko se um\u00edstily jako nejv\u011bt\u0161\u00ed kupuj\u00edc\u00ed v roce 2022, ozn\u00e1mila Rusk\u00e1 asociace&#8230;<\/p>\n","protected":false},"author":2,"featured_media":25154,"comment_status":"closed","ping_status":"closed","sticky":false,"template":"","format":"standard","meta":[],"categories":[7],"tags":[22,4650,3047,365],"_links":{"self":[{"href":"https:\/\/www.infokuryr.cz\/n\/wp-json\/wp\/v2\/posts\/25153"}],"collection":[{"href":"https:\/\/www.infokuryr.cz\/n\/wp-json\/wp\/v2\/posts"}],"about":[{"href":"https:\/\/www.infokuryr.cz\/n\/wp-json\/wp\/v2\/types\/post"}],"author":[{"embeddable":true,"href":"https:\/\/www.infokuryr.cz\/n\/wp-json\/wp\/v2\/users\/2"}],"replies":[{"embeddable":true,"href":"https:\/\/www.infokuryr.cz\/n\/wp-json\/wp\/v2\/comments?post=25153"}],"version-history":[{"count":1,"href":"https:\/\/www.infokuryr.cz\/n\/wp-json\/wp\/v2\/posts\/25153\/revisions"}],"predecessor-version":[{"id":25155,"href":"https:\/\/www.infokuryr.cz\/n\/wp-json\/wp\/v2\/posts\/25153\/revisions\/25155"}],"wp:featuredmedia":[{"embeddable":true,"href":"https:\/\/www.infokuryr.cz\/n\/wp-json\/wp\/v2\/media\/25154"}],"wp:attachment":[{"href":"https:\/\/www.infokuryr.cz\/n\/wp-json\/wp\/v2\/media?parent=25153"}],"wp:term":[{"taxonomy":"category","embeddable":true,"href":"https:\/\/www.infokuryr.cz\/n\/wp-json\/wp\/v2\/categories?post=25153"},{"taxonomy":"post_tag","embeddable":true,"href":"https:\/\/www.infokuryr.cz\/n\/wp-json\/wp\/v2\/tags?post=25153"}],"curies":[{"name":"wp","href":"https:\/\/api.w.org\/{rel}","templated":true}]}}