{"id":25127,"date":"2023-03-26T01:02:38","date_gmt":"2023-03-26T00:02:38","guid":{"rendered":"http:\/\/www.infokuryr.cz\/n\/?p=25127"},"modified":"2023-03-25T18:25:05","modified_gmt":"2023-03-25T17:25:05","slug":"jiri-paroubek-zelezneho-kauza-je-nechutna","status":"publish","type":"post","link":"https:\/\/www.infokuryr.cz\/n\/2023\/03\/26\/jiri-paroubek-zelezneho-kauza-je-nechutna\/","title":{"rendered":"Ji\u0159\u00ed Paroubek: \u017delezn\u00e9ho kauza je nechutn\u00e1\u2026"},"content":{"rendered":"<div id=\"fb-root\"><\/div>\n<p><span style=\"font-size: 18pt;\"><strong>\u2026z mnoha hledisek.<\/strong><\/span><\/p>\n<p>Tak za prv\u00e9, \u017delezn\u00fd se u policist\u016f dlouhodob\u011b, tedy n\u011bkolikr\u00e1t do\u017eadoval n\u011b\u010deho, na co nem\u00e1 jako ob\u010dan pr\u00e1vo. Kdy\u017e se postav\u00edm na z\u00e1kazu st\u00e1n\u00ed anebo na modr\u00e9 z\u00f3n\u011b a nezaplat\u00edm \u010di nechci zaplatit pokutu na m\u00edst\u011b, mus\u00edm o\u010dek\u00e1vat, \u017ee dostanu od m\u011bstsk\u00e9 police \u201epozdrav\u201c. Tedy, \u017ee mn\u011b po\u0161lou pokutu dom\u016f.<\/p>\n<p>Pra\u017esk\u00e9 ulice neust\u00e1le br\u00e1zd\u00ed hl\u00eddkov\u00e1 auta soukrom\u00e9 firmy, kter\u00e1 sleduj\u00ed, kdo z\u00a0\u0159idi\u010d\u016f nem\u00e1 pr\u00e1vo st\u00e1t na ur\u010dit\u00e9m m\u00edst\u011b. Kdo nezaplatil poplatek anebo (\u017eije na jin\u00e9m konci republiky a) nem\u00e1 zaplacenu platbu za modrou z\u00f3nu. Je to nep\u0159\u00edjemn\u00e9, ale tak to je. Je to z\u0159ejm\u011b nejl\u00e9pe funguj\u00edc\u00ed slu\u017eba v Praze. Ka\u017ed\u00fd z n\u00e1s s t\u00edm m\u00e1 svou zku\u0161enost. A proto v\u011bt\u0161ina z n\u00e1s, v\u010detn\u011b mn\u011b, umis\u0165uje sv\u00e9 auto podle mo\u017enosti tak, aby se nedostal do kolize se str\u00e1\u017en\u00edky nebo dokonce s policisty. To \u017delezn\u00fd zjevn\u011b nezvl\u00e1dl a dokonce je\u0161t\u011b str\u00e1\u017en\u00edky ur\u00e1\u017eel.<\/p>\n<p>Zve\u0159ejn\u011bn\u00ed videa s nahr\u00e1vkou \u0159\u00e1d\u00edc\u00edho \u017delezn\u00e9ho je sice pro n\u011bj osobn\u011b nep\u0159\u00edjemn\u00e9, ale nen\u00ed d\u016fvod, aby se policie za n\u011bco omlouvala, jak si p\u0159iposra\u017een\u011b mysl\u00ed jej\u00ed vrchn\u00ed velitel, pra\u017esk\u00fd prim\u00e1tor Svoboda.<\/p>\n<p>Vzpom\u00edn\u00e1m si ostatn\u011b na ud\u00e1lost p\u0159ed dv\u011bma lety, kdy na z\u00e1klad\u011b fotografie m\u00e9 osoby, kterou si bulv\u00e1r zajistil n\u011bkde na n\u00e1m\u011bst\u00ed v Teplic\u00edch, byla vydedukov\u00e1na m\u00e1 \u00fadajn\u00e1 \u00fa\u010dast na oslav\u011b narozenin m\u00e9ho bl\u00edzk\u00e9ho p\u0159\u00edtele v\u00a0jeho hotelu v Teplic\u00edch. To v\u0161e v dob\u011b covidov\u00e9 pandemie. Sice jsem se proti tomuto \u201eobvin\u011bn\u00ed\u201c ze sp\u00e1ch\u00e1n\u00ed p\u0159estupku ohrazoval, ale n\u011bkter\u00e1 m\u00e9dia v\u010detn\u011b \u010cesk\u00e9 televize, na to nedbala. Snad desetkr\u00e1t jsem v \u010cesk\u00e9 televizi jen j\u00e1 s\u00e1m vid\u011bl p\u0159es celou obrazovku zve\u0159ejn\u011bn\u00fd \u010dl\u00e1nek z Blesku pod n\u00e1zvem \u201eNo\u010dn\u00ed mejdan s Paroubkem\u201c.<\/p>\n<p>O cel\u00e9 v\u011bci jsem hovo\u0159il dokonce s gener\u00e1ln\u00edm \u0159editelem \u010cT a \u017e\u00e1dal jsem ho, abych nebyl d\u00e1le neopr\u00e1vn\u011bn\u011b skandalizov\u00e1n, nebo\u0165 na zm\u00edn\u011bn\u00e9 oslav\u011b jsem prost\u011b nebyl. To ostatn\u011b uznaly i p\u0159\u00edslu\u0161n\u00e9 spr\u00e1vn\u00ed org\u00e1ny, kter\u00e9 mi tak\u00e9 nikdy nedaly pokutu za mou \u00fadajnou \u00fa\u010dast na oslav\u011b v dob\u011b z\u00e1kazu shroma\u017e\u010fov\u00e1n\u00ed v dob\u011b covidov\u00e9 pandemie. A musel jsem to strp\u011bt. Nikdo se mi neomluvil.<\/p>\n<p>Zn\u00e1m\u00fd lh\u00e1\u0159 Daniel Kroupa, b\u00fdval\u00fd m\u00edstop\u0159edseda zcela zkorumpovan\u00e9 a v ostudn\u00fdch kotrmelc\u00edch p\u0159ed mnoha lety kon\u010d\u00edc\u00ed Ob\u010dansk\u00e9 demokratick\u00e9 aliance, m\u011bl dokonce tu odvahu m\u011b pak oso\u010dovat a hledat spiknut\u00ed mezi mnou a n\u011bkter\u00fdmi \u00fadajn\u00fdmi \u00fa\u010dastn\u00edky \u00fadajn\u00e9 oslavy je\u0161t\u011b z doby, kdy jsem byl premi\u00e9rem. Prost\u011b z \u010cT se mn\u011b dosud za neopr\u00e1vn\u011bnou skandalizaci m\u00e9 osoby a m\u00e9ho jm\u00e9na nikdo neomluvil.<\/p>\n<p>Dnes ti r\u016fzn\u00ed Kalouskov\u00e9, Pokorn\u00ed a dal\u0161\u00ed ron\u00ed krokod\u00fdl\u00ed slzy nad uboh\u00fdm redaktorem \u017delezn\u00fdm, kter\u00fd te\u010f tak \u201enezaslou\u017een\u011b trp\u00ed\u201c p\u0159i \u00fatoc\u00edch n\u011bkter\u00fdch m\u00e9di\u00ed.<\/p>\n<p>Te\u010f u\u017e k dobr\u00e9mu t\u00f3nu pat\u0159\u00ed po\u017eadovat, aby m\u00e9dia zcela sklapla, kdy\u017e u\u017e se pan \u017delezn\u00fd vlastn\u011b \u201eomluvil\u201c. Prost\u011b nehor\u00e1zn\u00fd p\u0159\u00edstup. Veden\u00ed \u010cesk\u00e9 televize by pana \u017delezn\u00e9ho m\u011blo neprodlen\u011b poslat na \u00da\u0159ad pr\u00e1ce. Proto\u017ee skand\u00e1l tohoto typu ve\u0159ejnopr\u00e1vn\u00ed televizi \u0161kod\u00ed.<\/p>\n<p><a href=\"https:\/\/vasevec.info\/komentare\/jiri-paroubek-zelezneho-kauza-je-nechutna\">Ji\u0159\u00ed Paroubek<\/a><\/p>\n<p><img decoding=\"async\" loading=\"lazy\" class=\"alignnone size-medium wp-image-2342\" src=\"http:\/\/www.infokuryr.cz\/n\/wp-content\/uploads\/2021\/06\/paroubek-300x208.jpg\" alt=\"\" width=\"300\" height=\"208\" srcset=\"https:\/\/www.infokuryr.cz\/n\/wp-content\/uploads\/2021\/06\/paroubek-300x208.jpg 300w, https:\/\/www.infokuryr.cz\/n\/wp-content\/uploads\/2021\/06\/paroubek.jpg 318w\" sizes=\"(max-width: 300px) 100vw, 300px\" \/><\/p>\n<p>_____________________________<\/p>\n<p>&nbsp;<\/p>\n<p>&nbsp;<\/p>\n<p><img decoding=\"async\" loading=\"lazy\" class=\"wp-image-19187 aligncenter\" src=\"http:\/\/www.infokuryr.cz\/n\/wp-content\/uploads\/2022\/12\/1-PRO-300x36.jpg\" alt=\"\" width=\"933\" height=\"112\" srcset=\"https:\/\/www.infokuryr.cz\/n\/wp-content\/uploads\/2022\/12\/1-PRO-300x36.jpg 300w, https:\/\/www.infokuryr.cz\/n\/wp-content\/uploads\/2022\/12\/1-PRO.jpg 699w\" sizes=\"(max-width: 933px) 100vw, 933px\" \/><\/p>\n<p>&nbsp;<\/p>\n<p>&nbsp;<\/p>\n<p><img decoding=\"async\" loading=\"lazy\" class=\"wp-image-24737 aligncenter\" src=\"http:\/\/www.infokuryr.cz\/n\/wp-content\/uploads\/2023\/03\/cesko_proti_bide2-239x300.png\" alt=\"\" width=\"622\" height=\"781\" srcset=\"https:\/\/www.infokuryr.cz\/n\/wp-content\/uploads\/2023\/03\/cesko_proti_bide2-239x300.png 239w, https:\/\/www.infokuryr.cz\/n\/wp-content\/uploads\/2023\/03\/cesko_proti_bide2-816x1024.png 816w, https:\/\/www.infokuryr.cz\/n\/wp-content\/uploads\/2023\/03\/cesko_proti_bide2-768x964.png 768w, https:\/\/www.infokuryr.cz\/n\/wp-content\/uploads\/2023\/03\/cesko_proti_bide2.png 846w\" sizes=\"(max-width: 622px) 100vw, 622px\" \/><\/p>\n<p>&nbsp;<\/p>\n<p>&nbsp;<\/p>\n<p>&nbsp;<\/p>\n","protected":false},"excerpt":{"rendered":"<p>\u2026z mnoha hledisek. Tak za prv\u00e9, \u017delezn\u00fd se u policist\u016f dlouhodob\u011b, tedy n\u011bkolikr\u00e1t do\u017eadoval n\u011b\u010deho,&#8230;<\/p>\n","protected":false},"author":2,"featured_media":5134,"comment_status":"closed","ping_status":"closed","sticky":false,"template":"","format":"standard","meta":[],"categories":[6],"tags":[29,1009,4439],"_links":{"self":[{"href":"https:\/\/www.infokuryr.cz\/n\/wp-json\/wp\/v2\/posts\/25127"}],"collection":[{"href":"https:\/\/www.infokuryr.cz\/n\/wp-json\/wp\/v2\/posts"}],"about":[{"href":"https:\/\/www.infokuryr.cz\/n\/wp-json\/wp\/v2\/types\/post"}],"author":[{"embeddable":true,"href":"https:\/\/www.infokuryr.cz\/n\/wp-json\/wp\/v2\/users\/2"}],"replies":[{"embeddable":true,"href":"https:\/\/www.infokuryr.cz\/n\/wp-json\/wp\/v2\/comments?post=25127"}],"version-history":[{"count":0,"href":"https:\/\/www.infokuryr.cz\/n\/wp-json\/wp\/v2\/posts\/25127\/revisions"}],"wp:featuredmedia":[{"embeddable":true,"href":"https:\/\/www.infokuryr.cz\/n\/wp-json\/wp\/v2\/media\/5134"}],"wp:attachment":[{"href":"https:\/\/www.infokuryr.cz\/n\/wp-json\/wp\/v2\/media?parent=25127"}],"wp:term":[{"taxonomy":"category","embeddable":true,"href":"https:\/\/www.infokuryr.cz\/n\/wp-json\/wp\/v2\/categories?post=25127"},{"taxonomy":"post_tag","embeddable":true,"href":"https:\/\/www.infokuryr.cz\/n\/wp-json\/wp\/v2\/tags?post=25127"}],"curies":[{"name":"wp","href":"https:\/\/api.w.org\/{rel}","templated":true}]}}