{"id":25121,"date":"2023-03-26T01:00:12","date_gmt":"2023-03-26T00:00:12","guid":{"rendered":"http:\/\/www.infokuryr.cz\/n\/?p=25121"},"modified":"2023-03-25T18:09:39","modified_gmt":"2023-03-25T17:09:39","slug":"v-byvale-ndr-se-zacinaji-zeny-matky-bourit-proti-masove-imigraci","status":"publish","type":"post","link":"https:\/\/www.infokuryr.cz\/n\/2023\/03\/26\/v-byvale-ndr-se-zacinaji-zeny-matky-bourit-proti-masove-imigraci\/","title":{"rendered":"V b\u00fdval\u00e9 NDR se za\u010d\u00ednaj\u00ed \u017eeny-matky bou\u0159it proti masov\u00e9 imigraci"},"content":{"rendered":"<div id=\"fb-root\"><\/div>\n<h2 class=\"entry-title\">Maj\u00ed dost obt\u011b\u017eov\u00e1n\u00ed, nad\u00e1vek a zn\u00e1sil\u0148ov\u00e1n\u00ed. Politici na\u0159\u00edkaj\u00ed nad \u201eextremismem neonacist\u016f\u201c<\/h2>\n<p>Masov\u00e1 imigrace do N\u011bmecka jede na pln\u00fd plyn.\u00a0<strong>C\u00edlem je \u00fapln\u00e1 n\u00e1hrada b\u00edl\u00e9ho n\u011bmeck\u00e9ho obyvatelstva barevn\u00fdmi a \u010dern\u00fdmi muslimsk\u00fdmi imigranty. P\u0159echodn\u00e1 f\u00e1ze s sebou pochopiteln\u011b p\u0159in\u00e1\u0161\u00ed \u0159adu negativn\u00edch jev\u016f. P\u0159edev\u0161\u00edm pouli\u010dn\u00ed kriminalita a n\u00e1sil\u00ed v\u016f\u010di nejslab\u0161\u00edm \u010dlen\u016fm spole\u010dnosti. To jsou d\u011bti, \u017eeny a sta\u0159\u00ed lid\u00e9. Na ty si agresivn\u00ed uprchl\u00edci troufaj\u00ed nejv\u00edc. Na denn\u00edm po\u0159\u00e1dku jsou obt\u011b\u017eov\u00e1n\u00ed, nad\u00e1vky, okr\u00e1dan\u00ed, bit\u00ed a zn\u00e1sil\u0148ov\u00e1n\u00ed ze strany uprchl\u00edk\u016f. Policie v\u011bt\u0161inou nic ned\u011bl\u00e1 a \u201en\u011bme\u010dt\u00ed\u201c politici a novin\u00e1\u0159i se ob\u011btem je\u0161t\u011b posm\u00edvaj\u00ed a vyz\u00fdvaj\u00ed k \u201etoleranci\u201c.<\/strong><\/p>\n<p><strong>N\u011bmeck\u00e1 spole\u010dnost se zd\u00e1 b\u00fdt paralyzov\u00e1na a n\u00e1sil\u00ed se nebr\u00e1n\u00ed<\/strong>. Na vin\u011b je p\u0159edev\u0161\u00edm vnucen\u00e1 holocaustov\u00e1 vina, kter\u00e1 je do n\u011bmeck\u00e9 spole\u010dnosti um\u011ble implementov\u00e1na i skoro 80 let po skon\u010den\u00ed 2. sv\u011btov\u00e9 v\u00e1lky.\u00a0<strong>V\u00fdjimkou je b\u00fdval\u00e1 NDR, zde lid\u00e9 maj\u00ed st\u00e1le v pam\u011bti p\u0159edchoz\u00ed totalitu a cht\u011bj\u00ed se br\u00e1nit.<\/strong><\/p>\n<p><strong>Ve spolkov\u00e9\u00a0<a href=\"https:\/\/jungefreiheit.de\/politik\/ausland\/2023\/muetter-im-widerstand\/\">zemi Meklenbursko-Pomo\u0159ansko<\/a>\u00a0za\u010daly \u017eeny matky po\u0159\u00e1dat demonstrace proti masov\u00e9 imigraci v n\u011bkolika m\u011bstech a jejich po\u010det rost<\/strong>e. Jejich aktivita zdola vyvolala zd\u011b\u0161en\u00ed mezi politick\u00fdm mainstreamem a medii.\u00a0<strong>U\u017e se oz\u00fdvaj\u00ed n\u00e1\u0159ky nad pravicov\u00fdm extremismem a neonacismem.<\/strong><\/p>\n<p><strong>P\u0159itom ka\u017ed\u00fd v\u00ed, \u017ee se jedn\u00e1 jen o aktivitu zoufal\u00fdch m\u00e1m od d\u011bt\u00ed, kter\u00e9 u\u017e nevid\u00ed \u017e\u00e1dnou jinou mo\u017enost ne\u017e se br\u00e1nit sami! U\u017e jim nevad\u00ed ani medi\u00e1ln\u00ed pomlouv\u00e1n\u00ed, v\u00fdhr\u016f\u017eky propu\u0161t\u011bn\u00ed z pr\u00e1ce, \u010di v\u011bzen\u00ed za nen\u00e1vist\u2026. zdrav\u00e9 \u017eensk\u00e9 instinkty je\u0161t\u011b nejsou \u00fapln\u011b ztraceny.<\/strong>\u00a0Zda maj\u00ed \u0161anci na \u00fasp\u011bch je v\u011bc jin\u00e1.<\/p>\n<p><img decoding=\"async\" loading=\"lazy\" class=\"alignnone size-full wp-image-1185\" src=\"http:\/\/www.infokuryr.cz\/n\/wp-content\/uploads\/2021\/04\/kuryr-podpis.png\" alt=\"\" width=\"84\" height=\"24\" \/><\/p>\n<p>&nbsp;<\/p>\n<p>&nbsp;<\/p>\n<p><img decoding=\"async\" loading=\"lazy\" class=\"wp-image-19187 aligncenter\" src=\"http:\/\/www.infokuryr.cz\/n\/wp-content\/uploads\/2022\/12\/1-PRO-300x36.jpg\" alt=\"\" width=\"950\" height=\"114\" srcset=\"https:\/\/www.infokuryr.cz\/n\/wp-content\/uploads\/2022\/12\/1-PRO-300x36.jpg 300w, https:\/\/www.infokuryr.cz\/n\/wp-content\/uploads\/2022\/12\/1-PRO.jpg 699w\" sizes=\"(max-width: 950px) 100vw, 950px\" \/><\/p>\n<p>&nbsp;<\/p>\n<p>&nbsp;<\/p>\n<p><img decoding=\"async\" loading=\"lazy\" class=\"wp-image-24909 aligncenter\" src=\"http:\/\/www.infokuryr.cz\/n\/wp-content\/uploads\/2023\/03\/Pozvanka-Usti-PRO-300x156.jpg\" alt=\"\" width=\"854\" height=\"444\" srcset=\"https:\/\/www.infokuryr.cz\/n\/wp-content\/uploads\/2023\/03\/Pozvanka-Usti-PRO-300x156.jpg 300w, https:\/\/www.infokuryr.cz\/n\/wp-content\/uploads\/2023\/03\/Pozvanka-Usti-PRO-1024x533.jpg 1024w, https:\/\/www.infokuryr.cz\/n\/wp-content\/uploads\/2023\/03\/Pozvanka-Usti-PRO-768x400.jpg 768w, https:\/\/www.infokuryr.cz\/n\/wp-content\/uploads\/2023\/03\/Pozvanka-Usti-PRO.jpg 1273w\" sizes=\"(max-width: 854px) 100vw, 854px\" \/><\/p>\n<p>&nbsp;<\/p>\n<p>&nbsp;<\/p>\n","protected":false},"excerpt":{"rendered":"<p>Maj\u00ed dost obt\u011b\u017eov\u00e1n\u00ed, nad\u00e1vek a zn\u00e1sil\u0148ov\u00e1n\u00ed. Politici na\u0159\u00edkaj\u00ed nad \u201eextremismem neonacist\u016f\u201c Masov\u00e1 imigrace do N\u011bmecka&#8230;<\/p>\n","protected":false},"author":2,"featured_media":25122,"comment_status":"closed","ping_status":"closed","sticky":false,"template":"","format":"standard","meta":[],"categories":[7],"tags":[1095,84,742],"_links":{"self":[{"href":"https:\/\/www.infokuryr.cz\/n\/wp-json\/wp\/v2\/posts\/25121"}],"collection":[{"href":"https:\/\/www.infokuryr.cz\/n\/wp-json\/wp\/v2\/posts"}],"about":[{"href":"https:\/\/www.infokuryr.cz\/n\/wp-json\/wp\/v2\/types\/post"}],"author":[{"embeddable":true,"href":"https:\/\/www.infokuryr.cz\/n\/wp-json\/wp\/v2\/users\/2"}],"replies":[{"embeddable":true,"href":"https:\/\/www.infokuryr.cz\/n\/wp-json\/wp\/v2\/comments?post=25121"}],"version-history":[{"count":1,"href":"https:\/\/www.infokuryr.cz\/n\/wp-json\/wp\/v2\/posts\/25121\/revisions"}],"predecessor-version":[{"id":25124,"href":"https:\/\/www.infokuryr.cz\/n\/wp-json\/wp\/v2\/posts\/25121\/revisions\/25124"}],"wp:featuredmedia":[{"embeddable":true,"href":"https:\/\/www.infokuryr.cz\/n\/wp-json\/wp\/v2\/media\/25122"}],"wp:attachment":[{"href":"https:\/\/www.infokuryr.cz\/n\/wp-json\/wp\/v2\/media?parent=25121"}],"wp:term":[{"taxonomy":"category","embeddable":true,"href":"https:\/\/www.infokuryr.cz\/n\/wp-json\/wp\/v2\/categories?post=25121"},{"taxonomy":"post_tag","embeddable":true,"href":"https:\/\/www.infokuryr.cz\/n\/wp-json\/wp\/v2\/tags?post=25121"}],"curies":[{"name":"wp","href":"https:\/\/api.w.org\/{rel}","templated":true}]}}