{"id":25119,"date":"2023-03-26T00:59:11","date_gmt":"2023-03-25T23:59:11","guid":{"rendered":"http:\/\/www.infokuryr.cz\/n\/?p=25119"},"modified":"2023-03-25T18:16:30","modified_gmt":"2023-03-25T17:16:30","slug":"pred-tribunal-v-haagu-patri-barack-obama-tony-blair-mrtvola-george-bushe-starsiho-a-mumie-mladsiho","status":"publish","type":"post","link":"https:\/\/www.infokuryr.cz\/n\/2023\/03\/26\/pred-tribunal-v-haagu-patri-barack-obama-tony-blair-mrtvola-george-bushe-starsiho-a-mumie-mladsiho\/","title":{"rendered":"P\u0159ed tribun\u00e1l v Haagu pat\u0159\u00ed Barack Obama, Tony Blair, mrtvola George Bushe star\u0161\u00edho a mumie mlad\u0161\u00edho!"},"content":{"rendered":"<div id=\"fb-root\"><\/div>\n<h4>P\u0159ed tribun\u00e1l v Haagu pat\u0159\u00ed Barack Obama, Tony Blair, mrtvola George Bushe star\u0161\u00edho a mumie mlad\u0161\u00edho! B\u00fdval\u00fd poslanec za stranu Svobodn\u00fdch to rozjel na rakousk\u00e9 televizi s plnou par\u00e1dou a odhalil, kter\u00e1 zem\u011b na sv\u011bt\u011b m\u00e1 na sv\u011bdom\u00ed nejv\u00edce v\u00e1le\u010dn\u00fdch zlo\u010din\u016f! A jej\u00ed prezident za to dokonce v minulosti obdr\u017eel Nobelovu cenu za m\u00edr! A b\u00fdval\u00fd rusk\u00fd prezident se tak\u00e9 rozjel, Dmitrij Medved\u011bv u\u017e doporu\u010duje soudc\u016fm v Haagu, aby se d\u00edvali na nebe, jestli na budovu jejich soudu nelet\u00ed rusk\u00e1 hypersonick\u00e1 raketa!<\/h4>\n<p>B\u00fdval\u00fd poslanec za rakouskou stranu Svobodn\u00fdch a dnes politolog a analytik Gerald Grosz v posledn\u00edm po\u0159adu Fellner Live na rakousk\u00e9 televizi se po\u0159\u00e1dn\u011b obul do americk\u00e9 administrativy a do rozhodnut\u00ed soudc\u016f v Haagu, \u017ee obvin\u00ed Vladimira Putina z trestn\u00e9ho \u010dinu \u00fanosu rusk\u00fdch d\u011bt\u00ed do Ruska. Nejv\u00edce ho roz\u010d\u00edlil fakt, \u017ee za v\u00e1le\u010dn\u00e9 zlo\u010diny, tedy za skute\u010dn\u00e9 a ne vymy\u0161len\u00e9, jako v p\u0159\u00edpad\u011b Putina, nebyl dosud p\u0159ed soudem v Haagu odsouzen \u017e\u00e1dn\u00fd americk\u00fd prezident. A to ani za to, \u017ee maj\u00ed prokazateln\u011b na sv\u011bdom\u00ed statis\u00edce \u017eivot\u016f lid\u00ed v napaden\u00fdch zem\u00edch po cel\u00e9m sv\u011bte, v Afgh\u00e1nist\u00e1nu, v Ir\u00e1ku, v S\u00fdrii, v Libyi, v Srbsku, ve Vietnamu a v \u0159ad\u011b zem\u00ed Latinsk\u00e9 Ameriky. Ten v\u00fd\u010det je prakticky nekone\u010dn\u00fd.<\/p>\n<p>&nbsp;<\/p>\n<div id=\"rumble_v2c0kr8\">\n<div id=\"vid_v2c0kr8\" class=\"rumble_v2c0kr8-Rumble-cls\" tabindex=\"-1\">\n<div class=\"bigPlayUI ctp\">\n<div class=\"bigPlayUIInner ctp\"><div class='videoWrapper'>\r\n\t            <iframe src='https:\/\/rumble.com\/embed\/pj.v2c0kr8\/' frameborder='0' allowfullscreen><\/iframe>\r\n\t        <\/div><\/div>\n<\/div>\n<\/div>\n<\/div>\n<p>&nbsp;<\/p>\n<p>A kdy\u017e n\u00e1hodou soudci z Haagu nazna\u010dili, \u017ee by se mohli t\u011bmito zlo\u010diny zab\u00fdvat, p\u0159i\u0161lo z USA okam\u017eit\u011b varov\u00e1n\u00ed, \u017ee proti soudc\u016fm budou podniknuta p\u0159\u00edsn\u00e1 opat\u0159en\u00ed, pokud se rozhodnou z v\u00e1le\u010dn\u00fdch zlo\u010din\u016f obvinit americk\u00e9 ob\u010dany. Snad pr\u00e1v\u011b proto nejsou USA signat\u00e1\u0159em tzv.\u00a0<em>\u0158\u00edmsk\u00e9ho statutu<\/em>, kter\u00fd ustanovuje jurisdikci ICC v Haagu nad n\u00e1rodn\u00edmi soudy signat\u00e1\u0159sk\u00fdch zem\u00ed. \u010cleny \u0158\u00edmsk\u00e9ho statutu nejsou USA, Rusko, Izrael a \u010c\u00edna.<\/p>\n<p><strong>A\u017e dosud platilo, \u017ee ICC v Haagu se ani nepokou\u0161el obvi\u0148ovat osoby z t\u011bchto ne\u010dlensk\u00fdch zem\u00ed, proto\u017ee logicky to nem\u011blo v\u00fdznam a smysl.<\/strong>\u00a0Jen\u017ee, to se zm\u011bnilo pr\u00e1v\u011b s Vladimirem Putinem. Odte\u010f si u\u017e ani Ameri\u010dan\u00e9, ani Izraelci a ani \u010c\u00ed\u0148an\u00e9 nemohou b\u00fdt jisti t\u00edm, jestli v budoucnu tento soud nevyd\u00e1 zatyka\u010de i na vysok\u00e9 politiky t\u011bchto zem\u00ed. Ameri\u010dan\u00e9 si ji\u017e uv\u011bdomuj\u00ed, \u017ee s t\u00edmto krokem proti Putinovi to opravdu p\u0159ep\u00edskli, proto\u017ee toto se m\u016f\u017ee obr\u00e1tit proti b\u00fdval\u00fdm americk\u00fdm prezident\u016fm.<\/p>\n<h6><span style=\"font-size: 18pt;\">Vztahy mezi USA a Ruskem nikdy v historii nebyly tak \u0161patn\u00e9, proto\u017ee Sov\u011btsk\u00fd svaz m\u011bl respekt, kter\u00fd Rusko na z\u00e1pad\u011b prost\u011b nem\u00e1<\/span><\/h6>\n<p>To opravdu nen\u00ed pro Ameri\u010dany \u017e\u00e1dn\u00e1 legrace. To ale pouze ukazuje, jak moc kolektivn\u00ed Z\u00e1pad nen\u00e1vid\u00ed Rusko a sou\u010dasn\u00e9ho prezidenta a jeho vl\u00e1du.\u00a0<strong>Pam\u011btn\u00edci si vzpom\u00ednaj\u00ed, \u017ee takto \u0161patn\u00e9 vztahy mezi z\u00e1padem a Ruskem nebyly ani v dob\u00e1ch p\u0159ed rozpadem Sov\u011btsk\u00e9ho svazu, ani za Studen\u00e9 v\u00e1lky.<\/strong>\u00a0Tehdy \u017e\u00e1dn\u00e9 sankce prakticky neexistovaly, s v\u00fdjimkou embarga na zbran\u011b a po\u010d\u00edta\u010dov\u00e9 procesory, sov\u011bt\u0161t\u00ed sportovci jezdili po \u0161ampion\u00e1tech po cel\u00e9m sv\u011bt\u011b.<\/p>\n<p>Nikdo jim \u00fa\u010dast nezakazoval a nikde na z\u00e1pad\u011b nebyla \u017e\u00e1dn\u00e1 proti-sov\u011btsk\u00e1 hysterie, snad jen s v\u00fdjimkou po\u010d\u00e1tku 50. let v USA b\u011bhem tzv. McCarthyismu, kter\u00fd ale americk\u00e1 ve\u0159ejnosti ost\u0159e odsoudila jako rasismus a xenofobii proti Rus\u016fm. To bylo kr\u00e1tce po II. sv\u011btov\u00e9 v\u00e1lce a Sov\u011btsk\u00fd svaz jako v\u00edt\u011bzn\u00e1 velmoc m\u011bl velk\u00fd respekt.<\/p>\n<figure id=\"attachment_51607\" class=\"wp-caption aligncenter\" style=\"width: 585px;\"><a href=\"https:\/\/aeronet.news\/wp-content\/uploads\/DmitrijMedvedev1280.jpg\"><img decoding=\"async\" loading=\"lazy\" class=\"wp-image-51607 \" src=\"https:\/\/aeronet.news\/wp-content\/uploads\/DmitrijMedvedev1280-1024x684.jpg\" sizes=\"(max-width: 700px) 100vw, 700px\" srcset=\"https:\/\/aeronet.news\/wp-content\/uploads\/DmitrijMedvedev1280-1024x684.jpg 1024w, https:\/\/aeronet.news\/wp-content\/uploads\/DmitrijMedvedev1280-300x200.jpg 300w, https:\/\/aeronet.news\/wp-content\/uploads\/DmitrijMedvedev1280-768x513.jpg 768w, https:\/\/aeronet.news\/wp-content\/uploads\/DmitrijMedvedev1280-700x468.jpg 700w, https:\/\/aeronet.news\/wp-content\/uploads\/DmitrijMedvedev1280-534x357.jpg 534w, https:\/\/aeronet.news\/wp-content\/uploads\/DmitrijMedvedev1280-723x483.jpg 723w, https:\/\/aeronet.news\/wp-content\/uploads\/DmitrijMedvedev1280.jpg 1280w\" alt=\"\" width=\"585\" height=\"391\" \/><\/a><figcaption class=\"wp-caption-text\">Dmitrij Medved\u011bv<\/figcaption><\/figure>\n<p>Po p\u00e1du Sov\u011btsk\u00e9ho svazu se ale protrhly br\u00e1ny pekel a v z\u00e1padn\u00edm sv\u011bt\u011b za\u010dal nar\u016fstat obrovsk\u00fd anti-rusismus. Byl to proces \u0159\u00edzen\u00fd jednak m\u00e9dii, a rovn\u011b\u017e syst\u00e9my \u0161kolstv\u00ed. Tato nen\u00e1vist byla budov\u00e1na bez jak\u00e9hokoliv omezen\u00ed, a to pr\u00e1v\u011b v d\u016fsledku nejv\u011bt\u0161\u00ed katastrofy 20. stolet\u00ed, kterou byl rozpad Sov\u011btsk\u00e9ho svazu jako jedin\u00e9 vyva\u017eovac\u00ed velmoci proti dominanci USA. Tato dominance za 34 let od p\u00e1du \u017delezn\u00e9 opony p\u0159ivedla a nasunula vojenskou alianci NATO a\u017e na samotn\u00e9 hranice Ruska a pr\u00e1v\u011b te\u010f NATO vede proti Rusku z\u00e1stupnou v\u00e1lku na Ukrajin\u011b. To je d\u016fsledek mocensk\u00e9ho p\u00e1du Sov\u011btsk\u00e9ho svazu v roce 1989 v Evrop\u011b a nakonec faktick\u00fd rozpad koncem roku 1991.<\/p>\n<h6><span style=\"font-size: 18pt;\">Dmitrij Medved\u011bv otev\u0159en\u011b pohrozil soudc\u016fm z Haagu, \u017ee na jejich budovu m\u016f\u017ee p\u0159ilet\u011bt rusk\u00e1 hypersonick\u00e1 st\u0159ela<\/span><\/h6>\n<p>Pouze se ukazuje, \u017ee nacist\u00e9 po II. sv. v\u00e1lce, kdy\u017e se p\u0159esunuli z Evropy do USA, pouze \u010dekali na p\u00e1d Sov\u011btsk\u00e9ho svazu, aby mohli restartovat proces\u00a0<em>Drang nach Osten<\/em>\u00a0na Rusko. Nic jin\u00e9ho to nen\u00ed, co te\u010f vid\u00edme.\u00a0<strong>Je to restart nenapln\u011bn\u00fdch c\u00edl\u016f III. \u0158\u00ed\u0161e, kter\u00e9 se te\u010f sna\u017e\u00ed naplnit vnuci a vnu\u010dky, resp. pravnuci a pravnu\u010dky b\u00fdval\u00fdch eses\u00e1k\u016f.<\/strong>\u00a0Pouze u\u017e nevyzn\u00e1vaj\u00ed nacion\u00e1ln\u00ed socialismus a rasovou \u010distotu, ale neoliberalismus a ekoterorismus.<\/p>\n<p>A pouze n\u011bjak\u00fd b\u00fdval\u00fd agent KGB v Kremlu jim to po\u0159\u00e1d kaz\u00ed, po\u0159\u00e1d jim br\u00e1n\u00ed v realizaci rozbit\u00ed a n\u00e1sledn\u00e9ho rozkraden\u00ed a rozparcelov\u00e1n\u00ed Ruska, co\u017e pro zm\u011bnu m\u011bli nacist\u00e9 tak\u00e9 p\u0159ipraven\u00e9 v minulosti na z\u00e1klad\u011b pl\u00e1nu\u00a0<em>Generalplan Ost<\/em>. Nen\u00ed proto divu, \u017ee kdy\u017e u\u017e nev\u00ed, jak na Putina, tak na to jdou se zatyka\u010dem z Haagu. A nejl\u00e9pe to vystihl rusk\u00fd ex-prezident Dmitrij Medved\u011bv, kter\u00fd na Telegramu\u00a0<strong>[<a href=\"https:\/\/href.li\/?https:\/\/t.me\/medvedev_telegram\/283\" target=\"_blank\" rel=\"nofollow noopener\">1<\/a>]<\/strong>\u00a0zhodnotil celou funkci a ma\u0161kar\u00e1du se soudem v Haagu:<\/p>\n<h4><span style=\"font-size: 18pt;\">Co se stalo? Kone\u010dn\u00fd kolaps syst\u00e9mu mezin\u00e1rodn\u00edho pr\u00e1va.<\/span><\/h4>\n<p>P\u0159iznejme si, \u017ee d\u0159\u00edve nebylo mezin\u00e1rodn\u00ed pr\u00e1vo nijak zvl\u00e1\u0161\u0165 \u00fa\u010dinn\u00e9. Zejm\u00e9na jeho mezin\u00e1rodn\u00ed instituce. Spole\u010dnost n\u00e1rod\u016f se rozpadla, SSSR uva\u017eoval o vystoupen\u00ed z OSN, \u00famluvy a dal\u0161\u00ed mezin\u00e1rodn\u00ed akty se dnes t\u00e9m\u011b\u0159 nep\u0159ij\u00edmaj\u00ed, panuje naprost\u00e1 zaujatost a dikt\u00e1t skupiny anglosask\u00fdch zem\u00ed.<\/p>\n<p>Hlavn\u00ed vadou syst\u00e9mu mezin\u00e1rodn\u00edho pr\u00e1va je v\u0161ak jeho neefektivnost. Zem\u011b se necht\u011bj\u00ed pod\u0159izovat tenden\u010dn\u00edm akt\u016fm Valn\u00e9ho shrom\u00e1\u017ed\u011bn\u00ed OSN, vetovat rozhodnut\u00ed Rady bezpe\u010dnosti OSN, opou\u0161t\u011bt r\u016fzn\u00e9 instituce OSN. D\u016fvodem je jejich nespravedlnost, kter\u00e1 vych\u00e1z\u00ed z nep\u0159\u00edpustnosti n\u00e1tlaku skupiny suver\u00e9nn\u00edch zem\u00ed v\u016f\u010di t\u011bmto suver\u00e9nn\u00edm st\u00e1t\u016fm. Nebo\u0165\u00a0<em>PAR IN PAREM NON HABET IMPERIUM<\/em>. Rovn\u00fd nem\u00e1 moc nad rovn\u00fdm.<\/p>\n<p>Vezm\u011bte si nap\u0159. tento\u00a0<em>posran\u00fd<\/em>, zbyte\u010dn\u00fd Mezin\u00e1rodn\u00ed trestn\u00ed soud, vytvo\u0159en\u00fd na z\u00e1klad\u011b \u0158\u00edmsk\u00e9ho statutu, k n\u011bmu\u017e se velk\u00e9 st\u00e1ty nep\u0159ipojily. Koho ten soud postavil p\u0159ed soud?<\/p>\n<p>T\u0159i tucty nezn\u00e1m\u00fdch. S\u00fad\u00e1nsk\u00fd prezident na tato obvin\u011bn\u00ed plive a navzdory vojensk\u00e9mu p\u0159evratu ve vlastn\u00ed zemi nen\u00ed k dispozici \u201c<em>spravedlnosti<\/em>\u201c. Ostatn\u00ed nestoj\u00ed v\u016fbec za zm\u00ednku. Jin\u00fdmi slovy, jejich \u00fa\u010dinnost je nulov\u00e1. Tohle nejsou ad hoc norimbersk\u00e9 a tokijsk\u00e9 tribun\u00e1ly. Ani pochybn\u00fd tribun\u00e1l pro Jugosl\u00e1vii. A je to pochopiteln\u00e9.<\/p>\n<p><strong>Zem\u011b a jej\u00ed p\u0159edstavitel\u00e9 mohou b\u00fdt souzeni ve dvou p\u0159\u00edpadech:<\/strong><\/p>\n<p>1) kdy\u017e zem\u011b sama divoce oslabila, t\u00e9m\u011b\u0159 ztratila suverenitu a odv\u00e1\u017eila se p\u0159ijmout soudn\u00ed proces sama za sebe;<\/p>\n<p>2) kdy\u017e zem\u011b prohr\u00e1la v\u00e1lku a kapitulovala<\/p>\n<p>Jinak to ani nen\u00ed mo\u017en\u00e9. A to je v\u0161em jasn\u00e9.\u00a0<strong>Mimochodem, nejv\u00edce zdiskreditovan\u00e1 epizoda, kter\u00e1 zabila t\u00e9m\u011b\u0159 nulovou d\u016fv\u011bryhodnost soudu, se t\u00fdkala zlo\u010din\u016f USA v Afgh\u00e1nist\u00e1nu a Ir\u00e1ku. Soud se pod\u011blal a nemohl nic ud\u011blat.<\/strong>\u00a0Z\u0159ejm\u011b d\u016frazn\u00fd v\u00fdk\u0159ik Spojen\u00fdch st\u00e1t\u016f, \u017ee jsme \u0158\u00edmsk\u00fd statut v\u016fbec neratifikovali, a\u0165 jdou pras\u00e1tka z ICC do prdele, p\u0159im\u011bli soudce k tomu, aby se zbl\u00e1znili a \u0161li si ukojit sv\u00e9 p\u0159irozen\u00e9 pot\u0159eby, nesouvisej\u00edc\u00ed se spravedlnost\u00ed.<\/p>\n<p>A proto se rozhodli soudit prezidenta jin\u00e9 jadern\u00e9 mocnosti, kter\u00e1 tak\u00e9 nen\u00ed \u010dlenem Mezin\u00e1rodn\u00edho trestn\u00edho soudu, ze stejn\u00fdch d\u016fvod\u016f jako j\u00edm nejsou USA a dal\u0161\u00ed zem\u011b. Z\u0159ejm\u011b nejtvrd\u0161\u00ed mo\u017en\u00fd p\u0159\u00edsp\u011bvek p\u0159i\u0161el ze stejn\u00e9ho\u00a0<em>Pindost\u00e1nu<\/em>. Je jasn\u00e9, \u017ee to nem\u00e1 praktickou hodnotu, ale d\u00edky za p\u0159ipomenut\u00ed. D\u016fsledky pro mezin\u00e1rodn\u00ed pr\u00e1vo v\u0161ak budou obludn\u00e9. Jde p\u0159ece o zhroucen\u00ed z\u00e1klad\u016f a princip\u016f pr\u00e1va. V\u010detn\u011b postul\u00e1t\u016f o nevyhnutelnosti odpov\u011bdnosti. Nyn\u00ed se nikdo nebude obracet na \u017e\u00e1dn\u00e9 mezin\u00e1rodn\u00ed org\u00e1ny, v\u0161ichni se dohodnou mezi sebou. V\u0161echna hloup\u00e1 rozhodnut\u00ed OSN a dal\u0161\u00edch struktur budou praskat ve \u0161vech. Bl\u00ed\u017e\u00ed se chmurn\u00fd z\u00e1pad cel\u00e9ho syst\u00e9mu mezin\u00e1rodn\u00edch vztah\u016f. D\u016fv\u011bra je vy\u010derp\u00e1na.<\/p>\n<p>Soudci Mezin\u00e1rodn\u00edho trestn\u00edho soudu se zbyte\u010dn\u011b roz\u010diluj\u00ed. Pod\u00edvejte, jsme state\u010dn\u00ed, nepod\u011blali jsme se z nejv\u011bt\u0161\u00ed jadern\u00e9 mocnosti! Bohu\u017eel, p\u00e1nov\u00e9, v\u0161ichni \u017eijeme pod Bohem\u2026 a pod raketami. Lze si dob\u0159e p\u0159edstavit m\u00ed\u0159enou aplikaci hypersonick\u00e9ho nosi\u010de ze Severn\u00edho mo\u0159e z rusk\u00e9 lodi na budovu haagsk\u00e9ho soudu. Bohu\u017eel, raketu nelze sest\u0159elit. A soud je pouze obskurn\u00ed mezin\u00e1rodn\u00ed organizace, nikoliv obyvatelstvo zem\u011b NATO. Tak\u017ee ani oni v\u00e1lku neza\u010dnou. Maj\u00ed toti\u017e strach. A nikdo toho nebude litovat. Tak\u017ee, ob\u010dan\u00e9 soudci, d\u00edvejte se pozorn\u011b na nebe\u2026<\/p>\n<h6><span style=\"font-size: 18pt;\">Angela Merkel ztratila d\u016fv\u011bru USA a musela ukon\u010dit politickou kari\u00e9ru, jej\u00ed pl\u00e1n na odpout\u00e1n\u00ed N\u011bmecka od USA selhal<\/span><\/h6>\n<p>Tak\u017ee, jak vid\u00edte, Dmitrij se rozjel s plnu par\u00e1dou stejn\u011b jako v Rakousku b\u00fdval\u00fd poslanec za Svobodn\u00e9. Medved\u011bv u\u017e rovnou varuje soudce z Haagu, \u017ee na jejich budovu p\u0159ilet\u00ed rusk\u00fd hypersonick\u00fd Kin\u017eal a srovn\u00e1 budovu soudu se zem\u00ed. A proto\u017ee p\u016fjde o \u00fader na mezin\u00e1rodn\u00ed instituci, nebude to podle mezin\u00e1rodn\u00edho pr\u00e1va pova\u017eovan\u00e9 za akt v\u00e1lky proti Holandsku.<\/p>\n<p>Stejn\u011b, jako by za \u00fatok proti USA nebyl pova\u017eov\u00e1n \u00fader proti budov\u011b OSN v New Yorku. V\u0161echny tyto budovy podle mezin\u00e1rodn\u00edho statutu maj\u00ed toti\u017e svrchovanou \u00fazemn\u00ed jurisdikci, kter\u00e1 nespad\u00e1 pod hostitelsk\u00fd st\u00e1t.\u00a0<strong>Varov\u00e1n\u00ed od Medved\u011bva tak nemus\u00ed b\u00fdt jen r\u00e9torick\u00e9 cvi\u010den\u00ed, ale re\u00e1ln\u011b m\u00edn\u011bn\u00e1 hrozba.<\/strong>\u00a0Medved\u011bv jako n\u00e1m\u011bstek \u0161\u00e9fa Bezpe\u010dnostn\u00ed rady Rusk\u00e9 federace m\u00e1 o t\u011bchto v\u011bcech mnoho informac\u00ed a bylo by naivn\u00ed se domn\u00edvat, \u017ee Rusko se bude k ICC chovat jinak ne\u017e USA nebo Izrael.<\/p>\n<figure id=\"attachment_49509\" class=\"wp-caption aligncenter\" style=\"width: 586px;\"><a href=\"https:\/\/aeronet.news\/wp-content\/uploads\/AngelaMerkelTorchlights.jpg\"><img decoding=\"async\" loading=\"lazy\" class=\"wp-image-49509 \" src=\"https:\/\/aeronet.news\/wp-content\/uploads\/AngelaMerkelTorchlights-1024x682.jpg\" sizes=\"(max-width: 700px) 100vw, 700px\" srcset=\"https:\/\/aeronet.news\/wp-content\/uploads\/AngelaMerkelTorchlights-1024x682.jpg 1024w, https:\/\/aeronet.news\/wp-content\/uploads\/AngelaMerkelTorchlights-300x200.jpg 300w, https:\/\/aeronet.news\/wp-content\/uploads\/AngelaMerkelTorchlights-768x512.jpg 768w, https:\/\/aeronet.news\/wp-content\/uploads\/AngelaMerkelTorchlights-700x466.jpg 700w, https:\/\/aeronet.news\/wp-content\/uploads\/AngelaMerkelTorchlights-536x357.jpg 536w, https:\/\/aeronet.news\/wp-content\/uploads\/AngelaMerkelTorchlights-725x483.jpg 725w, https:\/\/aeronet.news\/wp-content\/uploads\/AngelaMerkelTorchlights.jpg 1280w\" alt=\"\" width=\"586\" height=\"391\" \/><\/a><figcaption class=\"wp-caption-text\">Angela Merkel se lou\u010d\u00ed s funkc\u00ed kancl\u00e9\u0159ky, arm\u00e1da pro n\u00ed p\u0159ichystala pochod\u0148ov\u00fd pr\u016fvod<\/figcaption><\/figure>\n<p>Medved\u011bv tento t\u00fdden rovn\u011b\u017e pro rusk\u00e1 m\u00e9dia potvrdil, \u017ee pokud by N\u011bmecko zatklo Vladimira Putina p\u0159i n\u011bjak\u00e9 hypotetick\u00e9 n\u00e1v\u0161t\u011bv\u011b N\u011bmecka nebo p\u0159i nouzov\u00e9m p\u0159ist\u00e1n\u00ed jeho letadla v N\u011bmecku, \u017ee by to bylo vyhl\u00e1\u0161en\u00ed v\u00e1lky Rusk\u00e9 federaci. N\u011bmecko by to samoz\u0159ejm\u011b neud\u011blalo, kdyby rozhodovalo za sebe. Jen\u017ee N\u011bmecko je dnes \u0159\u00edzeno z USA zp\u016fsobem, \u017ee za Angely Merkel by toto nikdy mo\u017en\u00e9 nebylo.<\/p>\n<p><strong>Ta se vzp\u00edrala Ameri\u010dan\u016fm kv\u016fli Nord Stream II tak dlouho, a\u017e nakonec byla odejita, proto\u017ee musela. Ameri\u010dan\u00e9 u\u017e j\u00ed necht\u011bli podepsat nov\u00fd\u00a0<em>Kancl\u00e9\u0159sk\u00fd akt<\/em>\u00a0po jej\u00edm dal\u0161\u00edm v\u00edt\u011bzstv\u00ed ve volb\u00e1ch.<\/strong>\u00a0Proto ode\u0161la. A proto j\u00ed n\u011bmeck\u00e1 arm\u00e1da p\u0159ichystala na rozlu\u010dku pochod\u0148ov\u00fd pr\u016fvod. N\u011bmecko jej\u00edm odchodem definitivn\u011b um\u0159elo. Minim\u00e1ln\u011b pl\u00e1n Merkelov\u00e9 na\u00a0<em>Das Neue Europa<\/em> podle Aachensk\u00e9 smlouvy.<\/p>\n<p><a href=\"https:\/\/aeronet.news\/video-pred-tribunal-v-haagu-patri-barack-obama-tony-blair-mrtvola-george-bushe-starsiho-a-mumie-mladsiho-byvaly-poslanec-za-stranu-svobodnych-to-rozjel-na-rakouske-televizi-s-plnou-paradou\/\">-VK- \u0160\u00e9fredaktor AE News<\/a><\/p>\n<p>&nbsp;<\/p>\n<p>&nbsp;<\/p>\n<p><img decoding=\"async\" loading=\"lazy\" class=\"wp-image-19187 aligncenter\" src=\"http:\/\/www.infokuryr.cz\/n\/wp-content\/uploads\/2022\/12\/1-PRO-300x36.jpg\" alt=\"\" width=\"942\" height=\"113\" srcset=\"https:\/\/www.infokuryr.cz\/n\/wp-content\/uploads\/2022\/12\/1-PRO-300x36.jpg 300w, https:\/\/www.infokuryr.cz\/n\/wp-content\/uploads\/2022\/12\/1-PRO.jpg 699w\" sizes=\"(max-width: 942px) 100vw, 942px\" \/><\/p>\n<p>&nbsp;<\/p>\n<p>&nbsp;<\/p>\n<p><img decoding=\"async\" loading=\"lazy\" class=\"wp-image-24737 aligncenter\" src=\"http:\/\/www.infokuryr.cz\/n\/wp-content\/uploads\/2023\/03\/cesko_proti_bide2-239x300.png\" alt=\"\" width=\"596\" height=\"748\" srcset=\"https:\/\/www.infokuryr.cz\/n\/wp-content\/uploads\/2023\/03\/cesko_proti_bide2-239x300.png 239w, https:\/\/www.infokuryr.cz\/n\/wp-content\/uploads\/2023\/03\/cesko_proti_bide2-816x1024.png 816w, https:\/\/www.infokuryr.cz\/n\/wp-content\/uploads\/2023\/03\/cesko_proti_bide2-768x964.png 768w, https:\/\/www.infokuryr.cz\/n\/wp-content\/uploads\/2023\/03\/cesko_proti_bide2.png 846w\" sizes=\"(max-width: 596px) 100vw, 596px\" \/><\/p>\n<p>&nbsp;<\/p>\n<p>&nbsp;<\/p>\n","protected":false},"excerpt":{"rendered":"<p>P\u0159ed tribun\u00e1l v Haagu pat\u0159\u00ed Barack Obama, Tony Blair, mrtvola George Bushe star\u0161\u00edho a mumie&#8230;<\/p>\n","protected":false},"author":2,"featured_media":25120,"comment_status":"closed","ping_status":"closed","sticky":false,"template":"","format":"standard","meta":[],"categories":[6],"tags":[1042,576,37],"_links":{"self":[{"href":"https:\/\/www.infokuryr.cz\/n\/wp-json\/wp\/v2\/posts\/25119"}],"collection":[{"href":"https:\/\/www.infokuryr.cz\/n\/wp-json\/wp\/v2\/posts"}],"about":[{"href":"https:\/\/www.infokuryr.cz\/n\/wp-json\/wp\/v2\/types\/post"}],"author":[{"embeddable":true,"href":"https:\/\/www.infokuryr.cz\/n\/wp-json\/wp\/v2\/users\/2"}],"replies":[{"embeddable":true,"href":"https:\/\/www.infokuryr.cz\/n\/wp-json\/wp\/v2\/comments?post=25119"}],"version-history":[{"count":1,"href":"https:\/\/www.infokuryr.cz\/n\/wp-json\/wp\/v2\/posts\/25119\/revisions"}],"predecessor-version":[{"id":25125,"href":"https:\/\/www.infokuryr.cz\/n\/wp-json\/wp\/v2\/posts\/25119\/revisions\/25125"}],"wp:featuredmedia":[{"embeddable":true,"href":"https:\/\/www.infokuryr.cz\/n\/wp-json\/wp\/v2\/media\/25120"}],"wp:attachment":[{"href":"https:\/\/www.infokuryr.cz\/n\/wp-json\/wp\/v2\/media?parent=25119"}],"wp:term":[{"taxonomy":"category","embeddable":true,"href":"https:\/\/www.infokuryr.cz\/n\/wp-json\/wp\/v2\/categories?post=25119"},{"taxonomy":"post_tag","embeddable":true,"href":"https:\/\/www.infokuryr.cz\/n\/wp-json\/wp\/v2\/tags?post=25119"}],"curies":[{"name":"wp","href":"https:\/\/api.w.org\/{rel}","templated":true}]}}