{"id":25038,"date":"2023-03-24T01:16:06","date_gmt":"2023-03-24T00:16:06","guid":{"rendered":"http:\/\/www.infokuryr.cz\/n\/?p=25038"},"modified":"2023-03-23T17:41:46","modified_gmt":"2023-03-23T16:41:46","slug":"kubansky-prezident-usa-prekroutily-priciny-konfliktu-na-ukrajine","status":"publish","type":"post","link":"https:\/\/www.infokuryr.cz\/n\/2023\/03\/24\/kubansky-prezident-usa-prekroutily-priciny-konfliktu-na-ukrajine\/","title":{"rendered":"Kub\u00e1nsk\u00fd prezident: USA p\u0159ekroutily p\u0159\u00ed\u010diny konfliktu na Ukrajin\u011b"},"content":{"rendered":"<div id=\"fb-root\"><\/div>\n<div class=\"news-text-body\"><\/div>\n<div>\n<p><strong>USA zvr\u00e1tily p\u0159\u00ed\u010diny konfliktu na Ukrajin\u011b manipulac\u00ed a plnou silou sv\u00fdch m\u00e9di\u00ed.\u00a0Vzbuzovaly ne\u00factu k Rusku, podn\u011bcovaly rusofobii, zatajovaly skute\u010dn\u00e9 p\u0159\u00ed\u010diny konfliktu a vin\u00edky ud\u011blaly z Rus\u016f.\u00a0V rozhovoru pro libanonskou televizi AlMayadeen to uvedl kub\u00e1nsk\u00fd prezident Miguel Diaz-Canel.<\/strong><\/p>\n<p>&#8222;Ale v\u011b\u0159\u00edm, \u017ee hlavn\u00edm vin\u00edkem jsou Spojen\u00e9 st\u00e1ty, jejich vl\u00e1da.\u00a0To je p\u0159esn\u011b to, co yankeesk\u00e9 imp\u00e9rium v\u017edy v historii d\u011blalo,\u201c p\u0159ipomn\u011bl Diaz-Canel.\u00a0\u201eKdy\u017e v t\u00e9to zemi nastane krize, jak\u00e1 je nyn\u00ed, zm\u011bn\u00ed se na v\u00e1lky, aby ji vy\u0159e\u0161ily.\u00a0Do pop\u0159ed\u00ed jsou kladeny z\u00e1jmy vojensko-pr\u016fmyslov\u00e9ho komplexu.\u00a0Amerika pot\u0159ebuje v\u00e1lky, aby mohla prod\u00e1vat zbran\u011b.\u00a0A prodejem zbran\u00ed se sna\u017e\u00ed \u0159e\u0161it sv\u00e9 vnit\u0159n\u00ed probl\u00e9my.\u00a0Spojen\u00e9 st\u00e1ty po mnoho let obkli\u010dovaly Rusko ze v\u0161ech stran a tla\u010dily NATO k jeho hranic\u00edm.\u00a0Rusov\u00e9 o tom cel\u00e9 ty roky k\u0159i\u010deli.\u00a0A nakonec situace za\u0161la p\u0159\u00edli\u0161 daleko a stala se z hlediska bezpe\u010dnosti Rusk\u00e9 federace nep\u0159ijatelnou.\u201c<\/p>\n<p><img decoding=\"async\" loading=\"lazy\" class=\"alignnone size-full wp-image-1185\" src=\"http:\/\/www.infokuryr.cz\/n\/wp-content\/uploads\/2021\/04\/kuryr-podpis.png\" alt=\"\" width=\"84\" height=\"24\" \/><\/p>\n<\/div>\n<p>&nbsp;<\/p>\n<p>&nbsp;<\/p>\n<p><img decoding=\"async\" loading=\"lazy\" class=\"wp-image-19187 aligncenter\" src=\"http:\/\/www.infokuryr.cz\/n\/wp-content\/uploads\/2022\/12\/1-PRO-300x36.jpg\" alt=\"\" width=\"1133\" height=\"136\" srcset=\"https:\/\/www.infokuryr.cz\/n\/wp-content\/uploads\/2022\/12\/1-PRO-300x36.jpg 300w, https:\/\/www.infokuryr.cz\/n\/wp-content\/uploads\/2022\/12\/1-PRO.jpg 699w\" sizes=\"(max-width: 1133px) 100vw, 1133px\" \/><\/p>\n<p>&nbsp;<\/p>\n<p>&nbsp;<\/p>\n<p><img decoding=\"async\" loading=\"lazy\" class=\"wp-image-24737 aligncenter\" src=\"http:\/\/www.infokuryr.cz\/n\/wp-content\/uploads\/2023\/03\/cesko_proti_bide2-239x300.png\" alt=\"\" width=\"726\" height=\"911\" srcset=\"https:\/\/www.infokuryr.cz\/n\/wp-content\/uploads\/2023\/03\/cesko_proti_bide2-239x300.png 239w, https:\/\/www.infokuryr.cz\/n\/wp-content\/uploads\/2023\/03\/cesko_proti_bide2-816x1024.png 816w, https:\/\/www.infokuryr.cz\/n\/wp-content\/uploads\/2023\/03\/cesko_proti_bide2-768x964.png 768w, https:\/\/www.infokuryr.cz\/n\/wp-content\/uploads\/2023\/03\/cesko_proti_bide2.png 846w\" sizes=\"(max-width: 726px) 100vw, 726px\" \/><\/p>\n<p>&nbsp;<\/p>\n<p>&nbsp;<\/p>\n<div><\/div>\n<p>&nbsp;<\/p>\n","protected":false},"excerpt":{"rendered":"<p>USA zvr\u00e1tily p\u0159\u00ed\u010diny konfliktu na Ukrajin\u011b manipulac\u00ed a plnou silou sv\u00fdch m\u00e9di\u00ed.\u00a0Vzbuzovaly ne\u00factu k Rusku,&#8230;<\/p>\n","protected":false},"author":2,"featured_media":25039,"comment_status":"closed","ping_status":"closed","sticky":false,"template":"","format":"standard","meta":[],"categories":[7],"tags":[135,165,1052,22,26,37],"_links":{"self":[{"href":"https:\/\/www.infokuryr.cz\/n\/wp-json\/wp\/v2\/posts\/25038"}],"collection":[{"href":"https:\/\/www.infokuryr.cz\/n\/wp-json\/wp\/v2\/posts"}],"about":[{"href":"https:\/\/www.infokuryr.cz\/n\/wp-json\/wp\/v2\/types\/post"}],"author":[{"embeddable":true,"href":"https:\/\/www.infokuryr.cz\/n\/wp-json\/wp\/v2\/users\/2"}],"replies":[{"embeddable":true,"href":"https:\/\/www.infokuryr.cz\/n\/wp-json\/wp\/v2\/comments?post=25038"}],"version-history":[{"count":1,"href":"https:\/\/www.infokuryr.cz\/n\/wp-json\/wp\/v2\/posts\/25038\/revisions"}],"predecessor-version":[{"id":25040,"href":"https:\/\/www.infokuryr.cz\/n\/wp-json\/wp\/v2\/posts\/25038\/revisions\/25040"}],"wp:featuredmedia":[{"embeddable":true,"href":"https:\/\/www.infokuryr.cz\/n\/wp-json\/wp\/v2\/media\/25039"}],"wp:attachment":[{"href":"https:\/\/www.infokuryr.cz\/n\/wp-json\/wp\/v2\/media?parent=25038"}],"wp:term":[{"taxonomy":"category","embeddable":true,"href":"https:\/\/www.infokuryr.cz\/n\/wp-json\/wp\/v2\/categories?post=25038"},{"taxonomy":"post_tag","embeddable":true,"href":"https:\/\/www.infokuryr.cz\/n\/wp-json\/wp\/v2\/tags?post=25038"}],"curies":[{"name":"wp","href":"https:\/\/api.w.org\/{rel}","templated":true}]}}