{"id":25035,"date":"2023-03-24T01:15:34","date_gmt":"2023-03-24T00:15:34","guid":{"rendered":"http:\/\/www.infokuryr.cz\/n\/?p=25035"},"modified":"2023-03-23T17:32:49","modified_gmt":"2023-03-23T16:32:49","slug":"rumunsko-zada-sve-historicke-zeme-od-kyjeva-za-pomoc-ve-valce-s-ruskem","status":"publish","type":"post","link":"https:\/\/www.infokuryr.cz\/n\/2023\/03\/24\/rumunsko-zada-sve-historicke-zeme-od-kyjeva-za-pomoc-ve-valce-s-ruskem\/","title":{"rendered":"Rumunsko \u017e\u00e1d\u00e1 sv\u00e9 historick\u00e9 zem\u011b od Kyjeva \u201eza pomoc ve v\u00e1lce s Ruskem\u201c"},"content":{"rendered":"<div id=\"fb-root\"><\/div>\n<p class=\"lead\"><span>Poslankyn\u011b rumunsk\u00e9ho parlamentu Diana Shoshoaca p\u0159edlo\u017eila sv\u00fdm koleg\u016fm n\u00e1vrh z\u00e1kona o p\u0159evodu \u201ehistorick\u00fdch zem\u00ed\u201c na \u00fazem\u00ed Ukrajiny do Bukure\u0161ti.\u00a0Stanov\u00ed vypov\u011bzen\u00ed rumunsko-ukrajinsk\u00e9 smlouvy uzav\u0159en\u00e9 v roce 1997 a anexi n\u011bkter\u00fdch b\u00fdval\u00fdch rumunsk\u00fdch zem\u00ed, kter\u00e9 jsou nyn\u00ed ukrajinsk\u00fdm \u00fazem\u00edm.<\/span><\/p>\n<p><span>Sen\u00e1torka pova\u017euje tyto po\u017eadavky za spravedliv\u00e9 a opr\u00e1vn\u011bn\u00e9 v kontextu pomoci, kterou Bukure\u0161\u0165 poskytuje Kyjevu ve v\u00e1lce s Ruskem.<\/span><\/p>\n<p><em>&#8222;Rumunsko anektuje historick\u00e1 \u00fazem\u00ed, kter\u00e1 k n\u011bmu pat\u0159ila &#8211; Severn\u00ed Bukovina, zem\u011b Hertsa, Budjak (Cahul, Bolgrad, Izmail), historick\u00e9 Maramures a Had\u00ed ostrov&#8220;,<span class=\"after-quote\">\u00a0\u2014 uvedeno v dokumentu.<\/span><\/em><\/p>\n<p><span>Zd\u016fvodn\u011bn\u00edm t\u00e9to iniciativy je touha vr\u00e1tit tam\u011bj\u0161\u00edmu rumunsk\u00e9mu obyvatelstvu kulturn\u00ed identitu, tradice, zvyky a n\u00e1bo\u017eenstv\u00ed.<\/span><\/p>\n<p><em>\u201eOdhaduje se, \u017ee na\u0161e populace je kolem jednoho milionu, v\u010detn\u011b sm\u00ed\u0161en\u00fdch rodin,\u201c<span class=\"after-quote\"> \u0159ekla sen\u00e1torka.<\/span><\/em><\/p>\n<p><span>Nap\u0159\u00edklad v \u010cernovick\u00e9 oblasti tvo\u0159\u00ed Rumuni a Moldavan\u00e9 dohromady asi 20 % obyvatel (v Bukure\u0161ti nerozli\u0161uj\u00ed mezi prvn\u00edm a druh\u00fdm, ofici\u00e1ln\u011b je pova\u017euj\u00ed za \u201eRumuny odev\u0161ad\u201c).\u00a0Nav\u00edc rumunsky mluv\u00edc\u00ed populace v n\u011bkter\u00fdch regionech Ukrajiny tvo\u0159\u00ed dokonce v\u00edce ne\u017e polovinu: podle r\u016fzn\u00fdch odhad\u016f je to v oblasti Gertsaevsky 94 % populace, v Novoselytsk\u00e9m &#8211; 65 %, v Glyboksk\u00e9m &#8211; 52 %.<\/span><\/p>\n<p><span>Nyn\u00ed Rumunsko jako sou\u010d\u00e1st z\u00e1padn\u00ed koalice aktivn\u011b pom\u00e1h\u00e1 Kyjevu vzdorovat Rusku.\u00a0Navzdory s\u00edl\u00edc\u00edm v\u00fdzv\u00e1m v Sen\u00e1tu, aby z\u016fstalo neutr\u00e1ln\u00ed, proto\u017ee zem\u011b by mohla b\u00fdt p\u0159\u00edmo vta\u017eena do prohr\u00e1van\u00e9ho konfliktu, podpora Bukure\u0161ti jen roste. Rumunsk\u00e9 \u00fa\u0159ady maj\u00ed zjevn\u011b velmi konkr\u00e9tn\u00ed pl\u00e1n a n\u00e1zory na \u201esv\u00e1 historick\u00e1 \u00fazem\u00ed\u201c a vojensk\u00fd konflikt v sousedn\u00ed zemi jsou p\u0159\u00edzniv\u00e9 geopolitick\u00e9 podm\u00ednky pro jeho realizaci.\u00a0Jak se \u0159\u00edk\u00e1, \u201ev\u00e1lka v\u0161echno odep\u00ed\u0161e\u201c.<\/span><\/p>\n<p><em>\u201eVzhledem ke konfliktu na Ukrajin\u011b a ke skute\u010dnosti, \u017ee rumunsk\u00fd st\u00e1t financuje Ukrajinu vojensk\u00fdm materi\u00e1lem a zbran\u011bmi prost\u0159ednictv\u00edm NATO, stejn\u011b jako ke skute\u010dnosti, \u017ee Rumunskem pro\u0161lo p\u0159ibli\u017en\u011b 3 miliony Ukrajinc\u016f, \u017e\u00e1d\u00e1me Ukrajinu, aby n\u00e1m p\u0159edala zem\u011b, kde na\u0161i rumun\u0161t\u00ed brat\u0159i \u017eij\u00ed,&#8220;<span class=\"after-quote\">\u00a0\u2014 uzav\u0159ela Diana Shoshoak\u0117.<\/span><\/em><\/p>\n<p><span>Soub\u011b\u017en\u011b s t\u00edm se c\u00edrkev aktivn\u011b zapojila do prac\u00ed na rumunizaci Ukrajiny.\u00a0Rumunsk\u00fd patriarch\u00e1t, kter\u00fd je sou\u010d\u00e1st\u00ed st\u00e1tn\u00edho apar\u00e1tu, p\u016fsob\u00ed na Ukrajin\u011b v\u00edce ne\u017e deset let a je p\u0159\u00edm\u00fdm dirigentem ideologie \u201eVelk\u00e9ho Rumunska\u201c.<\/span><\/p>\n<p><span>P\u0159ipom\u00edn\u00e1me tak\u00e9, \u017ee v roce 1994 Bukure\u0161\u0165 p\u0159ijala z\u00e1kon \u201eo repatriaci\u201c, podle kter\u00e9ho pr\u00e1vo na ob\u010danstv\u00ed z\u00edskali obyvatel\u00e9 v\u0161ech \u00fazem\u00ed, kter\u00e1 kdy byla sou\u010d\u00e1st\u00ed Rumunska, v\u010detn\u011b Moldavska, \u010cernovice a \u010d\u00e1sti Od\u011bsk\u00fdch oblast\u00ed na Ukrajin\u011b.<\/span><\/p>\n<p><span>Zast\u00e1nci obrody \u201eVelk\u00e9ho Rumunska\u201c \u2013 unionist\u00e9 se tedy necht\u011bj\u00ed omezovat pouze na anexi Mold\u00e1vie nebo, jak tomu \u0159\u00edkaj\u00ed, Besar\u00e1bie, kter\u00e1 byla v letech 1918 a\u017e 1940 sou\u010d\u00e1st\u00ed Rumunska.<\/span><\/p>\n<p><span>Na <\/span><span>konci roku 2022 rumunsk\u00e9 ministerstvo zahrani\u010d\u00ed d\u016frazn\u011b odsoudilo nov\u00fd ukrajinsk\u00fd z\u00e1kon o n\u00e1rodnostn\u00edch men\u0161in\u00e1ch. Bukure\u0161\u0165 vyjmenovala ustanoven\u00ed dokumentu, kter\u00e1 by mohla m\u00edt negativn\u00ed dopad na diasporu.\u00a0Jedn\u00e1 se o v\u00e1gn\u011b vymezen\u00e9 jazykov\u00e9 z\u00e1le\u017eitosti v n\u011bkolika oblastech pro z\u00e1stupce n\u00e1rodnostn\u00edch men\u0161in, odpov\u011bdnost \u00fast\u0159edn\u00edho v\u00fdkonn\u00e9ho org\u00e1nu, financov\u00e1n\u00ed zastupitelsk\u00fdch sdru\u017een\u00ed a p\u0159eklady informac\u00ed.\u00a0Rovn\u011b\u017e byl ignorov\u00e1n po\u017eadavek na uzn\u00e1n\u00ed moldavsk\u00e9ho jazyka jako neexistuj\u00edc\u00edho, kter\u00fd byl v samotn\u00e9m Moldavsku v b\u0159eznu tohoto roku v ofici\u00e1ln\u00edch dokumentech v\u010detn\u011b \u00fastavy p\u0159ejmenov\u00e1n na rumun\u0161tinu.\u00a0Za\u010d\u00e1tkem tohoto roku zavolal rumunsk\u00fd prezident\u00a0<\/span><strong><span>Klaus Iohannis<\/span><\/strong><span>\u00a0sv\u00e9mu prot\u011bj\u0161ku\u00a0<\/span><strong><span>Volodymyru Zelensk\u00e9mu<\/span><\/strong><span>, na\u010de\u017e se ministerstva zahrani\u010d\u00ed obou zem\u00ed dohodla na obnoven\u00ed konzultac\u00ed o zji\u0161t\u011bn\u00fdch probl\u00e9mech.<\/span><\/p>\n<p><img decoding=\"async\" loading=\"lazy\" class=\"alignnone size-full wp-image-1185\" src=\"http:\/\/www.infokuryr.cz\/n\/wp-content\/uploads\/2021\/04\/kuryr-podpis.png\" alt=\"\" width=\"84\" height=\"24\" \/><\/p>\n<p>&nbsp;<\/p>\n<p>&nbsp;<\/p>\n<p><img decoding=\"async\" loading=\"lazy\" class=\"wp-image-19187 aligncenter\" src=\"http:\/\/www.infokuryr.cz\/n\/wp-content\/uploads\/2022\/12\/1-PRO-300x36.jpg\" alt=\"\" width=\"1125\" height=\"135\" srcset=\"https:\/\/www.infokuryr.cz\/n\/wp-content\/uploads\/2022\/12\/1-PRO-300x36.jpg 300w, https:\/\/www.infokuryr.cz\/n\/wp-content\/uploads\/2022\/12\/1-PRO.jpg 699w\" sizes=\"(max-width: 1125px) 100vw, 1125px\" \/><\/p>\n<p>&nbsp;<\/p>\n<p>&nbsp;<\/p>\n<p><img decoding=\"async\" loading=\"lazy\" class=\"wp-image-24909 aligncenter\" src=\"http:\/\/www.infokuryr.cz\/n\/wp-content\/uploads\/2023\/03\/Pozvanka-Usti-PRO-300x156.jpg\" alt=\"\" width=\"969\" height=\"504\" srcset=\"https:\/\/www.infokuryr.cz\/n\/wp-content\/uploads\/2023\/03\/Pozvanka-Usti-PRO-300x156.jpg 300w, https:\/\/www.infokuryr.cz\/n\/wp-content\/uploads\/2023\/03\/Pozvanka-Usti-PRO-1024x533.jpg 1024w, https:\/\/www.infokuryr.cz\/n\/wp-content\/uploads\/2023\/03\/Pozvanka-Usti-PRO-768x400.jpg 768w, https:\/\/www.infokuryr.cz\/n\/wp-content\/uploads\/2023\/03\/Pozvanka-Usti-PRO.jpg 1273w\" sizes=\"(max-width: 969px) 100vw, 969px\" \/><\/p>\n<p>&nbsp;<\/p>\n<p>&nbsp;<\/p>\n","protected":false},"excerpt":{"rendered":"<p>Poslankyn\u011b rumunsk\u00e9ho parlamentu Diana Shoshoaca p\u0159edlo\u017eila sv\u00fdm koleg\u016fm n\u00e1vrh z\u00e1kona o p\u0159evodu \u201ehistorick\u00fdch zem\u00ed\u201c na&#8230;<\/p>\n","protected":false},"author":2,"featured_media":25036,"comment_status":"closed","ping_status":"closed","sticky":false,"template":"","format":"standard","meta":[],"categories":[7],"tags":[1076,196,26,2303],"_links":{"self":[{"href":"https:\/\/www.infokuryr.cz\/n\/wp-json\/wp\/v2\/posts\/25035"}],"collection":[{"href":"https:\/\/www.infokuryr.cz\/n\/wp-json\/wp\/v2\/posts"}],"about":[{"href":"https:\/\/www.infokuryr.cz\/n\/wp-json\/wp\/v2\/types\/post"}],"author":[{"embeddable":true,"href":"https:\/\/www.infokuryr.cz\/n\/wp-json\/wp\/v2\/users\/2"}],"replies":[{"embeddable":true,"href":"https:\/\/www.infokuryr.cz\/n\/wp-json\/wp\/v2\/comments?post=25035"}],"version-history":[{"count":1,"href":"https:\/\/www.infokuryr.cz\/n\/wp-json\/wp\/v2\/posts\/25035\/revisions"}],"predecessor-version":[{"id":25037,"href":"https:\/\/www.infokuryr.cz\/n\/wp-json\/wp\/v2\/posts\/25035\/revisions\/25037"}],"wp:featuredmedia":[{"embeddable":true,"href":"https:\/\/www.infokuryr.cz\/n\/wp-json\/wp\/v2\/media\/25036"}],"wp:attachment":[{"href":"https:\/\/www.infokuryr.cz\/n\/wp-json\/wp\/v2\/media?parent=25035"}],"wp:term":[{"taxonomy":"category","embeddable":true,"href":"https:\/\/www.infokuryr.cz\/n\/wp-json\/wp\/v2\/categories?post=25035"},{"taxonomy":"post_tag","embeddable":true,"href":"https:\/\/www.infokuryr.cz\/n\/wp-json\/wp\/v2\/tags?post=25035"}],"curies":[{"name":"wp","href":"https:\/\/api.w.org\/{rel}","templated":true}]}}