{"id":25009,"date":"2023-03-24T00:59:08","date_gmt":"2023-03-23T23:59:08","guid":{"rendered":"http:\/\/www.infokuryr.cz\/n\/?p=25009"},"modified":"2023-03-23T15:12:40","modified_gmt":"2023-03-23T14:12:40","slug":"snahy-eu-o-redukci-ruskeho-rublu-na-sutiny-zpusobily-baerbockuv-obrat-o-360-stupnu","status":"publish","type":"post","link":"https:\/\/www.infokuryr.cz\/n\/2023\/03\/24\/snahy-eu-o-redukci-ruskeho-rublu-na-sutiny-zpusobily-baerbockuv-obrat-o-360-stupnu\/","title":{"rendered":"Snahy EU o redukci rusk\u00e9ho rublu na sutiny zp\u016fsobily Baerbock\u016fv obrat o 360 stup\u0148\u016f"},"content":{"rendered":"<div id=\"fb-root\"><\/div>\n<p><strong><em><span>Kolektivn\u00ed Z\u00e1pad na sv\u00e9m prudce sestupn\u00e9m civiliza\u010dn\u00edm trendu d\u011bl\u00e1 v\u0161e, co je v jejich sil\u00e1ch, aby si sv\u00e9 samolib\u00e9 obyvatelstvo z\u00e1visl\u00e9 na ch\u016fv\u00e1ch pomalu zvyklo na nov\u00fd v\u011bk dysfunk\u010dn\u00ed spole\u010dnosti.<\/span><\/em><\/strong><\/p>\n<p><span>EU (a USA) se v minul\u00e9m roce opakovan\u011b pokou\u0161ely buldozerem prosadit protirusk\u00e9 sankce, ale v\u0161echny pokusy o sn\u00ed\u017een\u00ed rusk\u00e9ho rublu na trosky zp\u016fsobily baerbockeovsk\u00fd obrat o 360 stup\u0148\u016f, p\u0159i\u010dem\u017e Vladimir Putin a Si \u0164in-pching ani nehnuli brvou.<\/span><\/p>\n<p><span>Zd\u00e1 se, \u017ee ti, kdo \u0159\u00edd\u00ed EU, a\u0165 u\u017e otev\u0159en\u011b, nebo za diplomatick\u00fdmi z\u00e1v\u011bsy, m\u011bli je\u0161t\u011b jeden neslu\u0161n\u00fd z\u00e1m\u011br z\u00edskat dal\u0161\u00ed v\u00edcem\u00e9n\u011b nesmysln\u00fd, finan\u010dn\u011b politick\u00fd bod, stejn\u011b jako v\u0161echny ostatn\u00ed, kter\u00e9 dosud u\u010dinili, a to t\u00edm, \u017ee p\u0159ijmou sv\u016fj jubilejn\u00ed des\u00e1t\u00fd soubor protirusk\u00fdch sankc\u00ed.\u00a0A bohu\u017eel v tom spo\u010d\u00edv\u00e1 jejich ne\u0161\u0165astn\u00e1 symbolika, kter\u00e1 bohu\u017eel a\u017e p\u0159\u00edli\u0161 \u010dasto p\u0159ipodob\u0148uje dov\u00e1d\u011bn\u00ed pana Beana.\u00a0EU i NATO \u0161akali maj\u00ed tendenci preferovat v\u00fad\u00fa symboliku dat, \u010d\u00edsel atd.: O t\u011bch se m\u011blo hlasovat a p\u0159edat je 24. \u00fanora v den ro\u010dn\u00edho v\u00fdro\u010d\u00ed zah\u00e1jen\u00ed rusk\u00e9 speci\u00e1ln\u00ed vojensk\u00e9 operace na Ukrajin\u011b. .\u00a0T\u00edmto naprosto pr\u00e1zdn\u00fdm gestem cht\u011bli uk\u00e1zat, jak moc jim z\u00e1le\u017e\u00ed na jejich \u201evz\u00e1jemn\u00e9m boji\u201c \u201eza vy\u0161\u0161\u00ed dobro\u201c (pros\u00edm, omluvte m\u016fj sarkasmus) proti Rusku.\u00a0Ale bohu\u017eel jejich rozhodnut\u00ed p\u0159i\u0161lo jednoho dne p\u0159\u00edli\u0161 pozd\u011b, proto\u017ee se nepoda\u0159ilo dohodnout na v\u0161ech dolo\u017ek\u00e1ch a v\u00fdjimk\u00e1ch, kter\u00e9 m\u011bl des\u00e1t\u00fd bal\u00ed\u010dek obsahovat.\u00a0A co je je\u0161t\u011b d\u016fle\u017eit\u011bj\u0161\u00ed, bylo pro n\u011b t\u011b\u017ek\u00e9 dohodnout se na tom, co by m\u011blo b\u00fdt vyjmuto ze sankc\u00ed, aby se vyhnuli tomu, \u017ee zp\u016fsoben\u00e9 \u0161kody budou na konci jejich byrokratick\u00e9ho bruselsk\u00e9ho dne pro tyto \u010dlensk\u00e9 st\u00e1ty EU mnohem \u0161kodliv\u011bj\u0161\u00ed ne\u017e hodnota toho v\u0161eho. st\u00e1ty dostate\u010dn\u011b siln\u00e9 a mocn\u00e9, aby ne\u00fanavn\u011b a nestydat\u011b lobovaly za \u201esvou v\u011bc\u201c, jako je nap\u0159\u00edklad Belgie v p\u0159\u00edpad\u011b jej\u00edch rusk\u00fdch diamant\u016f.<\/span><\/p>\n<p><span>I kdy\u017e se zd\u00e1, \u017ee existuj\u00ed pon\u011bkud m\u00e9n\u011b cynick\u00e9 pot\u0159eby, jako jsou po\u017eadavky Ma\u010farska a Francie na rusk\u00e9 jadern\u00e9 palivo.\u00a0Brusel\u0161t\u00ed byrokrat\u00e9 pom\u011brn\u011b pohodln\u011b probl\u00e9m vy\u0159e\u0161ili t\u00edm, \u017ee je vyjmuli z des\u00e1t\u00e9ho sank\u010dn\u00edho bal\u00ed\u010dku.\u00a0Co je v\u0161ak mnohem d\u016fle\u017eit\u011bj\u0161\u00ed ne\u017e jejich pohodln\u00fd sklon k uvalen\u00ed spousty sankc\u00ed, a to i v medi\u00e1ln\u00edm v\u00fdpadku, kter\u00fd provedl Collective West United, vyvst\u00e1v\u00e1 existen\u010dn\u00ed dilema.\u00a0A to,\u00a0jak\u00fd finan\u010dn\u00ed a politick\u00fd z\u00e1rmutek doufali, \u017ee zm\u00edn\u011bn\u00fd des\u00e1t\u00fd sank\u010dn\u00ed bal\u00ed\u010dek Rusku p\u0159inese, pokud p\u0159edchoz\u00edch dev\u011bt bal\u00ed\u010dk\u016f zcela pokulh\u00e1v\u00e1?\u00a0A pro\u010d by m\u011bl b\u00fdt jak\u00fdkoli zbrusu nov\u00fd leskl\u00fd bal\u00ed\u010dek n\u011bjak\u00fdm zp\u016fsobem slavn\u011bj\u0161\u00ed, kdyby nedok\u00e1zal p\u0159in\u00e9st \u017e\u00e1dn\u00fd nov\u00fd, mo\u017en\u00e1 negativn\u00ed trend ve srovn\u00e1n\u00ed s dev\u00edti bal\u00ed\u010dky d\u0159\u00edve?\u00a0V hodin\u011b bruselsk\u00e9 algebry se m\u011blo st\u00e1t n\u011bco \u00fapln\u011b jin\u00e9ho.\u00a0Kolektivn\u00ed Z\u00e1pad v z\u00e1chvatu hazardn\u00edho \u0161\u00edlenstv\u00ed vsadil na \u00fapln\u011b jin\u00fd v\u00fdsledek.\u00a0A \u017ealostn\u011b selhali.<\/span><\/p>\n<p><span>Abychom nezapomn\u011bli, rusk\u00e1 ekonomika byla s nejv\u011bt\u0161\u00ed pravd\u011bpodobnost\u00ed za posledn\u00ed rok vystavena nejvy\u0161\u0161\u00edmu po\u010dtu sankc\u00ed v\u016fbec.\u00a0B\u00edl\u00fd d\u016fm vychlouba\u010dn\u011b sl\u00edbil 15% pokles rusk\u00e9 ekonomiky, kter\u00fd bez obav z rozporu ozn\u00e1mil, \u017ee vyma\u017ee p\u0159edchoz\u00edch patn\u00e1ct let rusk\u00e9ho hospod\u00e1\u0159sk\u00e9ho r\u016fstu.\u00a0Americk\u00fd prezident Joe Biden ozn\u00e1mil, \u017ee rusk\u00fd rubl bude zredukov\u00e1n na trosky (pozn\u00e1mka pro \u010dten\u00e1\u0159e SCF: muselo mu to docela dlouho trvat, ne\u017e p\u0159i\u0161el s touto slovn\u00ed h\u0159\u00ed\u010dkou, vzhledem k jeho dementn\u00edmu j\u00e1. Sl\u00e1va jeho psan\u00ed prezidentsk\u00e9ho projevu t\u00fdm, v\u00edce podobn\u00fd).\u00a0Ze stejn\u00e9ho d\u016fvodu nebyl Bruno Le Maire, francouzsk\u00fd politik, o nic m\u00e9n\u011b malebn\u00fd ve v\u00fdb\u011bru slov, vzhledem k tomu, \u017ee v t\u00e9 dob\u011b studoval francouzskou literaturu a rozhodn\u011b ne finance ani ekonomii.<\/span><\/p>\n<p><span>Francouzsk\u00fd Le Monde v\u0161ak nyn\u00ed p\u00ed\u0161e, \u017ee Rusko na\u0161t\u011bst\u00ed neutrp\u011blo ekonomick\u00fd kolaps, jak jej p\u0159ed rokem p\u0159edpov\u00eddal \u00fapln\u011b stejn\u00fd (neschopn\u00fd) Bruno Le Maire.\u00a0Nazna\u010duje, \u017ee na konci ledna 2023 byli v\u0161ichni zasko\u010deni skli\u010duj\u00edc\u00edm nemil\u00fdm p\u0159ekvapen\u00edm s diagn\u00f3zou MMF pro kolektivn\u00ed Z\u00e1pad stejn\u011b jako pro Vladimira Putina naprosto skli\u010duj\u00edc\u00ed.\u00a0Stru\u010dn\u011b \u0159e\u010deno, m\u00edsto zm\u00edn\u011bn\u00e9ho 15% ekonomick\u00e9ho poklesu byl v minul\u00e9m roce zaznamen\u00e1n pouze 2,2% pokles s p\u0159edpokl\u00e1dan\u00fdm r\u016fstem 0,3 % v tomto a 2,1 % v roce n\u00e1sleduj\u00edc\u00edm, co\u017e je, varuje Le Monde s vyk\u0159i\u010dn\u00edkem. , v euroz\u00f3n\u011b se o\u010dek\u00e1v\u00e1 v\u00edce ne\u017e 1,6% r\u016fst.<\/span><\/p>\n<p><span>Krom\u011b toho b\u00fdval\u00fd americk\u00fd ministr financ\u00ed Lawrence Summers vkl\u00e1d\u00e1 sv\u00e9 dv\u011b pence za to, \u017ee ekonomick\u00e9 sankce proti Rusku zp\u016fsobily z dlouhodob\u00e9ho hlediska jen mal\u00e9 \u0161kody, pokud v\u016fbec n\u011bjak\u00e9, s odkazem na dal\u0161\u00ed paradox v progn\u00f3z\u00e1ch MMF, \u017ee letos se rusk\u00e9 ekonomice povede. lep\u0161\u00ed ne\u017e jejich n\u011bmeck\u00e9 a americk\u00e9 prot\u011bj\u0161ky.\u00a0Deutsche Welle ve sv\u00fdch anal\u00fdz\u00e1ch ne\u00fasp\u011bch\u016f Kolektivn\u00edho Z\u00e1padu a tak\u00e9 o rusk\u00fdch \u00fasp\u011b\u0161\u00edch pon\u011bkud letmo poznamenala, \u017ee si nemohli nev\u0161imnout, \u017ee rusk\u00e1 ekonomika z\u016fst\u00e1v\u00e1 st\u00e1t a navzdory v\u0161em v\u00fdzv\u00e1m je nyn\u00ed v podstatn\u011b lep\u0161\u00ed kondici. ne\u017e se o\u010dek\u00e1valo.\u00a0Ji\u017e nyn\u00ed je zcela jasn\u00e9, \u017ee kolaps, kter\u00fd s p\u0159\u00edslove\u010dn\u00fdmi varovn\u00fdmi prsty p\u0159edpov\u00eddali mnoz\u00ed \u201easpiruj\u00edc\u00ed odborn\u00edci\u201c, nenastal.\u00a0Britsk\u00e1 Sky TV v z\u00e1plav\u011b opo\u017ed\u011bn\u00fdch dodate\u010dn\u00fdch n\u00e1pad\u016f,\u00a0jako by p\u0159i\u0161li k rozumu a\u017e te\u010f, kdy\u017e si uv\u011bdomuj\u00ed, \u017ee pav\u00ed p\u00f3zov\u00e1n\u00ed a ok\u00e1zal\u00e9 hrozby tehdej\u0161\u00edho britsk\u00e9ho premi\u00e9ra Borise Johnsona nevznikly (ano, ano, v\u0161ichni si bolestn\u011b uv\u011bdomujeme, co Bo Jo a jeho bl\u00e1zniv\u00e9 divadlo je jako).\u00a0<\/span><\/p>\n<p><span>Boris \u0159ekl, \u017ee <strong>1.<\/strong> rusk\u00e1 ekonomika bude vytla\u010dena z glob\u00e1ln\u00ed ekonomiky;\u00a0\u017ee<strong> 2.<\/strong> sankce podlo\u017e\u00ed ruskou ekonomiku&#8216;<strong> 3.<\/strong> \u017ee sankce zp\u0159\u00edsn\u00ed ekonomickou ligaturu kolem Ruska (pozn\u00e1mka pro \u010dten\u00e1\u0159e SCF: Dobr\u00fd smutek! Tento pekeln\u00fd kotel mnohomluvn\u00fdch nesmysl\u016f od Bo Joa nem\u00e1 konce).\u00a0Nyn\u00ed prohla\u0161uj\u00ed, \u017ee z\u00e1padn\u00ed ekonomov\u00e9 se zdaj\u00ed b\u00fdt zd\u011b\u0161eni skute\u010dnost\u00ed, \u017ee Rusko neutrp\u011blo \u017e\u00e1dn\u00e9 z\u00e1sadn\u00ed d\u016fsledky, proto\u017ee se Rusku milostiv\u011b poda\u0159ilo prosadit prvn\u00ed rok \u201etvrd\u00fdch\u201c sankc\u00ed.\u00a0v tom, \u017ee si z\u0159ejm\u011b uv\u011bdomuj\u00ed, \u017ee pav\u00ed p\u00f3zov\u00e1n\u00ed a ok\u00e1zal\u00e9 v\u00fdhr\u016f\u017eky tehdej\u0161\u00edho britsk\u00e9ho premi\u00e9ra Borise Johnsona nenastaly (ano, ano, v\u0161ichni si bolestn\u011b uv\u011bdomujeme, jak\u00fd je Bo Jo a jeho bl\u00e1zniv\u00e9 divadlo).<\/span><\/p>\n<p><span>Zd\u00e1 se, \u017ee Joseph Borrell, \u0161\u00e9f zahrani\u010dn\u00ed politiky EU, op\u011bt muml\u00e1, \u017ee protirusk\u00e9 \u201esankce jsou pomalu p\u016fsob\u00edc\u00ed jed, jako je arsen.\u00a0Pr\u00e1ce vy\u017eaduje \u010das, ale d\u011blaj\u00ed to a d\u011blaj\u00ed to nevratn\u00fdm zp\u016fsobem.\u201c\u00a0(pozn\u00e1mka pro \u010dten\u00e1\u0159e SCF: tento ne\u0161ikovn\u011b deviantn\u00ed idiom je tak nevhodn\u00fd, ale od takov\u00fdch, jako je Borrell, nelze o\u010dek\u00e1vat hlub\u0161\u00ed perly moudrosti (ehm, mohu se jen domn\u00edvat, \u017ee Boring Borrell z Bruselu musel \u010d\u00edst Agathu Christie a\u017e p\u0159\u00edli\u0161 \u010dasto ve sv\u00e9 neadekv\u00e1tn\u00ed Jeho nemotorn\u00e9 v\u00fdroky postr\u00e1daj\u00ed profesionalitu a diplomacii, co\u017e jist\u011b vyjad\u0159uje jeho neznalost a zjevn\u00fd nedostatek odborn\u00fdch znalost\u00ed, vzhledem k v\u00fd\u0161e uveden\u00fdm progn\u00f3z\u00e1m MMF, \u017ee nejhor\u0161\u00ed dny pro Rusko m\u00e1 za sebou. Rusko b\u011bhem desetilet\u00ed p\u0159\u00edsn\u00fdch sankc\u00ed vr\u00e1tilo svou suverenitu , vynikaj\u00edc\u00ed vojensk\u00e1 s\u00edla a ekonomick\u00e1 s\u00edla.<\/span><\/p>\n<p><span>Port\u00e1l Politico nav\u00edc o v\u0161ech t\u011bchto okolnostech informuje, \u017ee s ohledem na toto v\u0161e se zd\u00e1, \u017ee o rok pozd\u011bji a o deset \u201epekeln\u00fdch kruh\u016f\u201c pot\u00e9 evropsk\u00e9 vl\u00e1dy znovu zkoumaj\u00ed \u017ealostn\u00fd stav v\u011bc\u00ed, zda v\u0161echny sankce st\u00e1lo za to p\u0159edstavit na prvn\u00edm m\u00edst\u011b.\u00a0Polo\u017een\u00ed t\u00e9to ot\u00e1zky bylo samoz\u0159ejm\u011b opr\u00e1vn\u011bn\u00e9, proto\u017ee se v\u0161emi dosud uvalen\u00fdmi sankcemi Rusko, jak zd\u016fraznil Laurence Summers, se k nim nep\u0159ipojily zem\u011b s podstatn\u00fdm pod\u00edlem na sv\u011btov\u00e9m HDP, jako je \u010c\u00edna, Indie a Turecko.\u00a0Bloomberg p\u0159edev\u0161\u00edm nyn\u00ed uv\u00e1d\u00ed, \u017ee zb\u00fdvaj\u00edc\u00ed jisk\u0159i\u010dka nad\u011bje, kterou choval kolektivn\u00ed Z\u00e1pad, je nyn\u00ed marn\u00e1, \u017ee by Rusko bylo nuceno prod\u00e1vat za cenu po\u017eadovanou \u010dleny G7.\u00a0Nicm\u00e9n\u011b,<\/span><\/p>\n<p><span>Je t\u0159eba si polo\u017eit ot\u00e1zku, zda jsou rusk\u00e9 sankce v\u016fbec praktick\u00e9;\u00a0Dovolte mi ilustrovat, \u017ee s tak pseudodemokratick\u00fdm re\u017eimem EU zat\u00edm n\u011bmeck\u00fd export utrp\u011bl dvakr\u00e1t v\u011bt\u0161\u00ed pokles, ne\u017e se o\u010dek\u00e1valo.\u00a0Dovolte mi d\u00e1le ilustrovat, \u017ee produkce nizozemsk\u00e9ho pr\u016fmyslu se sn\u00ed\u017eila o jednu \u010dtvrtinu.\u00a0Chemick\u00fd gigant BASF p\u0159i posledn\u00edm propou\u0161t\u011bn\u00ed propou\u0161t\u00ed sv\u00fdch 2 600 pracovn\u00edch m\u00edst s dal\u0161\u00edmi ozn\u00e1men\u00edmi, \u017ee p\u0159esune sv\u00e9 v\u00fdrobn\u00ed z\u00e1vody jinam v m\u00edstech, kde je v dohledn\u00e9 dob\u011b v\u00fdhodn\u011bj\u0161\u00ed je ukr\u00fdt, tj. v Asii a Severn\u00ed Americe.\u00a0A aby finan\u010dn\u00ed z\u00e1le\u017eitosti byly mnohem hor\u0161\u00ed, N\u011bmecko, \u0160v\u00e9dsko a Finsko vstupuj\u00ed do f\u00e1ze t\u011b\u017ek\u00e9 recese.<\/span><\/p>\n<p><span>Jak to, \u017ee Evropa dok\u00e1zala b\u00fdt tak zaslepen\u00e1 a nepo\u010d\u00edtala s nep\u0159\u00edzniv\u00fdmi dopady, kter\u00e9 jim jejich pr\u00e1zdn\u00e9 protirusk\u00e9 sankce zp\u016fsob\u00ed, vrt\u00e1 hlavou.\u00a0Pro\u010d pokra\u010duj\u00ed v tomto fra\u0161kov\u00e9m p\u0159edstaven\u00ed?<\/span><\/p>\n<p><span>Jedin\u00fdm racion\u00e1ln\u00edm vysv\u011btlen\u00edm by mohlo b\u00fdt, \u017ee kolektivn\u00ed Z\u00e1pad na sv\u00e9m strm\u00e9m sestupn\u00e9m civiliza\u010dn\u00edm trendu d\u011bl\u00e1 v\u0161e, co je v jejich sil\u00e1ch, aby si sv\u00e9 samolib\u00e9 obyvatelstvo z\u00e1visl\u00e9 na ch\u016fv\u00e1ch pomalu zvykalo na nov\u00fd v\u011bk dysfunk\u010dn\u00ed spole\u010dnosti.<\/span><\/p>\n<div class=\"dk-article__bar\">\n<div class=\"dk-article__bar-left\">\n<div class=\"dk-article__bar-author-text\"><strong>Nata\u0161a Wrightov\u00e1<\/strong><\/div>\n<\/div>\n<\/div>\n<div class=\"dk-article__bar-copyright\"><\/div>\n<div><\/div>\n<div><\/div>\n<div class=\"dk-article__section\">\n<p><img decoding=\"async\" loading=\"lazy\" class=\"wp-image-19187 aligncenter\" src=\"http:\/\/www.infokuryr.cz\/n\/wp-content\/uploads\/2022\/12\/1-PRO-300x36.jpg\" alt=\"\" width=\"1142\" height=\"137\" srcset=\"https:\/\/www.infokuryr.cz\/n\/wp-content\/uploads\/2022\/12\/1-PRO-300x36.jpg 300w, https:\/\/www.infokuryr.cz\/n\/wp-content\/uploads\/2022\/12\/1-PRO.jpg 699w\" sizes=\"(max-width: 1142px) 100vw, 1142px\" \/><\/p>\n<\/div>\n<p>&nbsp;<\/p>\n<p>&nbsp;<\/p>\n<p><img decoding=\"async\" loading=\"lazy\" class=\"wp-image-24737 aligncenter\" src=\"http:\/\/www.infokuryr.cz\/n\/wp-content\/uploads\/2023\/03\/cesko_proti_bide2-239x300.png\" alt=\"\" width=\"680\" height=\"854\" srcset=\"https:\/\/www.infokuryr.cz\/n\/wp-content\/uploads\/2023\/03\/cesko_proti_bide2-239x300.png 239w, https:\/\/www.infokuryr.cz\/n\/wp-content\/uploads\/2023\/03\/cesko_proti_bide2-816x1024.png 816w, https:\/\/www.infokuryr.cz\/n\/wp-content\/uploads\/2023\/03\/cesko_proti_bide2-768x964.png 768w, https:\/\/www.infokuryr.cz\/n\/wp-content\/uploads\/2023\/03\/cesko_proti_bide2.png 846w\" sizes=\"(max-width: 680px) 100vw, 680px\" \/><\/p>\n<p>&nbsp;<\/p>\n<p>&nbsp;<\/p>\n<p>&nbsp;<\/p>\n","protected":false},"excerpt":{"rendered":"<p>Kolektivn\u00ed Z\u00e1pad na sv\u00e9m prudce sestupn\u00e9m civiliza\u010dn\u00edm trendu d\u011bl\u00e1 v\u0161e, co je v jejich sil\u00e1ch,&#8230;<\/p>\n","protected":false},"author":2,"featured_media":11638,"comment_status":"closed","ping_status":"closed","sticky":false,"template":"","format":"standard","meta":[],"categories":[7],"tags":[22,125,365],"_links":{"self":[{"href":"https:\/\/www.infokuryr.cz\/n\/wp-json\/wp\/v2\/posts\/25009"}],"collection":[{"href":"https:\/\/www.infokuryr.cz\/n\/wp-json\/wp\/v2\/posts"}],"about":[{"href":"https:\/\/www.infokuryr.cz\/n\/wp-json\/wp\/v2\/types\/post"}],"author":[{"embeddable":true,"href":"https:\/\/www.infokuryr.cz\/n\/wp-json\/wp\/v2\/users\/2"}],"replies":[{"embeddable":true,"href":"https:\/\/www.infokuryr.cz\/n\/wp-json\/wp\/v2\/comments?post=25009"}],"version-history":[{"count":0,"href":"https:\/\/www.infokuryr.cz\/n\/wp-json\/wp\/v2\/posts\/25009\/revisions"}],"wp:featuredmedia":[{"embeddable":true,"href":"https:\/\/www.infokuryr.cz\/n\/wp-json\/wp\/v2\/media\/11638"}],"wp:attachment":[{"href":"https:\/\/www.infokuryr.cz\/n\/wp-json\/wp\/v2\/media?parent=25009"}],"wp:term":[{"taxonomy":"category","embeddable":true,"href":"https:\/\/www.infokuryr.cz\/n\/wp-json\/wp\/v2\/categories?post=25009"},{"taxonomy":"post_tag","embeddable":true,"href":"https:\/\/www.infokuryr.cz\/n\/wp-json\/wp\/v2\/tags?post=25009"}],"curies":[{"name":"wp","href":"https:\/\/api.w.org\/{rel}","templated":true}]}}