{"id":25003,"date":"2023-03-23T04:53:22","date_gmt":"2023-03-23T03:53:22","guid":{"rendered":"http:\/\/www.infokuryr.cz\/n\/?p=25003"},"modified":"2023-03-23T04:53:22","modified_gmt":"2023-03-23T03:53:22","slug":"macron-rika-ze-je-pripraven-byt-nepopularni","status":"publish","type":"post","link":"https:\/\/www.infokuryr.cz\/n\/2023\/03\/23\/macron-rika-ze-je-pripraven-byt-nepopularni\/","title":{"rendered":"Macron \u0159\u00edk\u00e1, \u017ee je p\u0159ipraven b\u00fdt nepopul\u00e1rn\u00ed"},"content":{"rendered":"<div id=\"fb-root\"><\/div>\n<p><span style=\"font-size: 18pt;\"><strong>Kontroverzn\u00ed d\u016fchodov\u00e1 reforma nen\u00ed \u201eluxus\u201c, ale dlouho o\u010dek\u00e1van\u00e9 opat\u0159en\u00ed, \u0159\u00edk\u00e1 francouzsk\u00fd prezident<\/strong><\/span><\/p>\n<p><span>Francouzsk\u00fd prezident Emmanuel Macron st\u00e1l za svou kontroverzn\u00ed d\u016fchodovou reformou ve sv\u00fdch prvn\u00edch ve\u0159ejn\u00fdch projevech od prosazen\u00ed opat\u0159en\u00ed bez souhlasu z\u00e1konod\u00e1rc\u016f.\u00a0\u0158ekl, \u017ee krok, kter\u00fd prohloubil pokra\u010duj\u00edc\u00ed nepokoje v zemi, jeho p\u0159edch\u016fdci p\u0159\u00edli\u0161 dlouho odkl\u00e1dali.<\/span><\/p>\n<p><span>Macron byl neoblomn\u00fd ohledn\u011b rozhodnut\u00ed zv\u00fd\u0161it v\u011bk odchodu do d\u016fchodu ve Francii z 62 na 64 b\u011bhem v pr\u016fb\u011bhu st\u0159ede\u010dn\u00edho televizn\u00edho rozhovoru a trval na tom, \u017ee jedinou chybou, kterou ud\u011blal, bylo \u201e <\/span><em><span>nep\u0159esv\u011bd\u010den\u00ed lid\u00ed\u201c<\/span><\/em><span>\u00a0o jeho p\u0159ednostech.<\/span><\/p>\n<p><em><span>\u201eKdy\u017e jsem za\u010dal pracovat, bylo zde deset milion\u016f d\u016fchodc\u016f;\u00a0dnes jich je 17 milion\u016f a do roku 2030 jich bude 20 milion\u016f,\u201c<\/span><\/em><span>\u00a0\u0159ekl.\u00a0<\/span><em><span>&#8222;Opravdu si mysl\u00ed\u0161, \u017ee m\u016f\u017eeme pokra\u010dovat se stejn\u00fdmi pravidly?&#8220;<\/span><\/em><\/p>\n<p><span>Prezident kritizoval sv\u00e9 p\u0159edch\u016fdce a \u0159ekl, \u017ee\u00a0<\/span><em><span>\u201edok\u00e1zal zam\u00e9st prach pod koberec jako mnoz\u00ed p\u0159edt\u00edm\u201c,<\/span><\/em><span> ale m\u00edsto toho se rozhodl vz\u00edt si pohodu na dlouho o\u010dek\u00e1van\u00e9 zm\u011bny.<\/span><\/p>\n<p><em><span>\u201eMysl\u00ed\u0161, \u017ee m\u011b bav\u00ed d\u011blat tuto reformu?\u00a0Ne,\u201c<\/span><\/em><span>\u00a0\u0159ekl Macron.\u00a0<\/span><em><span>&#8222;Ale nen\u00ed sto zp\u016fsob\u016f, jak vyrovnat \u00fa\u010dty&#8230; Tato reforma nen\u00ed luxus ani pot\u011b\u0161en\u00ed, je to pro zemi nutnost.&#8220;<\/span><\/em><\/p>\n<p><span style=\"font-size: 18pt;\"><em><strong>M\u00e1m-li dnes n\u00e9st neobl\u00edbenost, beru ji.<\/strong><\/em><\/span><\/p>\n<p><span>Macron tak\u00e9 smetl obvin\u011bn\u00ed sv\u00fdch oponent\u016f z\u00a0<\/span><em><span>\u201enedemokrati\u010dnosti\u201c<\/span><\/em><span>\u00a0t\u00edm, \u017ee prosadil rozd\u011bluj\u00edc\u00ed legislativu bez pln\u00e9ho souhlasu parlamentu, p\u0159i\u010dem\u017e se dovol\u00e1val \u010dl\u00e1nku 49.3 francouzsk\u00e9 \u00fastavy.<\/span><\/p>\n<p><span>M\u00edsto toho obvinil demonstranty z nedemokrati\u010dnosti\u00a0a odsoudil n\u00e1siln\u00e9 nepokoje, kter\u00e9 zachv\u00e1tily zemi.\u00a0Vyj\u00e1d\u0159il v\u0161ak respekt k\u00a0<\/span><em><span>\u201eodbor\u016fm, kter\u00e9 h\u00e1j\u00ed sv\u016fj n\u00e1zor\u201c.<\/span><\/em><\/p>\n<p><em><span>\u201eKdy\u017e skupiny, jako tomu bylo tento t\u00fdden, pou\u017e\u00edvaj\u00ed n\u00e1sil\u00ed bez jak\u00fdchkoli pravidel, proto\u017ee s n\u011b\u010d\u00edm nejsou spokojen\u00e9, pak to u\u017e nen\u00ed demokracie,\u201c<\/span><\/em><span>\u00a0\u0159ekl Macron.<\/span><\/p>\n<p><span>Krom\u011b masov\u00fdch st\u00e1vek a rozs\u00e1hl\u00fdch protest\u016f vyvolala legislativa tak\u00e9 n\u011bkolik n\u00e1vrh\u016f na vysloven\u00ed ned\u016fv\u011bry vl\u00e1d\u011b v N\u00e1rodn\u00edm shrom\u00e1\u017ed\u011bn\u00ed, kter\u00e9mu dominuje Macronova centristick\u00e1 aliance.\u00a0Kabinetu se je poda\u0159ilo v\u0161echny p\u0159e\u017e\u00edt, nejt\u011bsn\u011bj\u0161\u00edmu n\u00e1vrhu chyb\u011blo dev\u011bt hlas\u016f na svr\u017een\u00ed vl\u00e1dy.<\/span><\/p>\n<p><span>Kontroverzn\u00ed z\u00e1kon o d\u016fchodov\u00e9 reform\u011b nyn\u00ed \u010dek\u00e1 na p\u0159ezkoum\u00e1n\u00ed \u00dastavn\u00ed radou, ne\u017e bude moci b\u00fdt podeps\u00e1n.\u00a0Zat\u00edmco org\u00e1n m\u016f\u017ee odm\u00edtnout ur\u010dit\u00e9 \u010dl\u00e1nky v n\u00e1vrhu z\u00e1kona, pokud je pova\u017euje za proti\u00fastavn\u00ed, tuto pravomoc vykon\u00e1v\u00e1 jen z\u0159\u00eddka.<\/span><\/p>\n<p><img decoding=\"async\" loading=\"lazy\" class=\"alignnone size-full wp-image-1185\" src=\"http:\/\/www.infokuryr.cz\/n\/wp-content\/uploads\/2021\/04\/kuryr-podpis.png\" alt=\"\" width=\"84\" height=\"24\" \/><\/p>\n<p>&nbsp;<\/p>\n<p>&nbsp;<\/p>\n<p><img decoding=\"async\" loading=\"lazy\" class=\"wp-image-19187 aligncenter\" src=\"http:\/\/www.infokuryr.cz\/n\/wp-content\/uploads\/2022\/12\/1-PRO-300x36.jpg\" alt=\"\" width=\"1125\" height=\"135\" srcset=\"https:\/\/www.infokuryr.cz\/n\/wp-content\/uploads\/2022\/12\/1-PRO-300x36.jpg 300w, https:\/\/www.infokuryr.cz\/n\/wp-content\/uploads\/2022\/12\/1-PRO.jpg 699w\" sizes=\"(max-width: 1125px) 100vw, 1125px\" \/><\/p>\n<p>&nbsp;<\/p>\n<p>&nbsp;<\/p>\n<p>&nbsp;<\/p>\n<p><img decoding=\"async\" loading=\"lazy\" class=\"wp-image-24737 aligncenter\" src=\"http:\/\/www.infokuryr.cz\/n\/wp-content\/uploads\/2023\/03\/cesko_proti_bide2-239x300.png\" alt=\"\" width=\"663\" height=\"832\" srcset=\"https:\/\/www.infokuryr.cz\/n\/wp-content\/uploads\/2023\/03\/cesko_proti_bide2-239x300.png 239w, https:\/\/www.infokuryr.cz\/n\/wp-content\/uploads\/2023\/03\/cesko_proti_bide2-816x1024.png 816w, https:\/\/www.infokuryr.cz\/n\/wp-content\/uploads\/2023\/03\/cesko_proti_bide2-768x964.png 768w, https:\/\/www.infokuryr.cz\/n\/wp-content\/uploads\/2023\/03\/cesko_proti_bide2.png 846w\" sizes=\"(max-width: 663px) 100vw, 663px\" \/><\/p>\n<p>&nbsp;<\/p>\n<p>&nbsp;<\/p>\n","protected":false},"excerpt":{"rendered":"<p>Kontroverzn\u00ed d\u016fchodov\u00e1 reforma nen\u00ed \u201eluxus\u201c, ale dlouho o\u010dek\u00e1van\u00e9 opat\u0159en\u00ed, \u0159\u00edk\u00e1 francouzsk\u00fd prezident Francouzsk\u00fd prezident Emmanuel&#8230;<\/p>\n","protected":false},"author":2,"featured_media":1090,"comment_status":"closed","ping_status":"closed","sticky":false,"template":"","format":"standard","meta":[],"categories":[7],"tags":[4593,130,307],"_links":{"self":[{"href":"https:\/\/www.infokuryr.cz\/n\/wp-json\/wp\/v2\/posts\/25003"}],"collection":[{"href":"https:\/\/www.infokuryr.cz\/n\/wp-json\/wp\/v2\/posts"}],"about":[{"href":"https:\/\/www.infokuryr.cz\/n\/wp-json\/wp\/v2\/types\/post"}],"author":[{"embeddable":true,"href":"https:\/\/www.infokuryr.cz\/n\/wp-json\/wp\/v2\/users\/2"}],"replies":[{"embeddable":true,"href":"https:\/\/www.infokuryr.cz\/n\/wp-json\/wp\/v2\/comments?post=25003"}],"version-history":[{"count":0,"href":"https:\/\/www.infokuryr.cz\/n\/wp-json\/wp\/v2\/posts\/25003\/revisions"}],"wp:featuredmedia":[{"embeddable":true,"href":"https:\/\/www.infokuryr.cz\/n\/wp-json\/wp\/v2\/media\/1090"}],"wp:attachment":[{"href":"https:\/\/www.infokuryr.cz\/n\/wp-json\/wp\/v2\/media?parent=25003"}],"wp:term":[{"taxonomy":"category","embeddable":true,"href":"https:\/\/www.infokuryr.cz\/n\/wp-json\/wp\/v2\/categories?post=25003"},{"taxonomy":"post_tag","embeddable":true,"href":"https:\/\/www.infokuryr.cz\/n\/wp-json\/wp\/v2\/tags?post=25003"}],"curies":[{"name":"wp","href":"https:\/\/api.w.org\/{rel}","templated":true}]}}