{"id":24989,"date":"2023-03-23T03:45:15","date_gmt":"2023-03-23T02:45:15","guid":{"rendered":"http:\/\/www.infokuryr.cz\/n\/?p=24989"},"modified":"2023-03-23T03:45:15","modified_gmt":"2023-03-23T02:45:15","slug":"sona-pekova-v-tuto-chvili-neni-jina-cesta-jindra-rajchl-nutne-potrebuje-nasi-pomoc","status":"publish","type":"post","link":"https:\/\/www.infokuryr.cz\/n\/2023\/03\/23\/sona-pekova-v-tuto-chvili-neni-jina-cesta-jindra-rajchl-nutne-potrebuje-nasi-pomoc\/","title":{"rendered":"So\u0148a Pekov\u00e1: V tuto chv\u00edli nen\u00ed jin\u00e1 cesta, Jindra Rajchl nutn\u011b pot\u0159ebuje na\u0161i pomoc"},"content":{"rendered":"<div id=\"fb-root\"><\/div>\n<p><span style=\"font-size: 14pt;\"><strong>Kdy\u017e se rozhodne, \u017ee n\u011bjak\u00fdm sm\u011brem p\u016fjde, tak se modleme, aby to byl ten sm\u011br, kter\u00fd chceme my, proto\u017ee je to obrovsk\u00e1 koncentrovan\u00e1 s\u00edla. So\u0148a Pekov\u00e1 o demonstraci na V\u00e1clav\u00e1ku, o intuici, spiritualit\u011b, slovanstv\u00ed a p\u00e1du syst\u00e9mu.<\/strong><\/span><\/p>\n<p>&nbsp;<\/p>\n<p><iframe loading=\"lazy\" title=\"So\u0148a Pekov\u00e1: O DEMONSTRAC\u00cdCH, spiritualit\u011b a P\u00c1DU SYST\u00c9MU.\" width=\"640\" height=\"360\" src=\"https:\/\/www.youtube.com\/embed\/VQQvGBFUpUM?feature=oembed\" frameborder=\"0\" allow=\"accelerometer; autoplay; clipboard-write; encrypted-media; gyroscope; picture-in-picture; web-share\" allowfullscreen><\/iframe><\/p>\n<p>&nbsp;<\/p>\n<p>Od mnoha \u0159e\u010dn\u00edk\u016f na\u00a0<strong><a href=\"https:\/\/www.nespokojeny.cz\/cesko-proti-bide-celonarodni-protivladni-protest-11-3-2023-vaclavske-namesti\/\" target=\"_blank\" rel=\"noopener\">sobotn\u00ed akci<\/a><\/strong>\u00a0zazn\u011blo, \u017ee jsme se sna\u017eili u\u017e dlouho o zdrav\u00fd rozum, u\u017e t\u0159et\u00edm rokem vlastn\u011b, pomoc\u00ed \u00fastavn\u00edch prost\u0159edk\u016f, pomoc\u00ed inteligentn\u00ed komunikace, sna\u017eili jsme se, aby ten zdrav\u00fd rozum ve spole\u010dnosti z\u016fstal, a to se nepoda\u0159ilo. M\u00edsto knih je dnes pot\u0159eba vz\u00edt do ruky klacek.<\/p>\n<p><span style=\"font-size: 18pt;\"><em><strong>P\u016fjdeme do ulic, proto\u017ee jinak se o n\u00e1s nev\u00ed.<\/strong><\/em><\/span><\/p>\n<p>Mikrobiolo\u017eka a molekul\u00e1rn\u00ed geneti\u010dka So\u0148a Pekov\u00e1, \u00favodn\u00ed signat\u00e1\u0159ka Charty 2022, v rozhovoru v rozhovoru s Tom\u00e1\u0161em Lukavcem:<\/p>\n<h2>A nen\u00ed jin\u00e9 cesty:<\/h2>\n<h2><img decoding=\"async\" class=\"aligncenter\" src=\"https:\/\/www.skrytapravda.cz\/images\/blogy\/2951\/2023\/politicke\/6_minut_po_94182.webp\" alt=\"6 minut po 94182\" \/><\/h2>\n<p>&nbsp;<\/p>\n<p><a href=\"https:\/\/www.skrytapravda.cz\/z-domova\/1144-sona-pekova-v-tuto-chvili-neni-jina-cesta-jindra-rajchl-nutne-potrebuje-nasi-pomoc\">Petr Pokorn\u00fd<\/a><\/p>\n<div class=\"clr\"><\/div>\n<div class=\"clauthor\"><\/div>\n<div><img decoding=\"async\" loading=\"lazy\" class=\"wp-image-19187 aligncenter\" src=\"http:\/\/www.infokuryr.cz\/n\/wp-content\/uploads\/2022\/12\/1-PRO-300x36.jpg\" alt=\"\" width=\"1125\" height=\"135\" srcset=\"https:\/\/www.infokuryr.cz\/n\/wp-content\/uploads\/2022\/12\/1-PRO-300x36.jpg 300w, https:\/\/www.infokuryr.cz\/n\/wp-content\/uploads\/2022\/12\/1-PRO.jpg 699w\" sizes=\"(max-width: 1125px) 100vw, 1125px\" \/><\/div>\n<div><\/div>\n<div><\/div>\n<div><\/div>\n<div><img decoding=\"async\" loading=\"lazy\" class=\"wp-image-24737 aligncenter\" src=\"http:\/\/www.infokuryr.cz\/n\/wp-content\/uploads\/2023\/03\/cesko_proti_bide2-239x300.png\" alt=\"\" width=\"656\" height=\"823\" srcset=\"https:\/\/www.infokuryr.cz\/n\/wp-content\/uploads\/2023\/03\/cesko_proti_bide2-239x300.png 239w, https:\/\/www.infokuryr.cz\/n\/wp-content\/uploads\/2023\/03\/cesko_proti_bide2-816x1024.png 816w, https:\/\/www.infokuryr.cz\/n\/wp-content\/uploads\/2023\/03\/cesko_proti_bide2-768x964.png 768w, https:\/\/www.infokuryr.cz\/n\/wp-content\/uploads\/2023\/03\/cesko_proti_bide2.png 846w\" sizes=\"(max-width: 656px) 100vw, 656px\" \/><\/div>\n<div><\/div>\n<div><\/div>\n<div><\/div>\n","protected":false},"excerpt":{"rendered":"<p>Kdy\u017e se rozhodne, \u017ee n\u011bjak\u00fdm sm\u011brem p\u016fjde, tak se modleme, aby to byl ten sm\u011br,&#8230;<\/p>\n","protected":false},"author":2,"featured_media":3215,"comment_status":"closed","ping_status":"closed","sticky":false,"template":"","format":"standard","meta":[],"categories":[6],"tags":[2992,2663,857],"_links":{"self":[{"href":"https:\/\/www.infokuryr.cz\/n\/wp-json\/wp\/v2\/posts\/24989"}],"collection":[{"href":"https:\/\/www.infokuryr.cz\/n\/wp-json\/wp\/v2\/posts"}],"about":[{"href":"https:\/\/www.infokuryr.cz\/n\/wp-json\/wp\/v2\/types\/post"}],"author":[{"embeddable":true,"href":"https:\/\/www.infokuryr.cz\/n\/wp-json\/wp\/v2\/users\/2"}],"replies":[{"embeddable":true,"href":"https:\/\/www.infokuryr.cz\/n\/wp-json\/wp\/v2\/comments?post=24989"}],"version-history":[{"count":0,"href":"https:\/\/www.infokuryr.cz\/n\/wp-json\/wp\/v2\/posts\/24989\/revisions"}],"wp:featuredmedia":[{"embeddable":true,"href":"https:\/\/www.infokuryr.cz\/n\/wp-json\/wp\/v2\/media\/3215"}],"wp:attachment":[{"href":"https:\/\/www.infokuryr.cz\/n\/wp-json\/wp\/v2\/media?parent=24989"}],"wp:term":[{"taxonomy":"category","embeddable":true,"href":"https:\/\/www.infokuryr.cz\/n\/wp-json\/wp\/v2\/categories?post=24989"},{"taxonomy":"post_tag","embeddable":true,"href":"https:\/\/www.infokuryr.cz\/n\/wp-json\/wp\/v2\/tags?post=24989"}],"curies":[{"name":"wp","href":"https:\/\/api.w.org\/{rel}","templated":true}]}}