{"id":24963,"date":"2023-03-23T01:10:30","date_gmt":"2023-03-23T00:10:30","guid":{"rendered":"http:\/\/www.infokuryr.cz\/n\/?p=24963"},"modified":"2023-03-22T17:42:44","modified_gmt":"2023-03-22T16:42:44","slug":"africky-stat-se-chysta-prijmout-trest-smrti-za-gay-sex","status":"publish","type":"post","link":"https:\/\/www.infokuryr.cz\/n\/2023\/03\/23\/africky-stat-se-chysta-prijmout-trest-smrti-za-gay-sex\/","title":{"rendered":"Africk\u00fd st\u00e1t se chyst\u00e1 p\u0159ijmout trest smrti za gay sex"},"content":{"rendered":"<div id=\"fb-root\"><\/div>\n<p><span style=\"font-size: 18pt;\"><strong>Ugandsk\u00fdm parlamentem pro\u0161el kontroverzn\u00ed n\u00e1vrh z\u00e1kona, kter\u00fd z \u201ehomosexuality s p\u0159it\u011b\u017euj\u00edc\u00edmi okolnostmi\u201c pova\u017euje hrdeln\u00ed zlo\u010din<\/strong><\/span><\/p>\n<p><span>Ugandsk\u00fd parlament drtivou v\u011bt\u0161inou hlasoval pro n\u00e1vrh z\u00e1kona, kter\u00fd \u010din\u00ed n\u011bkter\u00e9 homosexu\u00e1ln\u00ed \u010diny hrdeln\u00edm zlo\u010dinem, a poslal opat\u0159en\u00ed prezidentovi Yowerimu Musevenimu, od kter\u00e9ho se o\u010dek\u00e1v\u00e1, \u017ee jej podep\u00ed\u0161e navzdory hlasit\u00e9mu zahrani\u010dn\u00edmu odporu.\u00a0<\/span><\/p>\n<p><span>V\u0161ichni krom\u011b dvou z 389 poslanc\u016f zem\u011b podpo\u0159ili opat\u0159en\u00ed b\u011bhem legislativn\u00edho zased\u00e1n\u00ed v \u00fater\u00fd ve\u010der.\u00a0N\u00e1vrh z\u00e1kona ukl\u00e1d\u00e1 trest smrti za \u201e\u00a0<\/span><em><span>zhor\u0161enou homosexualitu<\/span><\/em><span>\u00a0\u201c a tak\u00e9 do\u017eivotn\u00ed v\u011bzen\u00ed za \u201e\u00a0<\/span><em><span>n\u00e1bor, propagaci a financov\u00e1n\u00ed<\/span><\/em><span>\u00a0\u201c homosexu\u00e1ln\u00edch \u201e\u00a0<\/span><em><span>aktivit<\/span><\/em><span>\u00a0\u201c.<\/span><\/p>\n<p><span>Fox Odoi-Oyelowo, jeden ze dvou z\u00e1konod\u00e1rc\u016f, kte\u0159\u00ed se postavili proti opat\u0159en\u00ed, jej popsal jako \u201e\u00a0<\/span><em><span>nevymy\u0161len\u00e9<\/span><\/em><span>\u00a0\u201c s \u201e\u00a0<\/span><em><span>proti\u00fastavn\u00edmi<\/span><\/em><span>\u00a0\u201c ustanoven\u00edmi v koment\u00e1\u0159\u00edch citovan\u00fdch The Guardian.\u00a0Nejen\u017ee \u201enezav\u00e1d\u00ed\u00a0<\/span><em><span>\u017e\u00e1dnou p\u0159idanou hodnotu<\/span><\/em><span>\u00a0\u201c do st\u00e1vaj\u00edc\u00edho pr\u00e1va, ale \u201e\u00a0<\/span><em><span>obrac\u00ed v\u00fddobytky zaznamenan\u00e9 v boji proti genderov\u011b podm\u00edn\u011bn\u00e9mu n\u00e1sil\u00ed a kriminalizuje jednotlivce<\/span><\/em><span>\u00a0\u201c, kde by se m\u011bla zam\u011b\u0159it na \u201e\u00a0<\/span><em><span>kontakt, kter\u00fd je v rozporu se v\u0161emi zn\u00e1m\u00fdmi pr\u00e1vn\u00edmi normami<\/span><\/em><span>\u00a0\u201c. \u0159ekl z\u00e1konod\u00e1rce.\u00a0<\/span><\/p>\n<p><span>\u010cetn\u00e9 zahrani\u010dn\u00ed LGBTQ skupiny prosazuj\u00edc\u00ed toto opat\u0159en\u00ed tak\u00e9 odsoudily a ozna\u010dily je za \u201e\u00a0<\/span><em><span>nen\u00e1vistnou legislativu<\/span><\/em><span>\u00a0\u201c a \u201e\u00a0<\/span><em><span>diskrimina\u010dn\u00ed<\/span><\/em><span>\u00a0\u201c a sl\u00edbily, \u017ee proti n\u011bmu budou bojovat.<\/span><\/p>\n<p><span>P\u0159edchoz\u00ed n\u00e1vrh z\u00e1kona p\u0159edlo\u017een\u00fd v roce 2019 po\u017eadoval trest smrti pro ve\u0161ker\u00fd gay sex a tato praxe byla nez\u00e1konn\u00e1, proto\u017ee Uganda byla britskou koloni\u00ed.<\/span><\/p>\n<p><span>Museveni minul\u00fd t\u00fdden kritizoval z\u00e1padn\u00ed vl\u00e1dy za vyhro\u017eov\u00e1n\u00ed sankcemi v reakci na anti-LGBTQ legislativu a ozna\u010dil jejich snahy zav\u00e9st ciz\u00ed kulturn\u00ed normy africk\u00fdm spole\u010dnostem za \u201e\u00a0<\/span><em><span>pokryteck\u00e9.\u00a0<\/span><\/em><span>\u201c<\/span><\/p>\n<p><span>\u201e\u00a0<\/span><em><span>Homosexu\u00e1lov\u00e9 jsou odchylky od norm\u00e1lu<\/span><\/em><span>\u00a0,\u201c \u0159ekl a vysv\u011btlil, \u017ee je t\u0159eba odpov\u011bd\u011bt, zda \u201ep\u0159\u00edroda nebo v\u00fdchova\u201c rozhodla o orientaci jedince.\u00a0&#8220;\u00a0<\/span><em><span>Na to pot\u0159ebujeme l\u00e9ka\u0159sk\u00fd posudek<\/span><\/em><span>\u00a0,&#8220; trval na sv\u00e9m.<\/span><\/p>\n<p><span>USA pohrozily, \u017ee v roce 2014 zadr\u017e\u00ed pomoc Ugand\u011b, kdy\u017e zem\u011b p\u0159ijala z\u00e1kon trestaj\u00edc\u00ed \u201e\u00a0<\/span><em><span>horkou homosexualitu<\/span><\/em><span>\u00a0\u201c \u2013 trestn\u00fd \u010din zahrnuj\u00edc\u00ed gay sex s HIV pozitivn\u00edm nebo s osobou mlad\u0161\u00ed 18 let \u2013 do\u017eivotn\u00edm v\u011bzen\u00edm, co\u017e vedlo k vln\u011b mezin\u00e1rodn\u00ed opozice, kter\u00e1 vedla k tomu, \u017ee legislativa byla z technick\u00fdch d\u016fvod\u016f zru\u0161ena<\/span><\/p>\n<p><span>Uganda, v\u011bt\u0161inov\u011b k\u0159es\u0165ansk\u00fd n\u00e1rod, je jednou z 37 africk\u00fdch zem\u00ed, kter\u00e9 zak\u00e1zaly homosexualitu.\u00a0Nig\u00e9rie, S\u00fad\u00e1n a Mauret\u00e1nie tak\u00e9 trestaj\u00ed tuto praxi v n\u011bkter\u00fdch p\u0159\u00edpadech smrt\u00ed.<\/span><\/p>\n<p><img decoding=\"async\" loading=\"lazy\" class=\"alignnone size-full wp-image-1185\" src=\"http:\/\/www.infokuryr.cz\/n\/wp-content\/uploads\/2021\/04\/kuryr-podpis.png\" alt=\"\" width=\"84\" height=\"24\" \/><\/p>\n<p>&nbsp;<\/p>\n<p>&nbsp;<\/p>\n<p><img decoding=\"async\" loading=\"lazy\" class=\"wp-image-19187 aligncenter\" src=\"http:\/\/www.infokuryr.cz\/n\/wp-content\/uploads\/2022\/12\/1-PRO-300x36.jpg\" alt=\"\" width=\"1108\" height=\"133\" srcset=\"https:\/\/www.infokuryr.cz\/n\/wp-content\/uploads\/2022\/12\/1-PRO-300x36.jpg 300w, https:\/\/www.infokuryr.cz\/n\/wp-content\/uploads\/2022\/12\/1-PRO.jpg 699w\" sizes=\"(max-width: 1108px) 100vw, 1108px\" \/><\/p>\n<p>&nbsp;<\/p>\n<p>&nbsp;<\/p>\n<p><img decoding=\"async\" loading=\"lazy\" class=\"wp-image-24737 aligncenter\" src=\"http:\/\/www.infokuryr.cz\/n\/wp-content\/uploads\/2023\/03\/cesko_proti_bide2-239x300.png\" alt=\"\" width=\"657\" height=\"825\" srcset=\"https:\/\/www.infokuryr.cz\/n\/wp-content\/uploads\/2023\/03\/cesko_proti_bide2-239x300.png 239w, https:\/\/www.infokuryr.cz\/n\/wp-content\/uploads\/2023\/03\/cesko_proti_bide2-816x1024.png 816w, https:\/\/www.infokuryr.cz\/n\/wp-content\/uploads\/2023\/03\/cesko_proti_bide2-768x964.png 768w, https:\/\/www.infokuryr.cz\/n\/wp-content\/uploads\/2023\/03\/cesko_proti_bide2.png 846w\" sizes=\"(max-width: 657px) 100vw, 657px\" \/><\/p>\n<p>&nbsp;<\/p>\n<p>&nbsp;<\/p>\n<p>&nbsp;<\/p>\n","protected":false},"excerpt":{"rendered":"<p>Ugandsk\u00fdm parlamentem pro\u0161el kontroverzn\u00ed n\u00e1vrh z\u00e1kona, kter\u00fd z \u201ehomosexuality s p\u0159it\u011b\u017euj\u00edc\u00edmi okolnostmi\u201c pova\u017euje hrdeln\u00ed zlo\u010din&#8230;<\/p>\n","protected":false},"author":2,"featured_media":24964,"comment_status":"closed","ping_status":"closed","sticky":false,"template":"","format":"standard","meta":[],"categories":[7],"tags":[957,2061,4618],"_links":{"self":[{"href":"https:\/\/www.infokuryr.cz\/n\/wp-json\/wp\/v2\/posts\/24963"}],"collection":[{"href":"https:\/\/www.infokuryr.cz\/n\/wp-json\/wp\/v2\/posts"}],"about":[{"href":"https:\/\/www.infokuryr.cz\/n\/wp-json\/wp\/v2\/types\/post"}],"author":[{"embeddable":true,"href":"https:\/\/www.infokuryr.cz\/n\/wp-json\/wp\/v2\/users\/2"}],"replies":[{"embeddable":true,"href":"https:\/\/www.infokuryr.cz\/n\/wp-json\/wp\/v2\/comments?post=24963"}],"version-history":[{"count":1,"href":"https:\/\/www.infokuryr.cz\/n\/wp-json\/wp\/v2\/posts\/24963\/revisions"}],"predecessor-version":[{"id":24965,"href":"https:\/\/www.infokuryr.cz\/n\/wp-json\/wp\/v2\/posts\/24963\/revisions\/24965"}],"wp:featuredmedia":[{"embeddable":true,"href":"https:\/\/www.infokuryr.cz\/n\/wp-json\/wp\/v2\/media\/24964"}],"wp:attachment":[{"href":"https:\/\/www.infokuryr.cz\/n\/wp-json\/wp\/v2\/media?parent=24963"}],"wp:term":[{"taxonomy":"category","embeddable":true,"href":"https:\/\/www.infokuryr.cz\/n\/wp-json\/wp\/v2\/categories?post=24963"},{"taxonomy":"post_tag","embeddable":true,"href":"https:\/\/www.infokuryr.cz\/n\/wp-json\/wp\/v2\/tags?post=24963"}],"curies":[{"name":"wp","href":"https:\/\/api.w.org\/{rel}","templated":true}]}}