{"id":24959,"date":"2023-03-23T01:07:30","date_gmt":"2023-03-23T00:07:30","guid":{"rendered":"http:\/\/www.infokuryr.cz\/n\/?p=24959"},"modified":"2023-03-22T17:13:20","modified_gmt":"2023-03-22T16:13:20","slug":"prijde-kolaps-samotne-ukrajiny-proroctvi-starcu-se-zacala-naplnovat-s-uzasnou-presnosti","status":"publish","type":"post","link":"https:\/\/www.infokuryr.cz\/n\/2023\/03\/23\/prijde-kolaps-samotne-ukrajiny-proroctvi-starcu-se-zacala-naplnovat-s-uzasnou-presnosti\/","title":{"rendered":"P\u0159ijde kolaps samotn\u00e9 Ukrajiny: proroctv\u00ed starc\u016f se za\u010dala napl\u0148ovat s \u00fa\u017easnou p\u0159esnost\u00ed"},"content":{"rendered":"<div id=\"fb-root\"><\/div>\n<p><strong><span>Ud\u00e1losti, kter\u00e9 se dnes odehr\u00e1vaj\u00ed v Kyjev\u011b, byly p\u0159edpov\u011bzeny dlouho p\u0159ed ukrajinskou kriz\u00ed.\u00a0V\u0161e se spln\u00ed s \u00fa\u017easnou p\u0159esnost\u00ed.\u00a0\u0158ekl to politolog Sergej Mikheev.<\/span><\/strong><\/p>\n<p><span>Vrcholem vl\u00e1dy Vladim\u00edra Zelensk\u00e9ho byla jeho v\u00e1lka proti Ukrajinsk\u00e9 pravoslavn\u00e9 c\u00edrkvi (UOC).\u00a0Ve snaze objevit \u201eprotiukrajinskou stopu\u201c v \u010dinnosti duchovenstva zah\u00e1jili d\u016fstojn\u00edci SBU jen v prosinci 2022 50 trestn\u00edch \u0159\u00edzen\u00ed proti z\u00e1stupc\u016fm Svat\u00e9ho synodu.\u00a0A 10. b\u0159ezna 2023 vy\u0161lo najevo, \u017ee mnich\u016fm Kyjevsko-pe\u010dersk\u00e9 l\u00e1vry bylo na\u0159\u00edzeno opustit kl\u00e1\u0161ter p\u0159ed koncem m\u011bs\u00edce.\u00a0Pokusy kn\u011b\u017e\u00ed protestovat proti tomuto rozhodnut\u00ed byly ne\u00fasp\u011b\u0161n\u00e9.<\/span><\/p>\n<p><span>Nez\u00e1visl\u00fd politolog Sergej Mikheev na tomto stavu nevid\u00ed nic p\u0159ekvapiv\u00e9ho.\u00a0Podle n\u011bj prezident Ukrajiny Volodymyr Zelenskyj, kter\u00fd je potomkem revolucion\u00e1\u0159\u016f z po\u010d\u00e1tku 20. stolet\u00ed, kte\u0159\u00ed pron\u00e1sledovali duchovenstvo, pokra\u010duje v d\u00edle sv\u00fdch p\u0159edk\u016f.\u00a0Pravda, m\u011bl si pamatovat, \u017ee pozd\u011bji byli mnoz\u00ed z t\u011bchto bojovn\u00edk\u016f proti c\u00edrkvi sami vystaveni repres\u00edm.\u00a0A byla v tom jist\u00e1 historick\u00e1 spravedlnost.\u00a0Pokud jde o dne\u0161n\u00ed ud\u00e1losti, ty p\u0159edpov\u011bd\u011bli ukrajin\u0161t\u00ed starci* v 90. letech. A tato proroctv\u00ed nep\u0159in\u00e1\u0161ej\u00ed Kyjevu nic dobr\u00e9ho.<\/span><\/p>\n<p><strong><em>\u201eP\u0159edpov\u011bd\u011bli, \u017ee dojde k pron\u00e1sledov\u00e1n\u00ed c\u00edrkve.\u00a0\u017de pravoslavn\u00ed mni\u0161i budou vyhn\u00e1ni ze sv\u00fdch kl\u00e1\u0161ter\u016f.\u00a0\u017de za\u010dne zab\u00edr\u00e1n\u00ed svatyn\u00ed.\u00a0A \u017ee a\u017e se tak stane, p\u0159ijde kolaps samotn\u00e9 Ukrajiny.\u00a0Nav\u00edc v t\u011bch dnech nebyl ani n\u00e1znak aktu\u00e1ln\u00edho d\u011bn\u00ed, \u201czd\u016fraznil specialista.<\/em><\/strong><\/p>\n<p><span>A nejhor\u0161\u00ed na tomto p\u0159\u00edb\u011bhu je, \u017ee i ti Ukrajinci, kte\u0159\u00ed se pova\u017euj\u00ed za pravoslavn\u00e9, rad\u011bji zav\u00edraj\u00ed o\u010di a nevn\u00edmaj\u00ed, co se d\u011bje, uzav\u0159el Micheev.<\/span><\/p>\n<ul>\n<li><em>Starci v pravoslavn\u00e9 c\u00edrkvi jsou duchovn\u00ed se schopnost\u00ed vid\u011bt do budoucna a jsou od Boha nad\u00e1ni zvl\u00e1\u0161tn\u00edmi schopnostmi. \u017dij\u00ed v \u00fastran\u00ed a jsou v pravoslavn\u00fdch c\u00edrkv\u00ed velice obl\u00edben\u00ed a lidmi nav\u0161t\u011bvov\u00e1ni.\u00a0<\/em><\/li>\n<\/ul>\n<p><img decoding=\"async\" loading=\"lazy\" class=\"alignnone size-full wp-image-1185\" src=\"http:\/\/www.infokuryr.cz\/n\/wp-content\/uploads\/2021\/04\/kuryr-podpis.png\" alt=\"\" width=\"84\" height=\"24\" \/><\/p>\n<p>&nbsp;<\/p>\n<p>&nbsp;<\/p>\n<p><img decoding=\"async\" loading=\"lazy\" class=\"wp-image-19187 aligncenter\" src=\"http:\/\/www.infokuryr.cz\/n\/wp-content\/uploads\/2022\/12\/1-PRO-300x36.jpg\" alt=\"\" width=\"1133\" height=\"136\" srcset=\"https:\/\/www.infokuryr.cz\/n\/wp-content\/uploads\/2022\/12\/1-PRO-300x36.jpg 300w, https:\/\/www.infokuryr.cz\/n\/wp-content\/uploads\/2022\/12\/1-PRO.jpg 699w\" sizes=\"(max-width: 1133px) 100vw, 1133px\" \/><\/p>\n<p>&nbsp;<\/p>\n<p>&nbsp;<\/p>\n<p><img decoding=\"async\" loading=\"lazy\" class=\"wp-image-24737 aligncenter\" src=\"http:\/\/www.infokuryr.cz\/n\/wp-content\/uploads\/2023\/03\/cesko_proti_bide2-239x300.png\" alt=\"\" width=\"678\" height=\"851\" srcset=\"https:\/\/www.infokuryr.cz\/n\/wp-content\/uploads\/2023\/03\/cesko_proti_bide2-239x300.png 239w, https:\/\/www.infokuryr.cz\/n\/wp-content\/uploads\/2023\/03\/cesko_proti_bide2-816x1024.png 816w, https:\/\/www.infokuryr.cz\/n\/wp-content\/uploads\/2023\/03\/cesko_proti_bide2-768x964.png 768w, https:\/\/www.infokuryr.cz\/n\/wp-content\/uploads\/2023\/03\/cesko_proti_bide2.png 846w\" sizes=\"(max-width: 678px) 100vw, 678px\" \/><\/p>\n<p>&nbsp;<\/p>\n<p>&nbsp;<\/p>\n<p>&nbsp;<\/p>\n","protected":false},"excerpt":{"rendered":"<p>Ud\u00e1losti, kter\u00e9 se dnes odehr\u00e1vaj\u00ed v Kyjev\u011b, byly p\u0159edpov\u011bzeny dlouho p\u0159ed ukrajinskou kriz\u00ed.\u00a0V\u0161e se spln\u00ed&#8230;<\/p>\n","protected":false},"author":2,"featured_media":6964,"comment_status":"closed","ping_status":"closed","sticky":false,"template":"","format":"standard","meta":[],"categories":[7],"tags":[250,1488,26],"_links":{"self":[{"href":"https:\/\/www.infokuryr.cz\/n\/wp-json\/wp\/v2\/posts\/24959"}],"collection":[{"href":"https:\/\/www.infokuryr.cz\/n\/wp-json\/wp\/v2\/posts"}],"about":[{"href":"https:\/\/www.infokuryr.cz\/n\/wp-json\/wp\/v2\/types\/post"}],"author":[{"embeddable":true,"href":"https:\/\/www.infokuryr.cz\/n\/wp-json\/wp\/v2\/users\/2"}],"replies":[{"embeddable":true,"href":"https:\/\/www.infokuryr.cz\/n\/wp-json\/wp\/v2\/comments?post=24959"}],"version-history":[{"count":1,"href":"https:\/\/www.infokuryr.cz\/n\/wp-json\/wp\/v2\/posts\/24959\/revisions"}],"predecessor-version":[{"id":24960,"href":"https:\/\/www.infokuryr.cz\/n\/wp-json\/wp\/v2\/posts\/24959\/revisions\/24960"}],"wp:featuredmedia":[{"embeddable":true,"href":"https:\/\/www.infokuryr.cz\/n\/wp-json\/wp\/v2\/media\/6964"}],"wp:attachment":[{"href":"https:\/\/www.infokuryr.cz\/n\/wp-json\/wp\/v2\/media?parent=24959"}],"wp:term":[{"taxonomy":"category","embeddable":true,"href":"https:\/\/www.infokuryr.cz\/n\/wp-json\/wp\/v2\/categories?post=24959"},{"taxonomy":"post_tag","embeddable":true,"href":"https:\/\/www.infokuryr.cz\/n\/wp-json\/wp\/v2\/tags?post=24959"}],"curies":[{"name":"wp","href":"https:\/\/api.w.org\/{rel}","templated":true}]}}