{"id":2493,"date":"2021-06-14T01:25:53","date_gmt":"2021-06-13T23:25:53","guid":{"rendered":"http:\/\/www.infokuryr.cz\/n\/?p=2493"},"modified":"2021-06-14T01:25:53","modified_gmt":"2021-06-13T23:25:53","slug":"macron-uvedl-ze-je-nutne-vyvinout-mezinarodni-koncepci-kontroly-zbrani","status":"publish","type":"post","link":"https:\/\/www.infokuryr.cz\/n\/2021\/06\/14\/macron-uvedl-ze-je-nutne-vyvinout-mezinarodni-koncepci-kontroly-zbrani\/","title":{"rendered":"Macron uvedl, \u017ee je nutn\u00e9 vyvinout mezin\u00e1rodn\u00ed koncepci kontroly zbran\u00ed"},"content":{"rendered":"<div id=\"fb-root\"><\/div>\n<p><strong>Francouzsk\u00fd prezident Emmanuel Macron se nechal sly\u0161et, \u017ee je nutn\u00e9 vyvinout mezin\u00e1rodn\u00ed koncepci kontroly zbran\u00ed s t\u00edm, \u017ee sv\u011bt \u201eji\u017e nen\u00ed ve stavu studen\u00e9 v\u00e1lky\u201c.<\/strong><\/p>\n<p>\u201ePokud jde o ot\u00e1zku kontroly zbran\u00ed &#8230; mus\u00edme vytvo\u0159it novou agendu. Mysl\u00edm si, \u017ee mus\u00edme vybudovat mezin\u00e1rodn\u00ed kulturu kontroly zbran\u00ed. Posledn\u00ed roky uk\u00e1zaly n\u00e1r\u016fst konflikt\u016f, ale mus\u00edme v\u0161ichni spole\u010dn\u011b, dokonce i s mocnostmi, se kter\u00fdmi nesd\u00edl\u00edme spole\u010dn\u00e9 hodnoty, vytvo\u0159it kulturu strategick\u00e9 agendy a kontroly zbran\u00ed ve sv\u011btle skute\u010dnosti, \u017ee ji\u017e nejsme ve stavu studen\u00e9 v\u00e1lky,\u201c uvedl Macron na tiskov\u00e9 konferenci po summitu G7.<\/p>\n<p>Rovn\u011b\u017e vyzval mezin\u00e1rodn\u00ed spole\u010denstv\u00ed ke koordinaci ve v\u0161ech oblastech, ve kter\u00fdch doch\u00e1z\u00ed ke\u00a0<strong>zvy\u0161ov\u00e1n\u00ed konflikt\u016f<\/strong>\u00a0&#8211; kybernetick\u00e1 bezpe\u010dnost, vesm\u00edr, n\u00e1mo\u0159n\u00ed sf\u00e9ra.<\/p>\n<p>Summit zem\u00ed G7 se kon\u00e1 v Cornwallu na jihu Anglie ve dnech 11. a\u017e 13. \u010dervna. Jedn\u00e1 se o prvn\u00ed osobn\u00ed setk\u00e1n\u00ed l\u00eddr\u016f G7 za t\u00e9m\u011b\u0159 dva roky. G7 zahrnuje\u00a0Velkou Brit\u00e1nii, Kanadu, Francii, N\u011bmecko, It\u00e1lii, Japonsko, USA a EU.<\/p>\n<p>Nutno podotknout, \u017ee po setk\u00e1n\u00ed l\u00eddr\u016f G7 dojde k dal\u0161\u00ed d\u016fle\u017eit\u00e9 sch\u016fzce. Dne 16. \u010dervna se toti\u017e v \u017denev\u011b\u00a0setk\u00e1\u00a0rusk\u00fd prezident Vladimir Putin se sv\u00fdm americk\u00fdm prot\u011bj\u0161kem Joem Bidenem. O\u010dek\u00e1v\u00e1 se, \u017ee l\u00edd\u0159i projednaj\u00ed ot\u00e1zky strategick\u00e9 stability, boj s pandemi\u00ed, mezin\u00e1rodn\u00ed probl\u00e9my a region\u00e1ln\u00ed konflikty. Podle tiskov\u00e9ho mluv\u010d\u00edho rusk\u00e9ho prezidenta Dmitrije Peskova pova\u017euje Moskva za d\u016fle\u017eit\u00e9, aby se\u00a0summit\u00a0uskute\u010dnil. Proto v sou\u010dasn\u00e9 dob\u011b pokra\u010duj\u00ed p\u0159\u00edpravy na n\u011bj.<\/p>\n<p>Washington st\u00e1le zvy\u0161uje sank\u010dn\u00ed n\u00e1tlak na Moskvu s pou\u017eit\u00edm \u201esituace s lidsk\u00fdmi pr\u00e1vy\u201c jako z\u00e1minky pro zaveden\u00ed sankc\u00ed. USA se zase dostaly na rusk\u00fd seznam \u201enep\u0159\u00e1telsk\u00fdch\u201c st\u00e1t\u016f. Rusk\u00e9 ministerstvo zahrani\u010d\u00ed prohl\u00e1silo, \u017ee se vztahy mezi ob\u011bma st\u00e1ty dostaly do slep\u00e9 uli\u010dky a \u017ee hlavn\u00ed je\u00a0naj\u00edt\u00a0v\u00fdchodisko.<\/p>\n<p><strong>\u010c\u00edna ke G7<\/strong><\/p>\n<p>\u010celn\u00ed p\u0159edstavitel\u00e9 st\u00e1t\u016f G7 se se\u0161li na t\u0159\u00eddenn\u00ed summit v britsk\u00e9m Cornwallu, aby spolu projednali glob\u00e1ln\u00ed v\u00fdzvy, mezin\u00e1rodn\u00ed probl\u00e9my a \u201esd\u00edlen\u00e9 priority zahrani\u010dn\u00ed politiky jako je \u010c\u00edna \u010di Rusko\u201c. Peking toto setk\u00e1n\u00ed\u00a0odsoudil\u00a0a zd\u016fraznil, \u017ee cel\u00fd form\u00e1t tohoto jedn\u00e1n\u00ed je zastaral\u00fd a p\u0159ekonan\u00fd.<\/p>\n<p>Tato reakce p\u0159i\u0161la pot\u00e9, co americk\u00fd\u00a0prezident\u00a0Joe Biden vyzval l\u00eddry na G7, aby u\u010dinili siln\u00e9 prohl\u00e1\u0161en\u00ed t\u00fdkaj\u00edc\u00ed se \u00fadajn\u00fdch nucen\u00fdch prac\u00ed v \u010c\u00edn\u011b. Tato slova vy\u0159kl b\u011bhem druh\u00e9ho dne summitu.<\/p>\n<p>Podle agentury Reuters, kter\u00e1 se\u00a0odvol\u00e1v\u00e1\u00a0na zdroje, kanadsk\u00fd premi\u00e9r Justin Trudeau tak\u00e9 vyzval zem\u011b G7, aby vytvo\u0159ily sjednocen\u00fd p\u0159\u00edstup k \u010delen\u00ed v\u00fdzv\u00e1m, kter\u00e9 p\u0159estavuje Peking. G7 se pr\u00fd chyst\u00e1 nab\u00eddnout rozv\u00edjej\u00edc\u00edm se n\u00e1rod\u016fm sch\u00e9ma infrastruktury, kter\u00e9 by m\u011blo nahradit \u010d\u00ednskou iniciativu Hedv\u00e1bn\u00e9 stezky.<\/p>\n<p>\u010c\u00edna opakovan\u011b odsuzovala velk\u00e9 z\u00e1padn\u00ed zem\u011b za to, \u017ee se uchyluj\u00ed k metod\u00e1m p\u0159ipom\u00ednaj\u00edc\u00edm p\u0159ekonan\u00e9 \u010dasy \u201ekolonialismu\u201c ve sv\u00e9 snaze \u201espoutat\u201c \u010d\u00ednsk\u00fd vliv po cel\u00e9m sv\u011bt\u011b.<\/p>\n<p><a href=\"https:\/\/cz.sputniknews.com\/20210613\/macron-uvedl-ze-je-nutne-vyvinout-mezinarodni-koncepci-kontroly-zbrani-14825618.html\">ZDROJ<\/a><\/p>\n<p>&nbsp;<\/p>\n","protected":false},"excerpt":{"rendered":"<p>Francouzsk\u00fd prezident Emmanuel Macron se nechal sly\u0161et, \u017ee je nutn\u00e9 vyvinout mezin\u00e1rodn\u00ed koncepci kontroly zbran\u00ed&#8230;<\/p>\n","protected":false},"author":2,"featured_media":1158,"comment_status":"closed","ping_status":"closed","sticky":false,"template":"","format":"standard","meta":[],"categories":[7],"tags":[323,307,623],"_links":{"self":[{"href":"https:\/\/www.infokuryr.cz\/n\/wp-json\/wp\/v2\/posts\/2493"}],"collection":[{"href":"https:\/\/www.infokuryr.cz\/n\/wp-json\/wp\/v2\/posts"}],"about":[{"href":"https:\/\/www.infokuryr.cz\/n\/wp-json\/wp\/v2\/types\/post"}],"author":[{"embeddable":true,"href":"https:\/\/www.infokuryr.cz\/n\/wp-json\/wp\/v2\/users\/2"}],"replies":[{"embeddable":true,"href":"https:\/\/www.infokuryr.cz\/n\/wp-json\/wp\/v2\/comments?post=2493"}],"version-history":[{"count":0,"href":"https:\/\/www.infokuryr.cz\/n\/wp-json\/wp\/v2\/posts\/2493\/revisions"}],"wp:featuredmedia":[{"embeddable":true,"href":"https:\/\/www.infokuryr.cz\/n\/wp-json\/wp\/v2\/media\/1158"}],"wp:attachment":[{"href":"https:\/\/www.infokuryr.cz\/n\/wp-json\/wp\/v2\/media?parent=2493"}],"wp:term":[{"taxonomy":"category","embeddable":true,"href":"https:\/\/www.infokuryr.cz\/n\/wp-json\/wp\/v2\/categories?post=2493"},{"taxonomy":"post_tag","embeddable":true,"href":"https:\/\/www.infokuryr.cz\/n\/wp-json\/wp\/v2\/tags?post=2493"}],"curies":[{"name":"wp","href":"https:\/\/api.w.org\/{rel}","templated":true}]}}