{"id":24884,"date":"2023-03-22T01:02:28","date_gmt":"2023-03-22T00:02:28","guid":{"rendered":"http:\/\/www.infokuryr.cz\/n\/?p=24884"},"modified":"2023-03-21T14:33:20","modified_gmt":"2023-03-21T13:33:20","slug":"evropska-komise-je-zadana-aby-okamzite-zastavila-tento-utok-na-demokracii-v-jinych-zemich","status":"publish","type":"post","link":"https:\/\/www.infokuryr.cz\/n\/2023\/03\/22\/evropska-komise-je-zadana-aby-okamzite-zastavila-tento-utok-na-demokracii-v-jinych-zemich\/","title":{"rendered":"Evropsk\u00e1 komise je \u017e\u00e1d\u00e1na, aby okam\u017eit\u011b zastavila tento \u00fatok na demokracii v jin\u00fdch zem\u00edch"},"content":{"rendered":"<div id=\"fb-root\"><\/div>\n<p>V Izraeli se Benjamin Netanjahu stal znovu premi\u00e9rem a okam\u017eit\u011b za\u010daly protesty, stejn\u011b jako se Donald Trump stal prezidentem, stejn\u011b jako v Gruzii, kdy\u017e se parlament obr\u00e1til proti zahrani\u010dn\u00edmu vm\u011b\u0161ov\u00e1n\u00ed, stejn\u011b jako kdy\u017e byl \u00fadajn\u011b napaden Kapitol.\u00a0To \u0159ekl poslanec FVD Marcel de Graaff minul\u00e9 \u00fater\u00fd v Evropsk\u00e9m parlamentu.<\/p>\n<p>Organizov\u00e1n\u00ed nebo \u00fanos protest\u016f za poplatek za \u00fa\u010delem z\u00edsk\u00e1n\u00ed hlas\u016f, pod\u00e1n\u00ed \u017ealob a svr\u017een\u00ed vl\u00e1d je vyzkou\u0161en\u00e1 a testovan\u00e1 levicov\u00e1 technika, \u0159ekl de Graaff.<\/p>\n<p>&nbsp;<\/p>\n<figure class=\"wp-block-embed is-type-video is-provider-youtube wp-block-embed-youtube wp-embed-aspect-16-9 wp-has-aspect-ratio\">\n<div class=\"wp-block-embed__wrapper\"><iframe loading=\"lazy\" title=\"Protesty v Izraeli p\u0159ich\u00e1zej\u00ed zleva\" src=\"https:\/\/www.youtube.com\/embed\/NZnurZqHaxc?feature=oembed\" width=\"800\" height=\"450\" frameborder=\"0\" allowfullscreen=\"allowfullscreen\" data-mce-fragment=\"1\"><\/iframe><\/div>\n<\/figure>\n<p>&nbsp;<\/p>\n<p>Poslanec vysv\u011btlil: \u201eTyto protesty v Izraeli tak\u00e9 organizovala levicov\u00e1 elita prost\u0159ednictv\u00edm prost\u0159edk\u016f, jako je Hnut\u00ed za kvalitn\u00ed vl\u00e1du, aby prosadila svou odpornou ideologickou agendu.<\/p>\n<p>&#8222;EU sama vy\u010dlenila miliony prost\u0159ednictv\u00edm sv\u00e9ho tematick\u00e9ho programu pro ob\u010danskou spole\u010dnost, aby vyvinula tlak na izraelskou vl\u00e1du prost\u0159ednictv\u00edm t\u011bchto soci\u00e1ln\u00edch prost\u0159edn\u00edk\u016f,&#8220; \u0159ekl De Graaff.<\/p>\n<p>Vyzval Evropskou komisi, aby \u201eokam\u017eit\u011b zastavila tento \u00fatok na demokracii v jin\u00fdch zem\u00edch\u201c.<\/p>\n<p>Nap\u011bt\u00ed mezi Evropskou uni\u00ed a Izraelem nad\u00e1le roste.\u00a0\u0160\u00e9f zahrani\u010dn\u00ed politiky EU Josep Borrell u\u017e v Izraeli nen\u00ed v\u00edt\u00e1n.<\/p>\n<p>V gruz\u00ednsk\u00e9m hlavn\u00edm m\u011bst\u011b Tbilisi vy\u0161li lid\u00e9 do ulic, aby protestovali proti vl\u00e1d\u011b.\u00a0M\u00e1vali evropsk\u00fdmi vlajkami a sna\u017eili se prorazit z\u00e1tarasy p\u0159ed budovou parlamentu.\u00a0Gruzie douf\u00e1, \u017ee vstoup\u00ed do EU jako Ukrajina.<\/p>\n<p><img decoding=\"async\" loading=\"lazy\" class=\"alignnone size-full wp-image-1185\" src=\"http:\/\/www.infokuryr.cz\/n\/wp-content\/uploads\/2021\/04\/kuryr-podpis.png\" alt=\"\" width=\"84\" height=\"24\" \/><\/p>\n<p>&nbsp;<\/p>\n<p><img decoding=\"async\" loading=\"lazy\" class=\"wp-image-19187 aligncenter\" src=\"http:\/\/www.infokuryr.cz\/n\/wp-content\/uploads\/2022\/12\/1-PRO-300x36.jpg\" alt=\"\" width=\"1092\" height=\"131\" srcset=\"https:\/\/www.infokuryr.cz\/n\/wp-content\/uploads\/2022\/12\/1-PRO-300x36.jpg 300w, https:\/\/www.infokuryr.cz\/n\/wp-content\/uploads\/2022\/12\/1-PRO.jpg 699w\" sizes=\"(max-width: 1092px) 100vw, 1092px\" \/><\/p>\n<p>&nbsp;<\/p>\n<p>&nbsp;<\/p>\n<p><img decoding=\"async\" loading=\"lazy\" class=\"wp-image-24737 aligncenter\" src=\"http:\/\/www.infokuryr.cz\/n\/wp-content\/uploads\/2023\/03\/cesko_proti_bide2-239x300.png\" alt=\"\" width=\"714\" height=\"896\" srcset=\"https:\/\/www.infokuryr.cz\/n\/wp-content\/uploads\/2023\/03\/cesko_proti_bide2-239x300.png 239w, https:\/\/www.infokuryr.cz\/n\/wp-content\/uploads\/2023\/03\/cesko_proti_bide2-816x1024.png 816w, https:\/\/www.infokuryr.cz\/n\/wp-content\/uploads\/2023\/03\/cesko_proti_bide2-768x964.png 768w, https:\/\/www.infokuryr.cz\/n\/wp-content\/uploads\/2023\/03\/cesko_proti_bide2.png 846w\" sizes=\"(max-width: 714px) 100vw, 714px\" \/><\/p>\n<p>&nbsp;<\/p>\n<p>&nbsp;<\/p>\n","protected":false},"excerpt":{"rendered":"<p>V Izraeli se Benjamin Netanjahu stal znovu premi\u00e9rem a okam\u017eit\u011b za\u010daly protesty, stejn\u011b jako se&#8230;<\/p>\n","protected":false},"author":2,"featured_media":870,"comment_status":"closed","ping_status":"closed","sticky":false,"template":"","format":"standard","meta":[],"categories":[7],"tags":[41,223,45,95],"_links":{"self":[{"href":"https:\/\/www.infokuryr.cz\/n\/wp-json\/wp\/v2\/posts\/24884"}],"collection":[{"href":"https:\/\/www.infokuryr.cz\/n\/wp-json\/wp\/v2\/posts"}],"about":[{"href":"https:\/\/www.infokuryr.cz\/n\/wp-json\/wp\/v2\/types\/post"}],"author":[{"embeddable":true,"href":"https:\/\/www.infokuryr.cz\/n\/wp-json\/wp\/v2\/users\/2"}],"replies":[{"embeddable":true,"href":"https:\/\/www.infokuryr.cz\/n\/wp-json\/wp\/v2\/comments?post=24884"}],"version-history":[{"count":1,"href":"https:\/\/www.infokuryr.cz\/n\/wp-json\/wp\/v2\/posts\/24884\/revisions"}],"predecessor-version":[{"id":24885,"href":"https:\/\/www.infokuryr.cz\/n\/wp-json\/wp\/v2\/posts\/24884\/revisions\/24885"}],"wp:featuredmedia":[{"embeddable":true,"href":"https:\/\/www.infokuryr.cz\/n\/wp-json\/wp\/v2\/media\/870"}],"wp:attachment":[{"href":"https:\/\/www.infokuryr.cz\/n\/wp-json\/wp\/v2\/media?parent=24884"}],"wp:term":[{"taxonomy":"category","embeddable":true,"href":"https:\/\/www.infokuryr.cz\/n\/wp-json\/wp\/v2\/categories?post=24884"},{"taxonomy":"post_tag","embeddable":true,"href":"https:\/\/www.infokuryr.cz\/n\/wp-json\/wp\/v2\/tags?post=24884"}],"curies":[{"name":"wp","href":"https:\/\/api.w.org\/{rel}","templated":true}]}}