{"id":24882,"date":"2023-03-22T01:01:51","date_gmt":"2023-03-22T00:01:51","guid":{"rendered":"http:\/\/www.infokuryr.cz\/n\/?p=24882"},"modified":"2023-03-21T14:28:15","modified_gmt":"2023-03-21T13:28:15","slug":"je-treba-mluvit-o-vazbach-mezi-silicon-valley-bank-a-svetovym-ekonomickym-forem","status":"publish","type":"post","link":"https:\/\/www.infokuryr.cz\/n\/2023\/03\/22\/je-treba-mluvit-o-vazbach-mezi-silicon-valley-bank-a-svetovym-ekonomickym-forem\/","title":{"rendered":"Je t\u0159eba mluvit o vazb\u00e1ch mezi Silicon Valley Bank a Sv\u011btov\u00fdm ekonomick\u00fdm f\u00f3rem"},"content":{"rendered":"<div id=\"fb-root\"><\/div>\n<p><span>Banka Silicon Valley (SVB) se minul\u00fd t\u00fdden zhroutila pot\u00e9, co si v n\u00e1jezdu na banku mnoho z\u00e1kazn\u00edk\u016f vyb\u00edralo pen\u00edze ze sv\u00fdch \u00fa\u010dt\u016f ve stejnou dobu.\u00a0Nepokoje n\u00e1sledovaly po zpr\u00e1v\u011b, \u017ee banku tvrd\u011b zas\u00e1hly prudce rostouc\u00ed \u00farokov\u00e9 sazby.<\/span><\/p>\n<p><span>V d\u016fsledku toho prudce klesly ceny akci\u00ed bankovn\u00edch skupin.\u00a0Americk\u00e9 \u00fa\u0159ady p\u0159evzaly banku a zaru\u010dily, \u017ee z\u00e1kazn\u00edci dostanou v\u0161echny sv\u00e9 vklady zp\u011bt.<\/span><\/p>\n<p><span>Veden\u00ed banky SVB bylo \u00fazce napojeno na Sv\u011btov\u00e9 ekonomick\u00e9 f\u00f3rum a jeho tzv.\u00a0<\/span><a href=\"https:\/\/www.svb.com\/globalassets\/library\/uploadedfiles\/wef-index.pdf\" target=\"_blank\" rel=\"noreferrer noopener\" data-type=\"URL\" data-id=\"https:\/\/www.svb.com\/globalassets\/library\/uploadedfiles\/wef-index.pdf\"><span>Stakeholder Capitalism Metrics (SCM)<\/span><\/a><span>\u00a0.\u00a0SVB nejen realizovalo v\u0161echna opat\u0159en\u00ed, kter\u00e1 byla na programu WEF, ale tak\u00e9 organizaci o pr\u016fb\u011bhu informovalo.<\/span><\/p>\n<p><span>SVB hodn\u011b investovala do hnut\u00ed Woke, projekt\u016f v oblasti zm\u011bny klimatu a klub\u016f levicov\u00fdch aktivist\u016f, od BLM po BuzzFeed.\u00a0Byly to bezedn\u00e9 sudy, kter\u00e9 spolykaly spoustu pen\u011bz a za kter\u00e9 banka nic nedostala.<\/span><\/p>\n<p><span>Ot\u00e1zkou nyn\u00ed je, kolik americk\u00fdch bank je zapojeno do WEF ve stejn\u00e9m rozsahu jako SVB.\u00a0des\u00edtky?\u00a0stovky?<\/span><\/p>\n<p><span>K Velk\u00e9mu resetu WEF bude zapot\u0159eb\u00ed velk\u00e9 hospod\u00e1\u0159sk\u00e9 krize.\u00a0Za norm\u00e1ln\u00edch okolnost\u00ed Ameri\u010dan\u00e9 nikdy nep\u0159ijmou kapitalismus stakeholder\u016f nebo nebudete nic vlastnit a budete \u0161\u0165astn\u00ed sd\u00edlenou ekonomikou.\u00a0Tak\u017ee je pot\u0159eba krize, aby lidi dohnala k zoufalstv\u00ed.<\/span><\/p>\n<p><span>Globalist\u00e9 by mohli vyu\u017e\u00edt hnut\u00ed probuzen\u00ed ke zni\u010den\u00ed st\u00e1vaj\u00edc\u00edho syst\u00e9mu, aby ho mohli nahradit strukturou probuzen\u00ed, kter\u00e1 je je\u0161t\u011b v\u0161udyp\u0159\u00edtomn\u011bj\u0161\u00ed.\u00a0Mezit\u00edm nese vinu kapitalismus.<\/span><\/p>\n<p><span>Podobn\u011b globalist\u00e9 tvrd\u00ed, \u017ee geopolitick\u00e9 krize vyvolan\u00e9 globalismem jsou zp\u016fsobeny \u201enacionalismem\u201c.<\/span><\/p>\n<p><a href=\"https:\/\/alt-market.us\/get-woke-go-broke-its-time-to-talk-about-svbs-ties-to-the-world-economic-forum\/\" target=\"_blank\" rel=\"noreferrer noopener\" data-type=\"URL\" data-id=\"https:\/\/alt-market.us\/get-woke-go-broke-its-time-to-talk-about-svbs-ties-to-the-world-economic-forum\/\"><span>Ekonom z Alt-Market.us<\/span><\/a><span>\u00a0Brandon Smith\u00a0si klade ot\u00e1zku, zda cel\u00e1 ekonomika ji\u017e zevnit\u0159 kv\u016fli finan\u010dn\u00ed rakovin\u011b souvisej\u00edc\u00ed s WEF neshnila a nezb\u00fdv\u00e1 ne\u017e zkolabovat jako SVB.<\/span><\/p>\n<p><img decoding=\"async\" loading=\"lazy\" class=\"alignnone size-full wp-image-1185\" src=\"http:\/\/www.infokuryr.cz\/n\/wp-content\/uploads\/2021\/04\/kuryr-podpis.png\" alt=\"\" width=\"84\" height=\"24\" \/><\/p>\n<p>&nbsp;<\/p>\n<p>&nbsp;<\/p>\n<p><img decoding=\"async\" loading=\"lazy\" class=\"wp-image-19187 aligncenter\" src=\"http:\/\/www.infokuryr.cz\/n\/wp-content\/uploads\/2022\/12\/1-PRO-300x36.jpg\" alt=\"\" width=\"1125\" height=\"135\" srcset=\"https:\/\/www.infokuryr.cz\/n\/wp-content\/uploads\/2022\/12\/1-PRO-300x36.jpg 300w, https:\/\/www.infokuryr.cz\/n\/wp-content\/uploads\/2022\/12\/1-PRO.jpg 699w\" sizes=\"(max-width: 1125px) 100vw, 1125px\" \/><\/p>\n<p>&nbsp;<\/p>\n<p>&nbsp;<\/p>\n<p><img decoding=\"async\" loading=\"lazy\" class=\"wp-image-24737 aligncenter\" src=\"http:\/\/www.infokuryr.cz\/n\/wp-content\/uploads\/2023\/03\/cesko_proti_bide2-239x300.png\" alt=\"\" width=\"701\" height=\"880\" srcset=\"https:\/\/www.infokuryr.cz\/n\/wp-content\/uploads\/2023\/03\/cesko_proti_bide2-239x300.png 239w, https:\/\/www.infokuryr.cz\/n\/wp-content\/uploads\/2023\/03\/cesko_proti_bide2-816x1024.png 816w, https:\/\/www.infokuryr.cz\/n\/wp-content\/uploads\/2023\/03\/cesko_proti_bide2-768x964.png 768w, https:\/\/www.infokuryr.cz\/n\/wp-content\/uploads\/2023\/03\/cesko_proti_bide2.png 846w\" sizes=\"(max-width: 701px) 100vw, 701px\" \/><\/p>\n<p>&nbsp;<\/p>\n<p>&nbsp;<\/p>\n","protected":false},"excerpt":{"rendered":"<p>Banka Silicon Valley (SVB) se minul\u00fd t\u00fdden zhroutila pot\u00e9, co si v n\u00e1jezdu na banku&#8230;<\/p>\n","protected":false},"author":2,"featured_media":2606,"comment_status":"closed","ping_status":"closed","sticky":false,"template":"","format":"standard","meta":[],"categories":[7],"tags":[528,279,291,2888,276,37,613],"_links":{"self":[{"href":"https:\/\/www.infokuryr.cz\/n\/wp-json\/wp\/v2\/posts\/24882"}],"collection":[{"href":"https:\/\/www.infokuryr.cz\/n\/wp-json\/wp\/v2\/posts"}],"about":[{"href":"https:\/\/www.infokuryr.cz\/n\/wp-json\/wp\/v2\/types\/post"}],"author":[{"embeddable":true,"href":"https:\/\/www.infokuryr.cz\/n\/wp-json\/wp\/v2\/users\/2"}],"replies":[{"embeddable":true,"href":"https:\/\/www.infokuryr.cz\/n\/wp-json\/wp\/v2\/comments?post=24882"}],"version-history":[{"count":1,"href":"https:\/\/www.infokuryr.cz\/n\/wp-json\/wp\/v2\/posts\/24882\/revisions"}],"predecessor-version":[{"id":24883,"href":"https:\/\/www.infokuryr.cz\/n\/wp-json\/wp\/v2\/posts\/24882\/revisions\/24883"}],"wp:featuredmedia":[{"embeddable":true,"href":"https:\/\/www.infokuryr.cz\/n\/wp-json\/wp\/v2\/media\/2606"}],"wp:attachment":[{"href":"https:\/\/www.infokuryr.cz\/n\/wp-json\/wp\/v2\/media?parent=24882"}],"wp:term":[{"taxonomy":"category","embeddable":true,"href":"https:\/\/www.infokuryr.cz\/n\/wp-json\/wp\/v2\/categories?post=24882"},{"taxonomy":"post_tag","embeddable":true,"href":"https:\/\/www.infokuryr.cz\/n\/wp-json\/wp\/v2\/tags?post=24882"}],"curies":[{"name":"wp","href":"https:\/\/api.w.org\/{rel}","templated":true}]}}