{"id":24868,"date":"2023-03-21T04:50:38","date_gmt":"2023-03-21T03:50:38","guid":{"rendered":"http:\/\/www.infokuryr.cz\/n\/?p=24868"},"modified":"2023-03-21T04:50:38","modified_gmt":"2023-03-21T03:50:38","slug":"otazka-vstupu-ukrajiny-do-eu-neni-ted-na-poradu-dne-prohlasila-baerbockova","status":"publish","type":"post","link":"https:\/\/www.infokuryr.cz\/n\/2023\/03\/21\/otazka-vstupu-ukrajiny-do-eu-neni-ted-na-poradu-dne-prohlasila-baerbockova\/","title":{"rendered":"Ot\u00e1zka vstupu Ukrajiny do EU nen\u00ed te\u010f na po\u0159adu dne, prohl\u00e1sila Baerbockov\u00e1"},"content":{"rendered":"<div id=\"fb-root\"><\/div>\n<p><strong>Ot\u00e1zka vstupu Ukrajiny do EU nebo z\u00edsk\u00e1n\u00ed Kyjevem bezpe\u010dnostn\u00edch z\u00e1ruk od NATO nen\u00ed v dan\u00e9 etap\u011b na po\u0159adu dne, prohl\u00e1sila n\u011bmeck\u00e1 ministryn\u011b zahrani\u010d\u00ed Annalena Baerbockov\u00e1 v rozhovoru pro \u0161pan\u011blsk\u00fd list El Pais.<\/strong><\/p>\n<p>Volodymyr Zelenskyj vyzval v \u00fanoru k tomu, aby v roce 2023 bylo zah\u00e1jeno jedn\u00e1n\u00ed o vstupu Ukrajiny do Evropsk\u00e9 unie.<\/p>\n<p>\u201eNen\u00ed mo\u017en\u00e9 d\u011blat \u00fastupky, kdy\u017e jde o prioritu z\u00e1kona, svobodu projevu a celoevropsk\u00e9 hodnoty. \u010clenstv\u00ed (pozn. red.: v EU) z\u00e1vis\u00ed na procesu uskute\u010dn\u011bn\u00ed reforem. NATO prov\u00e1d\u00ed politiku otev\u0159en\u00fdch dve\u0159\u00ed, suver\u00e9nn\u00ed st\u00e1ty samostatn\u011b rozhoduj\u00ed, ke kter\u00e9 alianci se cht\u011bj\u00ed p\u0159ipojit. V p\u0159\u00edpad\u011b Ukrajiny tato ot\u00e1zka dnes na po\u0159adu jedn\u00e1n\u00ed nestoj\u00ed, p\u0159edev\u0161\u00edm je t\u0159eba skoncovat s touto hroznou v\u00e1lkou,\u201d prohl\u00e1sila ministryn\u011b v odpov\u011bdi na ot\u00e1zku novin\u00e1\u0159\u016f o mo\u017enosti zah\u00e1jen\u00ed jedn\u00e1n\u00ed o vstupu Ukrajiny do EU v roce 2023 a tak\u00e9 o z\u00edsk\u00e1n\u00ed Kyjevem z\u00e1ruk bezpe\u010dnosti od NATO.<\/p>\n<p>Zelenskyj podepsal 28. \u00fanora lo\u0148sk\u00e9ho roku \u017e\u00e1dost o vstup Ukrajiny do EU. Hlavy st\u00e1t\u016f a vl\u00e1d Evropsk\u00e9 unie schv\u00e1lily na bruselsk\u00e9m summitu 23. \u010dervna poskytnut\u00ed Ukrajin\u011b a Moldavsku statutu kandid\u00e1t\u016f na vstup do unie. Aby jedn\u00e1n\u00ed byla zah\u00e1jena, je t\u0159eba splnit \u0159adu podm\u00ednek v\u010detn\u011b proveden\u00ed reforem a pos\u00edlen\u00ed boje s korupc\u00ed.<\/p>\n<p>Proces vstupu do unie se skl\u00e1d\u00e1 ze t\u0159\u00ed etap, uv\u00e1d\u00ed Eurokomise ve sv\u00fdch dokumentech. Prvn\u00ed etapa je ofici\u00e1ln\u00ed z\u00edsk\u00e1n\u00ed kandid\u00e1tsk\u00e9ho statutu, ale to neznamen\u00e1 zah\u00e1jen\u00ed jedn\u00e1n\u00ed o \u010dlenstv\u00ed. Druhou etapou jsou jedn\u00e1n\u00ed, ale ta mohou b\u00fdt zah\u00e1jena a\u017e po jednohlasn\u00e9m schv\u00e1len\u00ed jednac\u00edho mand\u00e1tu v\u0161emi \u010dlensk\u00fdmi st\u00e1ty. Tato f\u00e1ze zahrnuje akceptaci kandid\u00e1tskou zem\u00ed platn\u00e9 legislativy EU a uskute\u010dn\u011bn\u00ed povinn\u00fdch reforem. Tempo jedn\u00e1n\u00ed z\u00e1vis\u00ed na rychlosti reforem a procesu dosa\u017een\u00ed souladu se z\u00e1kony EU. Po pat\u0159i\u010dn\u00e9m ukon\u010den\u00ed jedn\u00e1n\u00ed a stanoven\u00fdch reforem bude zem\u011b moci vstoupit do EU.<\/p>\n<p>Z\u00edsk\u00e1n\u00ed kandid\u00e1tsk\u00e9ho statutu je pouh\u00fdm za\u010d\u00e1tkem dost dlouh\u00e9 cesty k vstupu do EU. Turecko m\u00e1 tento status od roku 1999, Severn\u00ed Makedonie od roku 2005, \u010cern\u00e1 Hora od roku 2010, Srbsko od roku 2012. Naposledy vstoupilo do EU Chorvatsko v roce 2013, p\u0159i\u010dem\u017e tento proces trval deset let.<\/p>\n<p><img decoding=\"async\" loading=\"lazy\" class=\"alignnone size-full wp-image-1185\" src=\"http:\/\/www.infokuryr.cz\/n\/wp-content\/uploads\/2021\/04\/kuryr-podpis.png\" alt=\"\" width=\"84\" height=\"24\" \/><\/p>\n<p>&nbsp;<\/p>\n<p>&nbsp;<\/p>\n<p><img decoding=\"async\" loading=\"lazy\" class=\"wp-image-19187 aligncenter\" src=\"http:\/\/www.infokuryr.cz\/n\/wp-content\/uploads\/2022\/12\/1-PRO-300x36.jpg\" alt=\"\" width=\"1125\" height=\"135\" srcset=\"https:\/\/www.infokuryr.cz\/n\/wp-content\/uploads\/2022\/12\/1-PRO-300x36.jpg 300w, https:\/\/www.infokuryr.cz\/n\/wp-content\/uploads\/2022\/12\/1-PRO.jpg 699w\" sizes=\"(max-width: 1125px) 100vw, 1125px\" \/><\/p>\n<p>&nbsp;<\/p>\n<p>&nbsp;<\/p>\n<p><img decoding=\"async\" loading=\"lazy\" class=\"wp-image-24432 aligncenter\" src=\"http:\/\/www.infokuryr.cz\/n\/wp-content\/uploads\/2023\/03\/pozvanka-teplice-pro-1-300x156.jpg\" alt=\"\" width=\"967\" height=\"503\" srcset=\"https:\/\/www.infokuryr.cz\/n\/wp-content\/uploads\/2023\/03\/pozvanka-teplice-pro-1-300x156.jpg 300w, https:\/\/www.infokuryr.cz\/n\/wp-content\/uploads\/2023\/03\/pozvanka-teplice-pro-1-768x398.jpg 768w, https:\/\/www.infokuryr.cz\/n\/wp-content\/uploads\/2023\/03\/pozvanka-teplice-pro-1.jpg 1272w\" sizes=\"(max-width: 967px) 100vw, 967px\" \/><\/p>\n<p>&nbsp;<\/p>\n<p>&nbsp;<\/p>\n","protected":false},"excerpt":{"rendered":"<p>Ot\u00e1zka vstupu Ukrajiny do EU nebo z\u00edsk\u00e1n\u00ed Kyjevem bezpe\u010dnostn\u00edch z\u00e1ruk od NATO nen\u00ed v dan\u00e9&#8230;<\/p>\n","protected":false},"author":2,"featured_media":19688,"comment_status":"closed","ping_status":"closed","sticky":false,"template":"","format":"standard","meta":[],"categories":[7],"tags":[41,26,4629],"_links":{"self":[{"href":"https:\/\/www.infokuryr.cz\/n\/wp-json\/wp\/v2\/posts\/24868"}],"collection":[{"href":"https:\/\/www.infokuryr.cz\/n\/wp-json\/wp\/v2\/posts"}],"about":[{"href":"https:\/\/www.infokuryr.cz\/n\/wp-json\/wp\/v2\/types\/post"}],"author":[{"embeddable":true,"href":"https:\/\/www.infokuryr.cz\/n\/wp-json\/wp\/v2\/users\/2"}],"replies":[{"embeddable":true,"href":"https:\/\/www.infokuryr.cz\/n\/wp-json\/wp\/v2\/comments?post=24868"}],"version-history":[{"count":0,"href":"https:\/\/www.infokuryr.cz\/n\/wp-json\/wp\/v2\/posts\/24868\/revisions"}],"wp:featuredmedia":[{"embeddable":true,"href":"https:\/\/www.infokuryr.cz\/n\/wp-json\/wp\/v2\/media\/19688"}],"wp:attachment":[{"href":"https:\/\/www.infokuryr.cz\/n\/wp-json\/wp\/v2\/media?parent=24868"}],"wp:term":[{"taxonomy":"category","embeddable":true,"href":"https:\/\/www.infokuryr.cz\/n\/wp-json\/wp\/v2\/categories?post=24868"},{"taxonomy":"post_tag","embeddable":true,"href":"https:\/\/www.infokuryr.cz\/n\/wp-json\/wp\/v2\/tags?post=24868"}],"curies":[{"name":"wp","href":"https:\/\/api.w.org\/{rel}","templated":true}]}}