{"id":24866,"date":"2023-03-21T04:48:10","date_gmt":"2023-03-21T03:48:10","guid":{"rendered":"http:\/\/www.infokuryr.cz\/n\/?p=24866"},"modified":"2023-03-21T04:48:10","modified_gmt":"2023-03-21T03:48:10","slug":"pocet-obeti-zemetreseni-v-turecku-presahl-50-000","status":"publish","type":"post","link":"https:\/\/www.infokuryr.cz\/n\/2023\/03\/21\/pocet-obeti-zemetreseni-v-turecku-presahl-50-000\/","title":{"rendered":"Po\u010det ob\u011bt\u00ed zem\u011bt\u0159esen\u00ed v Turecku p\u0159es\u00e1hl 50 000"},"content":{"rendered":"<div id=\"fb-root\"><\/div>\n<p><strong>Po\u010det ob\u011bt\u00ed \u00fanorov\u00fdch zem\u011bt\u0159esen\u00ed v Turecku p\u0159es\u00e1hl 50 000, sd\u011blil v pond\u011bl\u00ed \u0159editel \u00da\u0159adu pro \u0159e\u0161en\u00ed katastrof a mimo\u0159\u00e1dn\u00fdch situac\u00ed (AFAD) Yunus Sezer.<\/strong><\/p>\n<p>\u201e50 096 lid\u00ed se stalo ob\u011bt\u00ed zem\u011bt\u0159esen\u00ed 6. \u00fanora, 107 204 lid\u00ed bylo zran\u011bno,\u201c \u0159ekl Sezer b\u011bhem sv\u00e9ho vystoupen\u00ed v tureck\u00e9m parlamentu.<\/p>\n<p>K zem\u011bt\u0159esen\u00ed o s\u00edle 7,7 a 7,6 do\u0161lo 6. \u00fanora s odstupem dev\u00edti hodin v provincii Kahramanmara\u015f na jihov\u00fdchod\u011b Turecka. Ot\u0159esy byly c\u00edtit v 11 provinci\u00edch zem\u011b a sousedn\u00edch st\u00e1tech v\u010detn\u011b S\u00fdrie. Tureck\u00e1 vl\u00e1da ozna\u010dila toto zem\u011bt\u0159esen\u00ed za \u201ekatastrofu stolet\u00ed\u201c.<\/p>\n<p><img decoding=\"async\" loading=\"lazy\" class=\"alignnone size-full wp-image-1185\" src=\"http:\/\/www.infokuryr.cz\/n\/wp-content\/uploads\/2021\/04\/kuryr-podpis.png\" alt=\"\" width=\"84\" height=\"24\" \/><\/p>\n<p>&nbsp;<\/p>\n<p>&nbsp;<\/p>\n<p><img decoding=\"async\" loading=\"lazy\" class=\"wp-image-19187 aligncenter\" src=\"http:\/\/www.infokuryr.cz\/n\/wp-content\/uploads\/2022\/12\/1-PRO-300x36.jpg\" alt=\"\" width=\"1108\" height=\"133\" srcset=\"https:\/\/www.infokuryr.cz\/n\/wp-content\/uploads\/2022\/12\/1-PRO-300x36.jpg 300w, https:\/\/www.infokuryr.cz\/n\/wp-content\/uploads\/2022\/12\/1-PRO.jpg 699w\" sizes=\"(max-width: 1108px) 100vw, 1108px\" \/><\/p>\n<p>&nbsp;<\/p>\n<p>&nbsp;<\/p>\n<p><img decoding=\"async\" loading=\"lazy\" class=\"wp-image-24432 aligncenter\" src=\"http:\/\/www.infokuryr.cz\/n\/wp-content\/uploads\/2023\/03\/pozvanka-teplice-pro-1-300x156.jpg\" alt=\"\" width=\"952\" height=\"495\" srcset=\"https:\/\/www.infokuryr.cz\/n\/wp-content\/uploads\/2023\/03\/pozvanka-teplice-pro-1-300x156.jpg 300w, https:\/\/www.infokuryr.cz\/n\/wp-content\/uploads\/2023\/03\/pozvanka-teplice-pro-1-1024x531.jpg 1024w, https:\/\/www.infokuryr.cz\/n\/wp-content\/uploads\/2023\/03\/pozvanka-teplice-pro-1-768x398.jpg 768w, https:\/\/www.infokuryr.cz\/n\/wp-content\/uploads\/2023\/03\/pozvanka-teplice-pro-1.jpg 1272w\" sizes=\"(max-width: 952px) 100vw, 952px\" \/><\/p>\n<p>&nbsp;<\/p>\n<p>&nbsp;<\/p>\n","protected":false},"excerpt":{"rendered":"<p>Po\u010det ob\u011bt\u00ed \u00fanorov\u00fdch zem\u011bt\u0159esen\u00ed v Turecku p\u0159es\u00e1hl 50 000, sd\u011blil v pond\u011bl\u00ed \u0159editel \u00da\u0159adu pro&#8230;<\/p>\n","protected":false},"author":2,"featured_media":24867,"comment_status":"closed","ping_status":"closed","sticky":false,"template":"","format":"standard","meta":[],"categories":[7],"tags":[871,55,1038],"_links":{"self":[{"href":"https:\/\/www.infokuryr.cz\/n\/wp-json\/wp\/v2\/posts\/24866"}],"collection":[{"href":"https:\/\/www.infokuryr.cz\/n\/wp-json\/wp\/v2\/posts"}],"about":[{"href":"https:\/\/www.infokuryr.cz\/n\/wp-json\/wp\/v2\/types\/post"}],"author":[{"embeddable":true,"href":"https:\/\/www.infokuryr.cz\/n\/wp-json\/wp\/v2\/users\/2"}],"replies":[{"embeddable":true,"href":"https:\/\/www.infokuryr.cz\/n\/wp-json\/wp\/v2\/comments?post=24866"}],"version-history":[{"count":0,"href":"https:\/\/www.infokuryr.cz\/n\/wp-json\/wp\/v2\/posts\/24866\/revisions"}],"wp:featuredmedia":[{"embeddable":true,"href":"https:\/\/www.infokuryr.cz\/n\/wp-json\/wp\/v2\/media\/24867"}],"wp:attachment":[{"href":"https:\/\/www.infokuryr.cz\/n\/wp-json\/wp\/v2\/media?parent=24866"}],"wp:term":[{"taxonomy":"category","embeddable":true,"href":"https:\/\/www.infokuryr.cz\/n\/wp-json\/wp\/v2\/categories?post=24866"},{"taxonomy":"post_tag","embeddable":true,"href":"https:\/\/www.infokuryr.cz\/n\/wp-json\/wp\/v2\/tags?post=24866"}],"curies":[{"name":"wp","href":"https:\/\/api.w.org\/{rel}","templated":true}]}}