{"id":24850,"date":"2023-03-21T03:54:46","date_gmt":"2023-03-21T02:54:46","guid":{"rendered":"http:\/\/www.infokuryr.cz\/n\/?p=24850"},"modified":"2023-03-21T03:54:46","modified_gmt":"2023-03-21T02:54:46","slug":"polsky-velvyslanec-ve-francii-zpusobil-poprask","status":"publish","type":"post","link":"https:\/\/www.infokuryr.cz\/n\/2023\/03\/21\/polsky-velvyslanec-ve-francii-zpusobil-poprask\/","title":{"rendered":"Polsk\u00fd velvyslanec ve Francii zp\u016fsobil poprask"},"content":{"rendered":"<div id=\"fb-root\"><\/div>\n<h4>Polsk\u00fd velvyslanec ve Francii zp\u016fsobil poprask sv\u00fdm v\u00fdrokem pro francouzskou televizi, \u017ee kdy\u017e se Ukrajin\u011b nepoda\u0159\u00ed ubr\u00e1nit svoji nez\u00e1vislost, bude muset NATO vstoupit do konfliktu na Ukrajin\u011b! Var\u0161ava se te\u010f sna\u017e\u00ed v\u00fdrok obrousit s tvrzen\u00edm, \u017ee velvyslanec nemyslel p\u0159\u00edmo v\u00e1lku s Ruskem, ale pouze vstup do konfliktu v obecn\u00e9 rovin\u011b! Jen\u017ee to vyjde nastejno! Velvyslanec vysv\u011btloval, pro\u010d Polsko a Slovensko po\u0161lou na Ukrajinu 33 st\u00edha\u010dek MiG-29, je to pr\u00fd pokus o zastaven\u00ed Rusk\u00e9 arm\u00e1dy v cest\u011b do Evropy! Opravdu to mysl\u00ed v\u00e1\u017en\u011b?<\/h4>\n<p>Polsk\u00e1 alternativa v t\u011bchto hodin\u00e1ch ne\u017eije ni\u010d\u00edm jin\u00fdm ne\u017e \u0159e\u0161en\u00edm skand\u00e1lu polsk\u00e9ho velvyslance ve Francii, kter\u00fd si v rozhovoru pro televizi LCI pustil \u00fasta na \u0161pac\u00edr a bez okolk\u016f do \u00e9teru vypustil neuv\u011b\u0159iteln\u00fd v\u00fdrok.\u00a0<strong>Velvyslanec\u00a0Jan Emeryk Ro\u015bciszewski toti\u017e prohl\u00e1sil, \u017ee pokud Ukrajina neubr\u00e1n\u00ed svoji nez\u00e1vislost, budeme muset (<em>my, jako NATO<\/em>) vstoupit do tohoto konfliktu!<\/strong>\u00a0Skand\u00e1ln\u00ed v\u00fdrok ji\u017e za\u010dal \u0159e\u0161it polsk\u00fd sejm a ministerstvo zahrani\u010d\u00ed se sna\u017e\u00ed v\u00fdrok zjemnit a obrousit\u00a0<strong>[<a href=\"https:\/\/href.li\/?https:\/\/notesfrompoland.com\/2023\/03\/20\/paris-embassy-clarifies-ambassadors-claim-poland-could-enter-conflict-in-ukraine\/\" target=\"_blank\" rel=\"nofollow noopener\">1<\/a>]<\/strong>, \u017ee nebyl my\u0161len jako vstup do v\u00e1lky s Ruskem, ale \u017ee se jednalo pouze o varov\u00e1n\u00ed, co by se mohlo p\u0159ihodit, kdyby Ukrajina v\u00e1lku prohr\u00e1la a Rusk\u00e1 arm\u00e1da by se za\u010dala bl\u00ed\u017eit k hranic\u00edm NATO.<\/p>\n<p>&nbsp;<\/p>\n<div id=\"rumble_v2bfokc\">\n<div id=\"vid_v2bfokc\" class=\"rumble_v2bfokc-Rumble-cls\" tabindex=\"-1\">\n<div class=\"bigPlayUI ctp\">\n<div class=\"bigPlayUIInner ctp\"><div class='videoWrapper'>\r\n\t            <iframe src='https:\/\/rumble.com\/embed\/pj.v2bfokc\/' frameborder='0' allowfullscreen><\/iframe>\r\n\t        <\/div><\/div>\n<\/div>\n<\/div>\n<\/div>\n<p>&nbsp;<\/p>\n<p>Jen\u017ee, takov\u00e9 vysv\u011btlen\u00ed nikoho v Polsku nejen neuklidnilo, ale naopak to potvrdilo faktick\u00e9 z\u00e1m\u011bry sou\u010dasn\u00e9 polsk\u00e9 vl\u00e1dy, k \u010demu dojde, pokud Ukrajina nezvl\u00e1dne vytla\u010dit Ruskou arm\u00e1du z Ukrajiny a dojde i k selh\u00e1n\u00ed chystan\u00e9 jarn\u00ed ofenz\u00edvy, o kter\u00e9 se po\u0159\u00e1d mluv\u00ed, ale Ameri\u010dan\u00e9 jsou znepokojeni, \u017ee Kyjev m\u00edsto \u0161et\u0159en\u00ed sil na ofenz\u00edvu pos\u00edl\u00e1 dal\u0161\u00ed a dal\u0161\u00ed brig\u00e1dy do Bachmutu, do m\u011bsta, kter\u00e9 podle Pentagonu nem\u00e1 \u017e\u00e1dn\u00fd strategick\u00fd v\u00fdznam. Por\u00e1\u017eka ukrajinsk\u00e9 arm\u00e1dy je nejen na dohled, ale NATO u\u017e mus\u00ed dop\u0159edu po\u010d\u00edtat s t\u00edm, k \u010demu dojde hned pot\u00e9. A pr\u00e1v\u011b polsk\u00fd velvyslanec ve Francii to prost\u011b na hulv\u00e1ta pr\u00e1skl a te\u010f je z toho ohe\u0148 na st\u0159e\u0161e v Polsku.<\/p>\n<h6><span style=\"font-size: 18pt;\">Koalice ochotn\u00fdch pro vojensk\u00fd vstup na Ukrajinu je ji\u017e nachyst\u00e1na, tvrd\u00ed rusk\u00e9 zdroje<\/span><\/h6>\n<p>Polsko skute\u010dn\u011b \u010dek\u00e1 na sv\u016fj sen, na sv\u016fj okam\u017eik, na chv\u00edli, kdy ukrajinsk\u00e1 arm\u00e1da utrp\u00ed fin\u00e1ln\u00ed a rozhoduj\u00edc\u00ed por\u00e1\u017eku, aby Var\u0161ava dostala z\u00e1minku pro bratrskou pomoc Ukrajin\u011b a mohla na Ukrajinu a zejm\u00e9na na z\u00e1pad Ukrajiny nasunout polskou arm\u00e1du v po\u010dtech n\u011bkolika stovek tis\u00edc voj\u00e1k\u016f. K tomu pot\u0159ebuje Var\u0161ava kolaps ozbrojen\u00fdch sil Ukrajiny na front\u011b a spolupr\u00e1ci Rusk\u00e9 arm\u00e1dy.<\/p>\n<p>A pr\u00e1v\u011b proto se najednou ukazuje, pro\u010d Kreml nechce nijak rychle ukrajinskou arm\u00e1du porazit, proto\u017ee by to vedlo na z\u00e1pad\u011b zem\u011b k invazi polsk\u00e9 arm\u00e1dy a k obsazen\u00ed Hali\u010de.\u00a0<strong>Dokud je ukrajinsk\u00e1 arm\u00e1da p\u0159i jak\u00e9 tak\u00e9 s\u00edle, tak Var\u0161ava tuto z\u00e1minku pro bratrskou pomoc nedostane, Kyjev nebude v nouzi a nepo\u017e\u00e1d\u00e1 do Var\u0161avy o pomoc.<\/strong>\u00a0Jakmile by do\u0161lo ke kolapsu ukrajinsk\u00e9 arm\u00e1dy, Zelensk\u00fd by okam\u017eit\u011b zvedl telefon a za\u010dal by sestavovat tzv.\u00a0<em>Koalici ochotn\u00fdch<\/em>, tedy seznam arm\u00e1d zem\u00ed NATO, kter\u00e9 by bilater\u00e1ln\u011b a bez souhlasu aliance poskytly Ukrajin\u011b vojenskou pomoc a voj\u00e1ky.<\/p>\n<figure id=\"attachment_55091\" class=\"wp-caption aligncenter\" style=\"width: 566px;\"><a href=\"https:\/\/aeronet.news\/wp-content\/uploads\/JanEmerykRosciszewski.jpg\"><img decoding=\"async\" loading=\"lazy\" class=\"wp-image-55091 \" src=\"https:\/\/aeronet.news\/wp-content\/uploads\/JanEmerykRosciszewski.jpg\" sizes=\"(max-width: 1080px) 100vw, 1080px\" srcset=\"https:\/\/aeronet.news\/wp-content\/uploads\/JanEmerykRosciszewski.jpg 1080w, https:\/\/aeronet.news\/wp-content\/uploads\/JanEmerykRosciszewski-300x188.jpg 300w, https:\/\/aeronet.news\/wp-content\/uploads\/JanEmerykRosciszewski-768x480.jpg 768w, https:\/\/aeronet.news\/wp-content\/uploads\/JanEmerykRosciszewski-1024x640.jpg 1024w, https:\/\/aeronet.news\/wp-content\/uploads\/JanEmerykRosciszewski-700x438.jpg 700w, https:\/\/aeronet.news\/wp-content\/uploads\/JanEmerykRosciszewski-571x357.jpg 571w, https:\/\/aeronet.news\/wp-content\/uploads\/JanEmerykRosciszewski-773x483.jpg 773w\" alt=\"\" width=\"566\" height=\"354\" \/><\/a><figcaption class=\"wp-caption-text\">Velvyslanec Jan Emeryk Ro\u015bciszewski<\/figcaption><\/figure>\n<p>V Kremlu se o t\u00e9to\u00a0<em>Koalici ochotn\u00fdch<\/em>\u00a0hovo\u0159\u00ed v jasn\u00fdch obrysech. Podle rusk\u00fdch novin\u00e1\u0159\u016f se jedn\u00e1 o celkem 6 zem\u00ed b\u00fdval\u00e9ho V\u00fdchodn\u00edho bloku. Koalici by tvo\u0159ilo Estonsko, Loty\u0161sko, Litva, Polsko, \u010cesk\u00e1 republika a Slovensko. T\u011bchto 6 zem\u00ed k dne\u0161n\u00edmu dni podle rusk\u00e9 rozv\u011bdky tvo\u0159\u00ed \u0161estici\u00a0<em>Koalice ochotn\u00fdch<\/em>, co\u017e jsou zem\u011b p\u0159ipraven\u00e9 poslat sv\u00e9 ozbrojen\u00e9 voj\u00e1ky do konfliktu (rozum\u011bj do v\u00e1lky) na Ukrajin\u011b.<\/p>\n<p>V prvn\u00ed f\u00e1zi by se jednalo ve v\u0161ech 6 p\u0159\u00edpadech o tzv. asisten\u010dn\u00ed sbory slo\u017een\u00e9 z profesion\u00e1ln\u00edch voj\u00e1k\u016f na b\u00e1zi dobrovolnosti v podob\u011b placen\u00e9 mise na Ukrajin\u011b. P\u0159edpokl\u00e1d\u00e1 se, \u017ee kontingent by mohl m\u00edt a\u017e 100 000 mu\u017e\u016f, p\u0159i\u010dem\u017e drtivou v\u011bt\u0161inu voj\u00e1k\u016f do t\u00e9to mise by dodalo Polsko a ostatn\u00edch 5 zem\u00ed by tvo\u0159ilo v\u00edcem\u00e9n\u011b f\u00edkov\u00e9 list\u00ed v podob\u011b n\u011bkolika stovek nebo \u0159\u00e1dov\u011b ni\u017e\u0161\u00ed jednotky tis\u00edc voj\u00e1k\u016f z ka\u017ed\u00e9 zem\u011b. C\u00edlem mise by bylo pomoci udr\u017eet Ukrajin\u011b z\u00e1padn\u00ed b\u0159eh Dn\u011bpru a nepustit rusk\u00e1 vojska za n\u011bj.<\/p>\n<h6><span style=\"font-size: 18pt;\">Bratrsk\u00e1 pomoc Pol\u00e1k\u016f a koalice ochotn\u00fdch v okam\u017eiku, a\u017e se ukrajinsk\u00e1 fronta zhrout\u00ed<\/span><\/h6>\n<p>Ukrajinsk\u00e1 vl\u00e1da tu\u0161\u00ed, co by to znamenalo. Pol\u00e1ci by vytvo\u0159ili bratrskou pomoc pod hlavi\u010dkou\u00a0<em>Koalice ochotn\u00fdch<\/em>, ale sami by vytvo\u0159ili formu polsk\u00e9ho protektor\u00e1tu na z\u00e1pad\u011b Ukrajiny v oblasti Hali\u010de. Rozbit\u00e1 ukrajinsk\u00e1 arm\u00e1da by nemohla polskou arm\u00e1du z Hali\u010de poslat dom\u016f, proto\u017ee by byla sev\u0159ena v kle\u0161t\u00edch. Na v\u00fdchod\u011b Rus, na z\u00e1pad\u011b Pol\u00e1k.<\/p>\n<p><strong>A proto\u017e Rus je dnes pro Kyjev v\u00edce\u00a0<em>fuj fuj<\/em>\u00a0v dne\u0161n\u00ed dob\u011b ne\u017e Pol\u00e1k, nezbylo by Kyjevu nic jin\u00e9ho, ne\u017e tuto bratrskou pomoc nejen p\u0159ijmout, ale i ji trp\u011bt v \u010dasov\u011b neomezen\u00e9m horizontu.<\/strong>\u00a0Polsko sn\u00ed velmi dlouho o n\u00e1vratu modelu Velkopolska a Ruskem oslaben\u00e1 Ukrajina, kter\u00e1 se Rusk\u00e9 arm\u00e1d\u011b nedok\u00e1\u017ee ubr\u00e1nit, zavol\u00e1 v n\u011bjak\u00e9m okam\u017eiku o pomoc\u00a0<em>Koalici ochotn\u00fdch<\/em>\u00a0vedenou Polskem. A toho se Rusov\u00e9 necht\u011bj\u00ed do\u010dkat.<\/p>\n<figure id=\"attachment_51835\" class=\"wp-caption aligncenter\" style=\"width: 590px;\"><a href=\"https:\/\/aeronet.news\/wp-content\/uploads\/DudaZelenskyHugging.jpg\"><img decoding=\"async\" loading=\"lazy\" class=\"wp-image-51835 \" src=\"https:\/\/aeronet.news\/wp-content\/uploads\/DudaZelenskyHugging-1024x682.jpg\" sizes=\"(max-width: 700px) 100vw, 700px\" srcset=\"https:\/\/aeronet.news\/wp-content\/uploads\/DudaZelenskyHugging-1024x682.jpg 1024w, https:\/\/aeronet.news\/wp-content\/uploads\/DudaZelenskyHugging-300x200.jpg 300w, https:\/\/aeronet.news\/wp-content\/uploads\/DudaZelenskyHugging-768x511.jpg 768w, https:\/\/aeronet.news\/wp-content\/uploads\/DudaZelenskyHugging-700x466.jpg 700w, https:\/\/aeronet.news\/wp-content\/uploads\/DudaZelenskyHugging-536x357.jpg 536w, https:\/\/aeronet.news\/wp-content\/uploads\/DudaZelenskyHugging-725x483.jpg 725w, https:\/\/aeronet.news\/wp-content\/uploads\/DudaZelenskyHugging.jpg 1200w\" alt=\"\" width=\"590\" height=\"393\" \/><\/a><figcaption class=\"wp-caption-text\">Nejprve bratrsk\u00e9 objet\u00ed, potom bratrsk\u00e1 pomoc\u2026 Andrzej Duda a Volodymyr Zelensk\u00fd<\/figcaption><\/figure>\n<p>Moskva nechce doj\u00edt do situace, kdy zmasakruje ukrajinskou arm\u00e1du, kter\u00e1 se zhrout\u00ed a Kyjev v hr\u016fze a hororu za\u010dne volat o pomoc a pozve do zem\u011b bratrskou pomoc z Polska a dal\u0161\u00edch zem\u00ed. P\u0159esn\u011b k tomu by do\u0161lo, pokud by se ukrajinsk\u00e1 fronta nar\u00e1z zhroutila v d\u016fsledku mohutn\u00e9 ofenz\u00edvy Rus\u016f. Jak u\u017e jsem psal d\u0159\u00edve, Rusk\u00e1 arm\u00e1da by ne\u0161la na Ukrajin\u011b do otev\u0159en\u00e9ho st\u0159etu s vojsky NATO, kter\u00e9 by byly pozi\u010dn\u011b rozm\u00edst\u011bny na z\u00e1pad od Dn\u011bpru, jen\u017ee to by z\u00e1rove\u0148 znamenalo rozd\u011blen\u00ed Ukrajiny, o kter\u00e9 usiluje nejen Var\u0161ava, ale podle v\u0161eho u\u017e i USA. Moskva st\u00e1le usiluje o zachov\u00e1n\u00ed jednoty Ukrajiny, ale s jinou vl\u00e1dou a s jinou politikou.<\/p>\n<h6><span style=\"font-size: 18pt;\">Rezident Pavel varoval v polsk\u00e9m den\u00edku Ukrajinu, \u017ee m\u00e1 posledn\u00ed pokus na ofenz\u00edvu<\/span><\/h6>\n<p><strong>Ukrajina m\u00e1 podle \u010desk\u00e9ho rezidenta na Pra\u017esk\u00e9m hrad\u011b, gener\u00e1lprezidenta Petra Pavla, posledn\u00ed pokus uk\u00e1zat Z\u00e1padu, \u017ee nepos\u00edl\u00e1 pen\u00edze Ukrajin\u011b nazmar<\/strong>\u00a0a mus\u00ed v nadch\u00e1zej\u00edc\u00ed jarn\u00ed ofenz\u00edv\u011b uk\u00e1zat, \u017ee si pen\u00edze zaslou\u017e\u00ed. Mus\u00ed dos\u00e1hnout n\u011bjak\u00e9ho velk\u00e9ho a ne jen d\u00edl\u010d\u00edho v\u00edt\u011bzstv\u00ed. Pavel to prohl\u00e1sil v rozhovoru pro polsk\u00fd den\u00edk\u00a0<em>Rzeczpospolita<\/em>\u00a0<strong>[<a href=\"https:\/\/href.li\/?https:\/\/www.rp.pl\/polityka\/art38154681-petr-pavel-prezydent-czech-kontrofensywa-tylko-jedna-proba\" target=\"_blank\" rel=\"nofollow noopener\">2<\/a>]<\/strong>. Pokud to Ukrajina nedok\u00e1\u017ee, USA zastav\u00ed vojenskou pomoc Ukrajin\u011b, proto\u017ee v USA se bl\u00ed\u017e\u00ed prezidentsk\u00e9 volby a zemi zu\u017euj\u00ed vnit\u0159n\u00ed ekonomick\u00e9 probl\u00e9my.<\/p>\n<figure id=\"attachment_55092\" class=\"wp-caption aligncenter\" style=\"width: 623px;\"><a href=\"https:\/\/aeronet.news\/wp-content\/uploads\/PetrPavelRzeczpospolita.jpg\"><img decoding=\"async\" loading=\"lazy\" class=\"wp-image-55092 \" src=\"https:\/\/aeronet.news\/wp-content\/uploads\/PetrPavelRzeczpospolita.jpg\" sizes=\"(max-width: 889px) 100vw, 889px\" srcset=\"https:\/\/aeronet.news\/wp-content\/uploads\/PetrPavelRzeczpospolita.jpg 889w, https:\/\/aeronet.news\/wp-content\/uploads\/PetrPavelRzeczpospolita-270x300.jpg 270w, https:\/\/aeronet.news\/wp-content\/uploads\/PetrPavelRzeczpospolita-768x854.jpg 768w, https:\/\/aeronet.news\/wp-content\/uploads\/PetrPavelRzeczpospolita-700x778.jpg 700w, https:\/\/aeronet.news\/wp-content\/uploads\/PetrPavelRzeczpospolita-321x357.jpg 321w, https:\/\/aeronet.news\/wp-content\/uploads\/PetrPavelRzeczpospolita-435x483.jpg 435w\" alt=\"\" width=\"623\" height=\"692\" \/><\/a><figcaption class=\"wp-caption-text\">Petr Pavel v polsk\u00e9m den\u00edku Rzeczpospolita<\/figcaption><\/figure>\n<p>Polsk\u00fd velvyslanec na francouzsk\u00e9 televizi mluvil pr\u00e1v\u011b o tom, jak Polsko a Slovensko dodaj\u00ed Ukrajin\u011b celkem 33 st\u00edha\u010dek MiG-29 a jestli to pr\u00fd Ukrajin\u011b pom\u016f\u017ee. Velvyslanec se vyhnul odpov\u011bdi, ale zopakoval, \u017ee Rusko je agresor, a pokud Ukrajina neubr\u00e1n\u00ed svoji nez\u00e1vislost, bude muset NATO do tohoto konfliktu vstoupit nap\u0159\u00edmo, tedy dod\u00e1vky zbran\u00ed Ukrajin\u011b ji\u017e sta\u010dit nebudou.<\/p>\n<p><strong>Rusk\u00e1 arm\u00e1da podle velvyslance se pr\u00fd na Ukrajin\u011b nezastav\u00ed a Vladimir Putin pr\u00fd chce dob\u00fdt celou Evropu a pokra\u010dovat d\u00e1l na Z\u00e1pad.<\/strong>\u00a0Pokud ale NATO vstoup\u00ed do konfliktu na Ukrajin\u011b, je to doopravdy mo\u017en\u00e9, \u017ee k tomu m\u016f\u017ee doj\u00edt v r\u00e1mci III. sv\u011btov\u00e9 v\u00e1lky, kter\u00e1 by se hypoteticky odehr\u00e1la bez jadern\u00fdch zbran\u00ed v n\u011bjak\u00e9 podob\u011b, kterou si zat\u00edm nedovedeme p\u0159edstavit.<\/p>\n<h6><span style=\"font-size: 18pt;\">Slovensk\u00e1 i \u010desk\u00e1 vl\u00e1da dod\u00e1vaj\u00ed zbran\u011b Ukrajin\u011b bez ohledu na parlamenty a jejich souhlasy<\/span><\/h6>\n<p>Ka\u017edop\u00e1dn\u011b postup Rus\u016f do Evropy je sp\u00ed\u0161 z\u00e1minka Pol\u00e1k\u016f na p\u0159esv\u011bd\u010den\u00ed dal\u0161\u00edch zem\u00ed NATO, aby vstoupily do konfliktu na Ukrajin\u011b a pomohly Kyjevu zastavit Ruskou arm\u00e1du.\u00a0<strong>Slovensk\u00e1 vl\u00e1da dod\u00e1 Ukrajin\u011b celkem 13 st\u00edha\u010dek MiG-29 na z\u00e1klad\u011b mezivl\u00e1dn\u00ed dohody, bez souhlasu slovensk\u00e9ho parlamentu.<\/strong>\u00a0Je to samoz\u0159ejm\u011b vlastizrada v rozporu se slovenskou \u00dastavou, proto\u017ee slovensk\u00e1 vl\u00e1da k tomu nem\u00e1 mand\u00e1t. Aby mohla zbavit slovenskou arm\u00e1du st\u00edha\u010dek a mohla je darovat Ukrajin\u011b, muselo by se tak st\u00e1t na z\u00e1klad\u011b nikoliv mezivl\u00e1dn\u00ed dohody, ale na z\u00e1klad\u011b mezin\u00e1rodn\u00ed smlouvy ratifikovan\u00e9 slovensk\u00fdm parlamentem.<\/p>\n<p><a href=\"https:\/\/aeronet.news\/wp-content\/uploads\/Mig29SKflight.jpg\"><img decoding=\"async\" loading=\"lazy\" class=\"wp-image-52298 aligncenter\" src=\"https:\/\/aeronet.news\/wp-content\/uploads\/Mig29SKflight.jpg\" sizes=\"(max-width: 1280px) 100vw, 1280px\" srcset=\"https:\/\/aeronet.news\/wp-content\/uploads\/Mig29SKflight.jpg 1280w, https:\/\/aeronet.news\/wp-content\/uploads\/Mig29SKflight-300x169.jpg 300w, https:\/\/aeronet.news\/wp-content\/uploads\/Mig29SKflight-768x432.jpg 768w, https:\/\/aeronet.news\/wp-content\/uploads\/Mig29SKflight-1024x576.jpg 1024w, https:\/\/aeronet.news\/wp-content\/uploads\/Mig29SKflight-700x394.jpg 700w, https:\/\/aeronet.news\/wp-content\/uploads\/Mig29SKflight-635x357.jpg 635w, https:\/\/aeronet.news\/wp-content\/uploads\/Mig29SKflight-859x483.jpg 859w\" alt=\"\" width=\"724\" height=\"407\" \/><\/a><\/p>\n<p>Premi\u00e9r v demisi Eduard Heger tak po p\u0159\u00ed\u0161t\u00edch volb\u00e1ch m\u016f\u017ee \u010delit dokonce i obvin\u011bn\u00ed z vlastizrady z toho, \u017ee jednal s c\u00edlem oslabit obranyschopnost republiky.\u00a0<strong>Ty st\u00edha\u010dky jsou toti\u017e Ukrajin\u011b dod\u00e1ny na z\u00e1klad\u011b mezivl\u00e1dn\u00ed dohody mez\u00ed Bratislavou a Kyjevem, ani\u017e by existovala mezin\u00e1rodn\u00ed smlouva a ani\u017e by smlouva pro\u0161la ratifika\u010dn\u00edm protokolem.<\/strong>\u00a0Ale koho to p\u0159ekvapuje? \u00dapln\u011b stejn\u011b, na z\u00e1klad\u011b mezivl\u00e1dn\u00edch dohod a nikoliv na z\u00e1klad\u011b mezin\u00e1rodn\u00edch smluv, demilitarizuje \u010deskou arm\u00e1du a odevzd\u00e1v\u00e1 zbran\u011b Ukrajin\u011b \u010desk\u00e1 kabelkov\u00e1 tankistka Jana \u010cernochov\u00e1 v roli ministryn\u011b obrany. Vl\u00e1dy zlo\u010dinc\u016f a vlastizr\u00e1dc\u016f. Nelze se \u010demu divit. Za b\u00edl\u00e9ho dne okradli \u010desk\u00e9 d\u016fchodce na valorizac\u00edch, za b\u00edl\u00e9ho dne i zat\u00e1hnou republiku do konfliktu na Ukrajin\u011b. Polsk\u00fd velvyslanec to prost\u011b pr\u00e1skl narovinu a v lehk\u00e9m p\u0159edstihu. To je v\u0161e!<\/p>\n<p><a href=\"https:\/\/aeronet.news\/video-polsky-velvyslanec-ve-francii-zpusobil-poprask-svym-vyrokem-pro-francouzskou-televizi-ze-kdyz-se-ukrajine-nepodari-ubranit-svoji-nezavislost-bude-muset-nato-vstoupit-do-konfliktu-na-ukrajine\/\">-VK- \u0160\u00e9fredaktor AE News<\/a><\/p>\n<p>&nbsp;<\/p>\n<p>&nbsp;<\/p>\n<p><img decoding=\"async\" loading=\"lazy\" class=\"wp-image-19187 aligncenter\" src=\"http:\/\/www.infokuryr.cz\/n\/wp-content\/uploads\/2022\/12\/1-PRO-300x36.jpg\" alt=\"\" width=\"1108\" height=\"133\" srcset=\"https:\/\/www.infokuryr.cz\/n\/wp-content\/uploads\/2022\/12\/1-PRO-300x36.jpg 300w, https:\/\/www.infokuryr.cz\/n\/wp-content\/uploads\/2022\/12\/1-PRO.jpg 699w\" sizes=\"(max-width: 1108px) 100vw, 1108px\" \/><\/p>\n<p>&nbsp;<\/p>\n<p>&nbsp;<\/p>\n<p><img decoding=\"async\" loading=\"lazy\" class=\"wp-image-24737 aligncenter\" src=\"http:\/\/www.infokuryr.cz\/n\/wp-content\/uploads\/2023\/03\/cesko_proti_bide2-239x300.png\" alt=\"\" width=\"803\" height=\"1008\" srcset=\"https:\/\/www.infokuryr.cz\/n\/wp-content\/uploads\/2023\/03\/cesko_proti_bide2-239x300.png 239w, https:\/\/www.infokuryr.cz\/n\/wp-content\/uploads\/2023\/03\/cesko_proti_bide2-816x1024.png 816w, https:\/\/www.infokuryr.cz\/n\/wp-content\/uploads\/2023\/03\/cesko_proti_bide2-768x964.png 768w, https:\/\/www.infokuryr.cz\/n\/wp-content\/uploads\/2023\/03\/cesko_proti_bide2.png 846w\" sizes=\"(max-width: 803px) 100vw, 803px\" \/><\/p>\n<p>&nbsp;<\/p>\n<p>&nbsp;<\/p>\n","protected":false},"excerpt":{"rendered":"<p>Polsk\u00fd velvyslanec ve Francii zp\u016fsobil poprask sv\u00fdm v\u00fdrokem pro francouzskou televizi, \u017ee kdy\u017e se Ukrajin\u011b&#8230;<\/p>\n","protected":false},"author":2,"featured_media":24851,"comment_status":"closed","ping_status":"closed","sticky":false,"template":"","format":"standard","meta":[],"categories":[6],"tags":[1042,29,31,26,40,977],"_links":{"self":[{"href":"https:\/\/www.infokuryr.cz\/n\/wp-json\/wp\/v2\/posts\/24850"}],"collection":[{"href":"https:\/\/www.infokuryr.cz\/n\/wp-json\/wp\/v2\/posts"}],"about":[{"href":"https:\/\/www.infokuryr.cz\/n\/wp-json\/wp\/v2\/types\/post"}],"author":[{"embeddable":true,"href":"https:\/\/www.infokuryr.cz\/n\/wp-json\/wp\/v2\/users\/2"}],"replies":[{"embeddable":true,"href":"https:\/\/www.infokuryr.cz\/n\/wp-json\/wp\/v2\/comments?post=24850"}],"version-history":[{"count":0,"href":"https:\/\/www.infokuryr.cz\/n\/wp-json\/wp\/v2\/posts\/24850\/revisions"}],"wp:featuredmedia":[{"embeddable":true,"href":"https:\/\/www.infokuryr.cz\/n\/wp-json\/wp\/v2\/media\/24851"}],"wp:attachment":[{"href":"https:\/\/www.infokuryr.cz\/n\/wp-json\/wp\/v2\/media?parent=24850"}],"wp:term":[{"taxonomy":"category","embeddable":true,"href":"https:\/\/www.infokuryr.cz\/n\/wp-json\/wp\/v2\/categories?post=24850"},{"taxonomy":"post_tag","embeddable":true,"href":"https:\/\/www.infokuryr.cz\/n\/wp-json\/wp\/v2\/tags?post=24850"}],"curies":[{"name":"wp","href":"https:\/\/api.w.org\/{rel}","templated":true}]}}