{"id":24848,"date":"2023-03-21T03:51:02","date_gmt":"2023-03-21T02:51:02","guid":{"rendered":"http:\/\/www.infokuryr.cz\/n\/?p=24848"},"modified":"2023-03-21T03:51:02","modified_gmt":"2023-03-21T02:51:02","slug":"nedelnik-adama-b-bartose-126-o-orbanizaci-bez-orbana-aneb-proc-ma-smysl-popremyslet-nad-zmenou-strategie-i-taktiky","status":"publish","type":"post","link":"https:\/\/www.infokuryr.cz\/n\/2023\/03\/21\/nedelnik-adama-b-bartose-126-o-orbanizaci-bez-orbana-aneb-proc-ma-smysl-popremyslet-nad-zmenou-strategie-i-taktiky\/","title":{"rendered":"NED\u011aLN\u00cdK ADAMA B. BARTO\u0160E (126) O ORB\u00c1NIZACI BEZ ORB\u00c1NA ANEB PRO\u010c M\u00c1 SMYSL POP\u0158EM\u00dd\u0160LET NAD ZM\u011aNOU STRATEGIE I TAKTIKY"},"content":{"rendered":"<div id=\"fb-root\"><\/div>\n<p><strong>Dal\u0161\u00ed t\u00fdden je fu\u010d a spolu s n\u00edm i miliardy pro d\u016fchodce. To byla tedy rychlost, co? A t\u00edm nemysl\u00edm jen to, \u017ee se z\u00e1kon schv\u00e1lil ve zrychlen\u00e9m \u010dten\u00ed, ale \u017ee n\u011bjak jaksi absentoval i ten tolik halasn\u011b proklamovan\u00fd odpor opozice. A dokonce prezident, kter\u00fd navenek ml\u017eil, \u017ee m\u00e1 pochybnosti apod., z\u00e1kon nakonec bleskurychle p\u0159ed \u010dty\u0159mi dny podepsal.<\/strong><span id=\"more-13482\"><\/span><\/p>\n<p>P\u011btikoali\u010dn\u00ed vl\u00e1dn\u00ed ma\u0161ina tak jede jak po m\u00e1sle. Eins, zwei. Vl\u00e1da n\u011bco vymysl\u00ed a schv\u00e1l\u00ed si to, pak j\u00ed to schv\u00e1l\u00ed parlament, kde m\u00e1 v\u011bt\u0161inu, pak j\u00ed to schv\u00e1l\u00ed Sen\u00e1t, kde m\u00e1 v\u011bt\u0161inu, pak j\u00ed to podep\u00ed\u0161e prezident, kter\u00e9ho si na Hrad nainstalovala a p\u0159\u00edpadn\u00e9 \u201epochybnosti\u201c se budou je\u0161t\u011b naoko \u0159e\u0161it u \u00dastavn\u00edho soudu, aby to jaksi vypadalo, \u017ee se o d\u016fchody sv\u00e1d\u00ed jak\u00fds tak\u00fds boj. Jen\u017ee \u00dastavn\u00ed soud m\u00e1 ob\u0161ancovan\u00fd vl\u00e1da tak\u00e9 (a prezident ho do budoucna je\u0161t\u011b jist\u011b \u201evylep\u0161\u00ed\u201c), tak\u017ee na \u017e\u00e1dn\u00e9 \u00farovni politiky nelze \u010dekat zm\u011bnu, od \u017e\u00e1dn\u00e9 instituce nelze \u010dekat zm\u011bnu, od \u017e\u00e1dn\u00e9 moci (z\u00e1konod\u00e1rn\u00e9, v\u00fdkonn\u00e9, soudn\u00ed ani \u201emedi\u00e1ln\u00ed\u201c) nelze o\u010dek\u00e1vat zm\u011bnu. A tak to bude se v\u0161\u00edm, dokud se n\u011bco nestane\u2026<\/p>\n<p>Po prezidentsk\u00fdch volb\u00e1ch jsem psal, \u017ee se vl\u00e1d\u011b poda\u0159ilo dos\u00e1hnout \u201eorbanizace\u201c zem\u011b, bohu\u017eel ale \u2013 bez \u010desk\u00e9ho Orb\u00e1na. Sl\u00edbil jsem se ke sv\u00fdm pozn\u00e1mk\u00e1m vr\u00e1tit. Dnes tedy o t\u00e9 orbanizaci. \u010cesk\u00fdm Orb\u00e1nem mysl\u00edm n\u011bkoho, kdo by h\u00e1jil n\u00e1rodn\u00ed z\u00e1jmy, ale nikdo takov\u00fd v \u010desk\u00e9 politice nen\u00ed. Nicm\u00e9n\u011b orbanizace, coby p\u0159evzet\u00ed moci nad v\u0161emi slo\u017ekami st\u00e1tu, v\u0161emi sf\u00e9rami vlivu, cel\u00fdm st\u00e1tn\u00edm apar\u00e1tem, v\u0161emi slo\u017ekami moci \u2013 to se vl\u00e1d\u011b nakonec ne\u010dekan\u011b poda\u0159ilo. Nejsp\u00ed\u0161e proto, \u017ee odch\u00e1zej\u00ed star\u0161\u00ed voli\u010di a ka\u017ed\u00fd rok se rod\u00ed voli\u010di nov\u00ed, liber\u00e1ln\u011b vychovan\u00ed, co\u017e ovliv\u0148uje \u2013 a do budoucna st\u00e1le v\u00edce ovliv\u0148ovat bude \u2013 ve\u0161ker\u00e9 volby. Jen d\u00edky tomu (a ni\u010demu jin\u00e9mu) se vl\u00e1d\u011b poda\u0159ilo to, co kdysi Orb\u00e1novi v Ma\u010farsku. Jen\u017ee opa\u010dn\u011b, samoz\u0159ejm\u011b. T\u00edm, kdo bere v\u0161e (pomysln\u00fdm orb\u00e1nem) tu toti\u017e nen\u00ed vlasteneck\u00fd politik, ale odporn\u00e1 a slizk\u00e1 banda z\u00e1padn\u00edch p\u0159isluhova\u010d\u016f, americk\u00fdch vlezdoprdelk\u016f, probruselsk\u00fdch \u0159i\u0165olezc\u016f, pron\u011bmeck\u00fdch lokaj\u016f, proukrajinsk\u00fdch loutek. Maj\u00ed te\u010f v rukou trumfy, kter\u00e9 jim pomohou zabetonovat se ve sv\u00fdch pozic\u00edch. Nemaj\u00ed sice \u00fastavn\u00ed v\u011bt\u0161inu (to je jedin\u00e9, co se jim zat\u00edm nepoda\u0159ilo), ale maj\u00ed prezidenta, kter\u00fd m\u016f\u017ee ovliv\u0148ovat \u00dastavn\u00ed soud i bankovn\u00ed radu \u010cNB a maj\u00ed tak\u00e9 t\u00e9m\u011b\u0159 nep\u0159etr\u017eitou mo\u017enost obch\u00e1zet parlament, proto\u017ee v\u017edy je n\u011bjak\u00e1 krize, na kterou se to d\u00e1 sv\u00e9st \u2013 covid, v\u00e1lka, energetick\u00e1 krize, Putin, ukrajin\u0161t\u00ed uprchl\u00edci, tak\u017ee furt jsou n\u011bjak\u00e9 v\u00fdjime\u010dn\u00e9 stavy a nepohodln\u00e9 z\u00e1kony se projedn\u00e1vaj\u00ed u\u017e jen v prvn\u00edm \u010dten\u00ed.<\/p>\n<p>Kdyby se do t\u00e9to v\u00fdhodn\u00e9 pozice m\u011bla probojovat n\u011bjak\u00e1 pron\u00e1rodn\u00ed strana, bylo by to v dne\u0161n\u00ed dob\u011b skoro nemo\u017en\u00e9. Jsem p\u0159esv\u011bd\u010den, \u017ee dnes by se to nepoda\u0159ilo ani Orb\u00e1novi v Ma\u010farsku, kdyby se m\u011bl pokusit z\u00edskat moc z opozice a\u017e nyn\u00ed. To, \u017ee roky v\u00edt\u011bz\u00ed a dosud vl\u00e1dne, je proto, \u017ee se mu to poda\u0159ilo kdysi (v lep\u0161\u00edch \u010dasech) a od t\u00e9 doby nejen \u0161ikovn\u011b vl\u00e1dl, ale \u0161ikovn\u011b si tak\u00e9 svoji pozici za ty roky budoval a upev\u0148oval, aby opozice nem\u011bla \u0161anci ho tak snadno svrhnout (dokonce i kdyby volby nevyhr\u00e1l, FIDESZ by je\u0161t\u011b m\u011bl na \u0159adu let zabezpe\u010den sv\u016fj vliv ve st\u00e1t\u011b). To, \u017ee se n\u011bco podobn\u00e9ho nyn\u00ed da\u0159\u00ed Fialovi, nen\u00ed d\u00e1no t\u00edm, \u017ee by byl schopn\u00fd (jako Orb\u00e1n), je to jen p\u0159irozen\u00fd objektivn\u00ed proces, kdy liber\u00e1ln\u00ed demokracie sice vykazuje v\u00e1\u017en\u00e9 poruchy, ale o to v\u00edce arogantn\u011bji a za po\u0161lap\u00e1v\u00e1n\u00ed doned\u00e1vna je\u0161t\u011b nedotknuteln\u00fdch hodnot p\u0159eb\u00edr\u00e1 ve\u0161kerou moc ve st\u00e1t\u011b a p\u0159em\u011b\u0148uje se na moc totalitn\u00ed. Tento proces je celosv\u011btov\u00fd, byl n\u011bkolikr\u00e1t um\u011ble akcelerov\u00e1n r\u016fzn\u00fdmi krizemi, nejnov\u011bji covidem \u010di ukraden\u00edm volebn\u00edho v\u00edt\u011bzstv\u00ed Donalda Trumpa, tak\u017ee Fiala na n\u011bm nem\u00e1 nejmen\u0161\u00edch z\u00e1sluh, jen to na n\u011bj \u201evy\u0161lo\u201c. S\u00e1m by to nikdy nedok\u00e1zal (vypracovat se jako Orb\u00e1n), je to jen oby\u010dejn\u00e1 \u201epodr\u017eta\u0161ka\u201c, ale vlivem okolnost\u00ed se ve Strakovce ocitl a proto\u017ee je te\u010f takov\u00e1 konstelace, jak\u00e1 je, n\u011bjakou dobu tam je\u0161t\u011b vydr\u017e\u00ed.<\/p>\n<p>I kdy\u017e mi n\u011bkte\u0159\u00ed m\u00ed kamar\u00e1di \u0159\u00edkaj\u00ed, \u017ee syst\u00e9m (re\u017eim) je v p\u011bkn\u00e9m pr\u016fseru a \u017ee nem\u016f\u017ee vydr\u017eet, \u017ee je jen ot\u00e1zkou \u010dasu, kdy se v\u0161e zhrout\u00ed, nebyl bych si t\u00edm tak jist\u00fd. \u017d\u00e1dn\u00e1 vl\u00e1da nebyla v tak v\u00fdhodn\u00e9 pozici, jako je nyn\u00ed ta H\u0148upova. Samoz\u0159ejm\u011b, sv\u011btov\u00e9 okolnosti zp\u016fsobuj\u00ed, \u017ee to jej\u00ed vl\u00e1dnut\u00ed asi nen\u00ed \u017e\u00e1dn\u00fd med ani pro n\u011b samotn\u00e9 (asi by mnohem rad\u011bji vl\u00e1dli v lep\u0161\u00edch dob\u00e1ch), ale zase na druhou stranu \u2013 v\u00e1lka, nebo jak\u00fdkoli jin\u00fd stra\u0161\u00e1k (jako p\u0159edt\u00edm covid), jim umo\u017e\u0148uje \u0159\u00e1dit jako \u010dern\u00e1 ruka a nebrat na voli\u010de ohledy, co\u017e v b\u011b\u017en\u00e9m stavu nen\u00ed mysliteln\u00e9. Nav\u00edc m\u00e1 vl\u00e1da pohodlnou v\u011bt\u0161inu, na sv\u00e9 stran\u011b m\u00e9dia a \u2013 jak jsem u\u017e zmi\u0148oval \u2013 v\u0161echny trumfy (prezidenta, soudy apod.).<\/p>\n<p><a href=\"http:\/\/knihyabb.cz\/domu\/57-madarsky-zazrak-jak-viktor-orban-zachranuje-madarsko-listopad-2018.html\" target=\"_blank\" rel=\"noopener\"><em><strong>Kdysi jsem o Orb\u00e1novi napsal a vydal knihu<\/strong><\/em><\/a>, proto\u017ee se mi l\u00edbilo, jak vl\u00e1dne a jak se \u0161ikovn\u011b dr\u017e\u00ed u moci (i kdy\u017e ch\u00e1pu, \u017ee jeho opozici se to nemus\u00ed l\u00edbit) a p\u0159\u00e1l jsem si, aby se to poda\u0159ilo i u n\u00e1s \u2013 kn\u00ed\u017eka m\u011bla b\u00fdt inspirac\u00ed pro vlasteneck\u00e9 politiky, \u017ee ma\u010farsk\u00fd p\u0159\u00edklad je p\u0159esn\u011b t\u00edm receptem, kter\u00fd pot\u0159ebujeme, nic nov\u00e9ho a lep\u0161\u00edho nen\u00ed t\u0159eba vym\u00fd\u0161let. Nenapadlo mne tehdy, \u017ee se s trochou \u0161t\u011bst\u00ed dostane u n\u00e1s k moci politick\u00e1 skupina, n\u00e1rodn\u00ed z\u00e1jmy naopak potla\u010duj\u00edc\u00ed, kter\u00e1 v\u0161ak \u2013 podobn\u011b jako Orb\u00e1n \u2013 z\u00edsk\u00e1 ve st\u00e1t\u011b t\u00e9m\u011b\u0159 absolutn\u00ed moc. Pro vlastence je n\u011bco takov\u00e9ho \u010dernou m\u016frou, kter\u00e1 se p\u0159ed na\u0161ima o\u010dima napl\u0148uje.<\/p>\n<p>Ob\u00e1v\u00e1m se nav\u00edc, \u017ee t\u00edm v\u0161\u00edm, co jsem v\u00fd\u0161e na\u010drtl, to nekon\u010d\u00ed. Vl\u00e1da se evidentn\u011b pou\u010dila (i u Orb\u00e1na) a chyst\u00e1 dal\u0161\u00ed reformy, kter\u00e9 j\u00ed maj\u00ed pomoci udr\u017eet se u moci. Nap\u0159\u00edklad reformu volebn\u00edho z\u00e1kona \u2013 u\u017e vid\u00edme prvn\u00ed vla\u0161tovky. Ned\u00e1vno n\u00e1m ozn\u00e1mila, \u017ee chce zru\u0161it dva volebn\u00ed dny, co\u017e je sice nejsp\u00ed\u0161e spr\u00e1vn\u00e9 (po n\u011b\u010dem takov\u00e9m jsem volal u\u017e d\u00e1vno), ale to nejsp\u00ed\u0161e bude jen takov\u00e1 v\u011bji\u010dka pro voli\u010de a skute\u010dn\u00fdm smyslem zm\u011bny volebn\u00edho z\u00e1kona bude p\u0159eparcelov\u00e1n\u00ed volebn\u00edch okrsk\u016f tak, aby si vl\u00e1da zajistila v\u011bt\u0161inu i tam, kde dosud v\u00edt\u011bzila opozice. P\u0159esn\u011b tak to Orb\u00e1n ud\u011blal tak\u00e9. Vl\u00e1da tak\u00e9 po\u010d\u00edt\u00e1 s \u201emasivn\u00ed digitalizac\u00ed\u201c voleb, co\u017e je \u2013 vedle snahy o koresponden\u010dn\u00ed hlasov\u00e1n\u00ed \u2013 zase jen dal\u0161\u00edm n\u00e1strojem, jak m\u00edt volby pod kontrolou a jak si zajistit v\u00edt\u011bzstv\u00ed i ve chv\u00edli, kdy by lid cht\u011bl n\u00e1hodou volit jinak.<\/p>\n<p>V\u0161imn\u011bme si, \u017ee i p\u0159es nep\u0159\u00edzniv\u00e9 okolnosti se vl\u00e1d\u011b da\u0159\u00ed volby vyhr\u00e1vat, co\u017e znamen\u00e1, \u017ee bu\u010f jsou lid\u00e9 natolik \u201emimo\u201c, \u017ee \u201enev\u00ed, koho vol\u00ed\u201c, a nebo jejich v\u00fdsledky n\u011bkdo upravuje tak, aby to vypadalo, \u017ee se vl\u00e1da t\u011b\u0161\u00ed p\u0159\u00edzni lidu. Nev\u00edm, kter\u00e1 varianta je hor\u0161\u00ed. Chci t\u00edm ale \u0159\u00edci, \u017ee neplat\u00ed jednoduch\u00e1 pou\u010dka \u2013 \u010d\u00edm h\u016f\u0159, t\u00edm l\u00e9pe pro n\u00e1s, vlastence. \u010c\u00edm h\u016f\u0159e se lid\u00e9 budou m\u00edt, t\u00edm v\u00edce se jim otev\u0159ou o\u010di a oni se probud\u00ed a za\u010dnou volit pron\u00e1rodn\u011b. Vid\u00edme p\u0159esn\u00fd opak \u2013 \u010d\u00edm je situace \u0161\u00edlen\u011bj\u0161\u00ed, t\u00edm v\u00edce lid\u00e9 vol\u00ed vl\u00e1du. Kdy\u017e byl covid a dokonce i pot\u00e9, kdy\u017e se covid za\u010dal ukazovat podvodem, lid\u00e9 volili vl\u00e1du. Kdy\u017e n\u00e1s vl\u00e1da t\u00e9m\u011b\u0159 zat\u00e1hla do v\u00e1lky s Ruskem, zdra\u017eila n\u00e1m energie a vlastn\u011b v\u0161echno, lid\u00e9 vol\u00ed vl\u00e1du. Dokonce i v chv\u00edli, kdy nejvy\u0161\u0161\u00ed arm\u00e1dn\u00ed \u010dinitel\u00e9 mluv\u00ed o tom, \u017ee se bez mobilizace neobejdeme, lid\u00e9 vol\u00ed v prezidentsk\u00fdch volb\u00e1ch vl\u00e1dn\u00edho (prov\u00e1le\u010dn\u00e9ho kandid\u00e1ta). Nelze tedy spol\u00e9hat, \u017ee zhor\u0161en\u00ed situace lidem otev\u0159e o\u010di. P\u0159ipravme se, \u017ee to m\u016f\u017ee b\u00fdt p\u0159esn\u011b naopak a \u017ee dojde k obdob\u011b Stockholmsk\u00e9ho syst\u00e9mu. Lid bude volit vl\u00e1du, kter\u00e1 ho bude zotro\u010dovat a tr\u00fdznit.<\/p>\n<p>To v\u0161e mne vede k p\u0159esv\u011bd\u010den\u00ed, \u017ee tradi\u010dn\u00ed politick\u00e9 zp\u016fsoby \u0159e\u0161en\u00ed dne\u0161n\u00ed krize jsou t\u00e9m\u011b\u0159 vy\u010derp\u00e1ny. Netvrd\u00edm, \u017ee nem\u00e1 smysl n\u011bco d\u011blat, \u017ee bychom se m\u011bli na v\u0161e vyka\u0161lat. Tvrd\u00edm jen, \u017ee bychom m\u011bli za\u010d\u00edt d\u011blat n\u011bco jin\u00e9ho, ne\u017e na co jsme byli doposud zvykl\u00ed.<\/p>\n<p>Klasickou politickou cestou zm\u011bny v brzk\u00e9 dob\u011b nedos\u00e1hneme. Nav\u00edc do v\u0161eho vstupuje v\u00e1lka, na kter\u00e9 je z\u00e1jem z nejvy\u0161\u0161\u00edch z\u00e1padn\u00edch kruh\u016f, a tomu \u2013 to si p\u0159iznejme \u2013 \u017e\u00e1dn\u00e1 demonstrace v \u010cesk\u00e9 republice, i kdyby byla sebev\u011bt\u0161\u00ed, nezabr\u00e1n\u00ed. Kdy\u017e je z\u00e1jem na v\u00e1lce, je z\u00e1jem i na prov\u00e1le\u010dn\u00fdch vl\u00e1d\u00e1ch a i kdyby lid prov\u00e1le\u010dnou vl\u00e1du shodil, bude mu dosazena jin\u00e1 prov\u00e1le\u010dn\u00e1 vl\u00e1da. Nask\u00fdt\u00e1 se tak ot\u00e1zka, zda je v\u016fbec v t\u00e9to chv\u00edli re\u00e1ln\u00e9 zm\u011bny dos\u00e1hnout a zda nen\u00ed t\u0159eba nechat cel\u00fd proces dob\u011bhnout do konce, ne\u017e se sna\u017eit za ka\u017edou cenu (av\u0161ak zbyte\u010dn\u011b) v\u011bci zvr\u00e1tit. T\u00edm ov\u0161em netvrd\u00edm, \u017ee je \u010das slo\u017eit ruce do kl\u00edna. Ba pr\u00e1v\u011b naopak. Kdy\u017e to nejde takto, d\u011blejme to jinak, jin\u00fdmi prost\u0159edky. D\u011blejme mezit\u00edm n\u011bco jin\u00e9ho, n\u011bco, co je mo\u017en\u00e1 je\u0161t\u011b d\u016fle\u017eit\u011bj\u0161\u00ed.<\/p>\n<p>Je nejvy\u0161\u0161\u00ed \u010das myslet na zadn\u00ed kole\u010dka. Vym\u00fd\u0161let z\u00e1lo\u017en\u00ed pl\u00e1ny. P\u0159ipravovat se na nejhor\u0161\u00ed. P\u0159estat politika\u0159it, p\u0159estat pl\u00fdtvat silami na v\u011bci, kter\u00e9 v dne\u0161n\u00ed dob\u011b nemaj\u00ed smysl, a v\u011bnovat energii p\u0159e\u017eit\u00ed vlastn\u00ed rodiny \u010di je\u0161t\u011b l\u00e9pe \u2013 komunity. To je \u00fakol pro neparlamentn\u00ed politick\u00e9 strany. A o tom si \u0159ekneme n\u011bco p\u0159\u00ed\u0161t\u011b. V tomto ned\u011bln\u00edku jsem si k tomu pouze cht\u011bl p\u0159edp\u0159ipravit p\u016fdu, abych p\u0159\u00ed\u0161t\u011b nemusel vysv\u011btlovat, pro\u010d n\u00e1m vlastn\u011b nic jin\u00e9ho nezb\u00fdv\u00e1.<\/p>\n<p>Navzdory ne p\u0159\u00edli\u0161 vesel\u00e9mu ned\u011bln\u00edku v\u00e1m p\u0159eji klidn\u00fd a radostn\u00fd t\u00fdden<\/p>\n<p><em>Vlasti zdar!<\/em><br \/>\n<em>Adam B. Barto\u0161<\/em><br \/>\n<em>p\u0159edseda N\u00e1rodn\u00ed demokracie<\/em><\/p>\n<p>\u00favodn\u00ed obr\u00e1zek: CD89.cz<\/p>\n<p><img decoding=\"async\" loading=\"lazy\" class=\"alignnone size-full wp-image-678\" src=\"http:\/\/www.infokuryr.cz\/n\/wp-content\/uploads\/2021\/04\/narodni_demokracie_logo.jpg\" alt=\"\" width=\"300\" height=\"85\" \/><\/p>\n<p>____________________________<\/p>\n<p>&nbsp;<\/p>\n<p>&nbsp;<\/p>\n<p><img decoding=\"async\" loading=\"lazy\" class=\"wp-image-19187 aligncenter\" src=\"http:\/\/www.infokuryr.cz\/n\/wp-content\/uploads\/2022\/12\/1-PRO-300x36.jpg\" alt=\"\" width=\"1083\" height=\"130\" srcset=\"https:\/\/www.infokuryr.cz\/n\/wp-content\/uploads\/2022\/12\/1-PRO-300x36.jpg 300w, https:\/\/www.infokuryr.cz\/n\/wp-content\/uploads\/2022\/12\/1-PRO.jpg 699w\" sizes=\"(max-width: 1083px) 100vw, 1083px\" \/><\/p>\n<p>&nbsp;<\/p>\n<p>&nbsp;<\/p>\n<p><img decoding=\"async\" loading=\"lazy\" class=\"wp-image-24737 aligncenter\" src=\"http:\/\/www.infokuryr.cz\/n\/wp-content\/uploads\/2023\/03\/cesko_proti_bide2-239x300.png\" alt=\"\" width=\"780\" height=\"979\" srcset=\"https:\/\/www.infokuryr.cz\/n\/wp-content\/uploads\/2023\/03\/cesko_proti_bide2-239x300.png 239w, https:\/\/www.infokuryr.cz\/n\/wp-content\/uploads\/2023\/03\/cesko_proti_bide2-816x1024.png 816w, https:\/\/www.infokuryr.cz\/n\/wp-content\/uploads\/2023\/03\/cesko_proti_bide2-768x964.png 768w, https:\/\/www.infokuryr.cz\/n\/wp-content\/uploads\/2023\/03\/cesko_proti_bide2.png 846w\" sizes=\"(max-width: 780px) 100vw, 780px\" \/><\/p>\n<p>&nbsp;<\/p>\n<p>&nbsp;<\/p>\n<p>&nbsp;<\/p>\n","protected":false},"excerpt":{"rendered":"<p>Dal\u0161\u00ed t\u00fdden je fu\u010d a spolu s n\u00edm i miliardy pro d\u016fchodce. To byla tedy&#8230;<\/p>\n","protected":false},"author":2,"featured_media":24849,"comment_status":"closed","ping_status":"closed","sticky":false,"template":"","format":"standard","meta":[],"categories":[6],"tags":[367,29,85,122],"_links":{"self":[{"href":"https:\/\/www.infokuryr.cz\/n\/wp-json\/wp\/v2\/posts\/24848"}],"collection":[{"href":"https:\/\/www.infokuryr.cz\/n\/wp-json\/wp\/v2\/posts"}],"about":[{"href":"https:\/\/www.infokuryr.cz\/n\/wp-json\/wp\/v2\/types\/post"}],"author":[{"embeddable":true,"href":"https:\/\/www.infokuryr.cz\/n\/wp-json\/wp\/v2\/users\/2"}],"replies":[{"embeddable":true,"href":"https:\/\/www.infokuryr.cz\/n\/wp-json\/wp\/v2\/comments?post=24848"}],"version-history":[{"count":0,"href":"https:\/\/www.infokuryr.cz\/n\/wp-json\/wp\/v2\/posts\/24848\/revisions"}],"wp:featuredmedia":[{"embeddable":true,"href":"https:\/\/www.infokuryr.cz\/n\/wp-json\/wp\/v2\/media\/24849"}],"wp:attachment":[{"href":"https:\/\/www.infokuryr.cz\/n\/wp-json\/wp\/v2\/media?parent=24848"}],"wp:term":[{"taxonomy":"category","embeddable":true,"href":"https:\/\/www.infokuryr.cz\/n\/wp-json\/wp\/v2\/categories?post=24848"},{"taxonomy":"post_tag","embeddable":true,"href":"https:\/\/www.infokuryr.cz\/n\/wp-json\/wp\/v2\/tags?post=24848"}],"curies":[{"name":"wp","href":"https:\/\/api.w.org\/{rel}","templated":true}]}}