{"id":24828,"date":"2023-03-21T01:04:09","date_gmt":"2023-03-21T00:04:09","guid":{"rendered":"http:\/\/www.infokuryr.cz\/n\/?p=24828"},"modified":"2023-03-20T15:09:59","modified_gmt":"2023-03-20T14:09:59","slug":"jindrich-kulhavy-neni-toho-na-jednoho-trochu-moc","status":"publish","type":"post","link":"https:\/\/www.infokuryr.cz\/n\/2023\/03\/21\/jindrich-kulhavy-neni-toho-na-jednoho-trochu-moc\/","title":{"rendered":"Jind\u0159ich Kulhav\u00fd: Nen\u00ed toho na jednoho trochu moc?"},"content":{"rendered":"<div id=\"fb-root\"><\/div>\n<p><span class=\"anotation\">Informace n\u00e1s drt\u00ed ze v\u0161ech stran a rozhodn\u011b nejsou optimistick\u00e9. V\u00a0Haagu vydali mezin\u00e1rodn\u00ed zatyka\u010d na rusk\u00e9ho prezidenta Putina i na Lvovovou-Belovovou, kter\u00e1 zachra\u0148ovala na \u017eivotech\u00a0ohro\u017een\u00e9 d\u011bti z\u00a0Ukrajiny (Pekarov\u00e1 Adamov\u00e1 to\u00a0naz\u00fdv\u00e1 \u00fanosem). Je to jen dal\u0161\u00ed uk\u00e1zka toho, jak je n\u011bkter\u00fdm lidem a instituc\u00edm na Z\u00e1padu realita vzd\u00e1len\u00e1. Dostal se do stejn\u00e9 situace n\u011bkter\u00fd z\u00a0americk\u00fdch p\u0159edstavitel\u016f za v\u0161echny ty v\u00e1lky veden\u00e9 Spojen\u00fdmi st\u00e1ty na ciz\u00edm \u00fazem\u00ed za posledn\u00edch 50 let? A pokud ne, kde se bere ta drzost v\u00a0jak\u00fdchsi soudc\u00edch n\u011bkde v\u00a0Haagu obvi\u0148ovat hlavu nejv\u011bt\u0161\u00edho st\u00e1tu na sv\u011bt\u011b?<\/span><\/p>\n<div id=\"pagetext\">\n<p>\u00a0 V\u00a0Moskv\u011b se mus\u00ed vcelku bavit nemohoucnost\u00ed evropsk\u00fdch instituc\u00ed a vl\u00e1d, nato\u017e nad drzost\u00ed bezv\u00fdznamn\u00fdch figurek v\u00a0tal\u00e1ru. Pokud by m\u011bli n\u011bkoho st\u00edhat, pak jim p\u00e1r tip\u016f d\u00e1t m\u016f\u017eeme. Soros, Schwab, Fauci, Gates, rodiny Rothschild\u016f, Rockefeller\u016f, Obamovi \u010di Clintonovi. Nebo t\u0159eba otec a syn Biden\u016f. A pokud by \u0161lo o v\u00e1le\u010dn\u00e9 zlo\u010diny, co zkusit hledat skute\u010dn\u00e9 vin\u00edky v\u00e1lky o v\u00fdchod Ukrajiny? Od roku 2014 by se jich jist\u011b na\u0161lo dost na to, aby ctihodn\u00ed soudci mohli vykon\u00e1vat svou jist\u011b bohat\u011b dotovanou pr\u00e1ci a trestat ty, kte\u0159\u00ed \u0161kod\u00ed cel\u00e9mu sv\u011btu a Ukrajinu poslali do p\u0159edem prohran\u00e9 v\u00e1lky. Ot\u00e1zkou tak\u00e9 z\u016fst\u00e1v\u00e1, kdo haagsk\u00fd soud respektuje a p\u0159ikl\u00e1d\u00e1 n\u011bjakou v\u00e1hu jeho rozhodnut\u00edm a snah\u00e1m. Lze se dom\u00fd\u0161let, \u017ee v\u00a0Moskv\u011b,\u00a0Pekingu, v\u00a0Teher\u00e1nu \u010di v\u00a0pal\u00e1c\u00edch saudskoarabsk\u00fdch princ\u016f si o t\u00e9to instituci mysl\u00ed sv\u00e9.<\/p>\n<p>Hroz\u00edc\u00ed kolaps v\u00a0bankovn\u00edm sektoru za\u010d\u00ednaj\u00edc\u00ed p\u00e1dem americk\u00fdch bank je t\u00e9matem minul\u00e9ho t\u00fddne. Jedno je na tom pozitivn\u00ed. Dozv\u00edd\u00e1me se, \u017ee klienti bankovn\u00edch dom\u016f maj\u00ed plno povinnost\u00ed a minimum pr\u00e1v. V\u00a0podstat\u011b jde o obchodn\u00ed vztah mezi fyzickou \u010di pr\u00e1vnickou osobou a soukrom\u00fdm podnikatelsk\u00fdm subjektem ur\u010duj\u00edc\u00edm si podm\u00ednky tak, aby toho moc zaru\u010dit nemusel a z\u00e1rove\u0148 dob\u0159e vyd\u011bl\u00e1val. P\u0159\u00edli\u0161 povinnost\u00ed ke klient\u016fm nem\u00e1 ani st\u00e1t, ani ten za nic moc neru\u010d\u00ed. Ot\u00e1zkou tedy je, jak je mo\u017en\u00e9, \u017ee po n\u00e1s st\u00e1t a jeho \u00fa\u0159ady mohou po\u017eadovat v\u00a0podnikatelsk\u00e9 sf\u00e9\u0159e povinn\u00e9 veden\u00ed \u00fa\u010dt\u016f, co\u017e kontroluje Finan\u010dn\u00ed spr\u00e1va. Nut\u00ed n\u00e1s fungovat v\u00a0podru\u010d\u00ed bank, ani\u017e by klienty proti okraden\u00ed jakkoliv dok\u00e1zal ochr\u00e1nit. Denn\u011b miz\u00ed ve spleti bank, \u00fa\u010dt\u016f a pohyb\u016f na nich miliardy. A kdy\u017e za\u010dnou banky krachovat, je to dal\u0161\u00ed x n\u00e1sobek toho, co b\u011b\u017en\u011b. Demolice vklad\u016f st\u0159adatel\u016f je pot\u00e9 brut\u00e1ln\u00ed. P\u0159esto to nesta\u010d\u00ed a majitel\u00e9 bank st\u00e1le p\u0159em\u00fd\u0161lej\u00ed nad t\u00edm, jak lidi o\u017eebra\u010dovat v\u00edce a pravideln\u011bji. P\u0159itom je tla\u010deno na \u00fapln\u00fd p\u0159echod do otroctv\u00ed likvidac\u00ed hotovosti a prosazen\u00edm virtu\u00e1ln\u00ed m\u011bny p\u0159edur\u010den\u00e9 k\u00a0tot\u00e1ln\u00ed kontrole lid\u00ed. Jako by nesta\u010dilo, \u017ee sou\u010dasn\u00e9 pen\u00edze u\u017e d\u00e1vno nejsou ni\u010d\u00edm kryt\u00e9 a jde o lep\u0161\u00ed kus natisknut\u00e9ho pap\u00edru. Pokud je zn\u00e1mo, na zlat\u00fd standard p\u0159ech\u00e1zej\u00edc\u00ed rubl je sp\u00ed\u0161e v\u00fdjimkou.<\/p>\n<p>Padaj\u00edc\u00ed bankovn\u00ed domino na chvilku upozadilo i Ukrajinu. V\u00e1lka je tam d\u00edky dod\u00e1vk\u00e1m zbran\u00ed Zelensk\u00e9mu v\u00a0pln\u00e9m proudu, um\u00edraj\u00ed lid\u00e9. Je to zbyte\u010dn\u00e9. Rusov\u00e9 se Krymu, Donbasu a dal\u0161\u00edch ji\u017e dobyt\u00fdch \u00fazem\u00ed nevzdaj\u00ed. O celou Ukrajinu tak\u00e9 \u00fapln\u011b nestoj\u00ed, jen nedovol\u00ed roz\u0161\u00ed\u0159en\u00ed NATO. Zat\u00edm k\u00a0Ukrajin\u011b p\u0159istupuj\u00ed v\u00a0rukavi\u010dk\u00e1ch. Vzhledem k\u00a0arzen\u00e1lu, kter\u00fd Moskva ovl\u00e1d\u00e1, je dosavadn\u00ed konven\u010dn\u00ed v\u00e1lka takovou men\u0161\u00ed p\u0159etahovanou. Ukrajinci jsou na hran\u011b, Rusov\u00e9 tr\u00e9nuj\u00ed. Z\u00e1pad ekonomicky krv\u00e1c\u00ed. St\u0159edn\u00ed Evropa nejv\u00edce. Jak dlouho to vydr\u017e\u00ed, to nev\u00edme, jist\u00e9 v\u0161ak je, \u017ee d\u00edra v\u00a0na\u0161\u00ed pokladn\u011b je obrovsk\u00e1 a zalepit ji nikdo neum\u00ed. P\u0159esto Ministerstvo obrany pl\u00e1nuje mohutn\u00e9 n\u00e1kupy vojensk\u00e9 techniky a munice. To je p\u0159eci \u0161\u00edlen\u00e9. V\u00a0re\u00e1lu bychom se dok\u00e1zali ubr\u00e1nit maxim\u00e1ln\u011b Ma\u010farsku, Rakousku a Lichten\u0161tejnsku, takov\u00ed Pol\u00e1ci by n\u00e1s p\u0159ejeli jako parn\u00edk. P\u0159esto m\u00e1me vyd\u00e1vat p\u0159es 120 mld za munici a zbran\u011b ro\u010dn\u011b a jedin\u00e1 arm\u00e1da nebude kr\u00e1cena na rozpo\u010dtu. V\u0161echny ostatn\u00ed resorty jsou hoblov\u00e1ny ze v\u0161ech stran. A nejv\u00edce soci\u00e1ln\u00ed sf\u00e9ra.<\/p>\n<p>V\u00a0dob\u011b, kdy \u010d\u00e1st n\u00e1roda nem\u00e1 co j\u00edst a ceny v\u0161eho v\u010detn\u011b energi\u00ed a bydlen\u00ed ji drt\u00ed, kdy politici projevuj\u00ed ne\u00factu k\u00a0senior\u016fm i voli\u010d\u016fm, si \u010cernochov\u00e1 s\u00a0\u0158ehkou budou kupovat nov\u00e9 hra\u010dky a dopl\u0148ovat sklady vypr\u00e1zdn\u011bn\u00e9 dod\u00e1vkami na Ukrajinu. K\u00a0tomu p\u0159idejme mainstream st\u00e1le om\u00edlaj\u00edc\u00ed nen\u00e1vistnou p\u00edsni\u010dku o zl\u00fdch Rusech a skupin\u011b dezol\u00e1t\u016f. Ti p\u0159i\u0161li ke sv\u00e9mu n\u00e1zvu t\u00edm, \u017ee se vzp\u00edraj\u00ed vl\u00e1dn\u00ed diktatu\u0159e a jsou schopni naz\u00fdvat v\u011bci prav\u00fdmi jm\u00e9ny. Nejd\u0159\u00edve to byly vakc\u00edny (mimochodem do USA st\u00e1le bez o\u010dkov\u00e1n\u00ed let\u011bt nem\u016f\u017eete, p\u0159esto\u017ee po\u010dty n\u00e1hle zesnul\u00fdch raketov\u011b let\u00ed nahoru a jsou d\u016fsledkem vakcinace), pot\u00e9 si dovolili upozornit na ukrajinizaci likviduj\u00edc\u00ed \u010deskou spole\u010dnost, na nacismus na Ukrajin\u011b buj\u00edc\u00ed a tady p\u0159ikr\u00fdvan\u00fd, d\u00e1le dezol\u00e1ti reaguj\u00ed na ekonomickou politiku P\u011btikoalice dopadaj\u00edc\u00ed na \u010cR, p\u0159ed\u00e1vaj\u00ed \u00a0informace o d\u016fsledc\u00edch likvidace zem\u011bd\u011blstv\u00ed a problematice stravitelnost hmyzu, jsou v\u00a0boji pr\u00e1v\u011b s\u00a0prolhan\u00fdm s\u00a0mainstreamem. Pat\u0159it k\u00a0nespokojen\u00fdm je v\u0161ak d\u00edky amat\u00e9rsk\u00e9 vl\u00e1d\u011b Petra Fialy a existenci P\u011btikoalice vcelku logick\u00e9 a opodstatn\u011bn\u00e9. Bohu\u017eel spoluob\u010dan\u016f Evropsk\u00e9 unii, vl\u00e1d\u011b a m\u00e9di\u00edm d\u016fv\u011b\u0159uj\u00edc\u00edch je st\u00e1le p\u0159\u00edli\u0161 mnoho. Pro\u010d, to je t\u011b\u017eko pochopiteln\u00e9.<\/p>\n<p>Nakonec je\u0161t\u011b mali\u010dkost. Na soci\u00e1ln\u00edch s\u00edt\u00edch \u010d\u00e1ste\u010dn\u011b popul\u00e1rn\u00ed bloger Mat\u011bj Bul\u00ed\u0159, dosud p\u0159\u00edznivec Ukrajiny, odjel p\u0159ed ned\u00e1vnem dobrovoln\u011b na frontu. Tam nejd\u0159\u00edve \u010d\u00e1ste\u010dn\u011b procitnul, nato\u010dil p\u00e1r kritick\u00fdch vide\u00ed z\u00a0m\u00edsta \u010dinu, aby za to nakonec dostal od \u010desk\u00fdch spolubojovn\u00edk\u016f i d\u00edky nen\u00e1vistn\u00e9 kampani veden\u00e9 europoslancem Zdechovsk\u00fdm na budku. \u00a0Dva dny nikdo nev\u011bd\u011bl, co s\u00a0n\u00edm je, pot\u00e9 pros\u00e1kly informace, \u017ee se vrac\u00ed. A p\u0159in\u00e1\u0161\u00ed realitu podlo\u017eenou zku\u0161enostmi z\u00a0prvn\u00ed linie. Zdechovsk\u00fd se nen\u00e1vistn\u00fdmi projevy kvalitativn\u011b p\u0159ibl\u00ed\u017eil \u0159eporyjsk\u00e9mu dobytku z ODS Novotn\u00e9mu. A Bul\u00ed\u0159 mo\u017en\u00e1 bude nad\u00e1le proukrajinsky sm\u00fd\u0161lej\u00edc\u00ed, ov\u0161em zbaven iluz\u00ed a schopn\u00fd a ochotn\u00fd realisticky vypov\u00eddat o skute\u010dn\u00e9 situaci na boji\u0161ti i ne zbytku Ukrajiny. V\u010detn\u011b toho, jak si Mikul\u00e1\u0161 Min\u00e1\u0159 z\u00a0Milionu chvilek pro demokracii sna\u017e\u00ed op\u011bt ud\u011blat lep\u0161\u00ed jm\u00e9no \u00fa\u010dast\u00ed na transportu obrn\u011bn\u00fdch sanitek z\u00a0\u010cR na frontu. M\u016f\u017eete s\u00a0Bul\u00ed\u0159em nesouhlasit, ale za naivitu zaplatil a m\u011bl odvahu se p\u0159esv\u011bd\u010dit na vlastn\u00ed o\u010di. A p\u0159inesl d\u016fkazy o tom, \u017ee \u010ce\u0161i na stran\u011b Ukrajinc\u016f bojuj\u00ed. Pr\u00e1v\u011b jimi byl i na popud Zdechovsk\u00e9ho zbit.<\/p>\n<p>Nen\u00ed toho na n\u00e1s tak trochu moc najednou? \u017dijeme ve \u0161patn\u00e9 dob\u011b, kterou n\u00e1m mocn\u00fdmi zkorumpovan\u00ed politici za podpory m\u00e9di\u00ed p\u0159ipravili.<\/p>\n<p><a href=\"https:\/\/www.inadhled.live\/uvaha-dne\/neni-toho-na-jednoho-trochu-moc-\/\">Jind\u0159ich Kulhav\u00fd<\/a><\/p>\n<p><img decoding=\"async\" loading=\"lazy\" class=\"alignnone size-medium wp-image-22653\" src=\"http:\/\/www.infokuryr.cz\/n\/wp-content\/uploads\/2023\/02\/jindra-kulhavy-221x300.jpg\" alt=\"\" width=\"221\" height=\"300\" srcset=\"https:\/\/www.infokuryr.cz\/n\/wp-content\/uploads\/2023\/02\/jindra-kulhavy-221x300.jpg 221w, https:\/\/www.infokuryr.cz\/n\/wp-content\/uploads\/2023\/02\/jindra-kulhavy.jpg 311w\" sizes=\"(max-width: 221px) 100vw, 221px\" \/><\/p>\n<p>_____________________<\/p>\n<\/div>\n<p>&nbsp;<\/p>\n<p><img decoding=\"async\" loading=\"lazy\" class=\"wp-image-19187 aligncenter\" src=\"http:\/\/www.infokuryr.cz\/n\/wp-content\/uploads\/2022\/12\/1-PRO-300x36.jpg\" alt=\"\" width=\"1117\" height=\"134\" srcset=\"https:\/\/www.infokuryr.cz\/n\/wp-content\/uploads\/2022\/12\/1-PRO-300x36.jpg 300w, https:\/\/www.infokuryr.cz\/n\/wp-content\/uploads\/2022\/12\/1-PRO.jpg 699w\" sizes=\"(max-width: 1117px) 100vw, 1117px\" \/><\/p>\n<p>&nbsp;<\/p>\n<p>&nbsp;<\/p>\n<p><img decoding=\"async\" loading=\"lazy\" class=\"wp-image-24737 aligncenter\" src=\"http:\/\/www.infokuryr.cz\/n\/wp-content\/uploads\/2023\/03\/cesko_proti_bide2-239x300.png\" alt=\"\" width=\"709\" height=\"890\" srcset=\"https:\/\/www.infokuryr.cz\/n\/wp-content\/uploads\/2023\/03\/cesko_proti_bide2-239x300.png 239w, https:\/\/www.infokuryr.cz\/n\/wp-content\/uploads\/2023\/03\/cesko_proti_bide2-816x1024.png 816w, https:\/\/www.infokuryr.cz\/n\/wp-content\/uploads\/2023\/03\/cesko_proti_bide2-768x964.png 768w, https:\/\/www.infokuryr.cz\/n\/wp-content\/uploads\/2023\/03\/cesko_proti_bide2.png 846w\" sizes=\"(max-width: 709px) 100vw, 709px\" \/><\/p>\n<p>&nbsp;<\/p>\n<p>&nbsp;<\/p>\n","protected":false},"excerpt":{"rendered":"<p>Informace n\u00e1s drt\u00ed ze v\u0161ech stran a rozhodn\u011b nejsou optimistick\u00e9. V\u00a0Haagu vydali mezin\u00e1rodn\u00ed zatyka\u010d na&#8230;<\/p>\n","protected":false},"author":2,"featured_media":24829,"comment_status":"closed","ping_status":"closed","sticky":false,"template":"","format":"standard","meta":[],"categories":[6],"tags":[29,239,122,324,276,3163],"_links":{"self":[{"href":"https:\/\/www.infokuryr.cz\/n\/wp-json\/wp\/v2\/posts\/24828"}],"collection":[{"href":"https:\/\/www.infokuryr.cz\/n\/wp-json\/wp\/v2\/posts"}],"about":[{"href":"https:\/\/www.infokuryr.cz\/n\/wp-json\/wp\/v2\/types\/post"}],"author":[{"embeddable":true,"href":"https:\/\/www.infokuryr.cz\/n\/wp-json\/wp\/v2\/users\/2"}],"replies":[{"embeddable":true,"href":"https:\/\/www.infokuryr.cz\/n\/wp-json\/wp\/v2\/comments?post=24828"}],"version-history":[{"count":0,"href":"https:\/\/www.infokuryr.cz\/n\/wp-json\/wp\/v2\/posts\/24828\/revisions"}],"wp:featuredmedia":[{"embeddable":true,"href":"https:\/\/www.infokuryr.cz\/n\/wp-json\/wp\/v2\/media\/24829"}],"wp:attachment":[{"href":"https:\/\/www.infokuryr.cz\/n\/wp-json\/wp\/v2\/media?parent=24828"}],"wp:term":[{"taxonomy":"category","embeddable":true,"href":"https:\/\/www.infokuryr.cz\/n\/wp-json\/wp\/v2\/categories?post=24828"},{"taxonomy":"post_tag","embeddable":true,"href":"https:\/\/www.infokuryr.cz\/n\/wp-json\/wp\/v2\/tags?post=24828"}],"curies":[{"name":"wp","href":"https:\/\/api.w.org\/{rel}","templated":true}]}}