{"id":24795,"date":"2023-03-20T05:56:38","date_gmt":"2023-03-20T04:56:38","guid":{"rendered":"http:\/\/www.infokuryr.cz\/n\/?p=24795"},"modified":"2023-03-20T05:57:21","modified_gmt":"2023-03-20T04:57:21","slug":"poselstvi-generala-blanchona-vzdavajici-hold-neockovanym","status":"publish","type":"post","link":"https:\/\/www.infokuryr.cz\/n\/2023\/03\/20\/poselstvi-generala-blanchona-vzdavajici-hold-neockovanym\/","title":{"rendered":"Poselstv\u00ed gener\u00e1la Blanchona vzd\u00e1vaj\u00edc\u00ed hold neo\u010dkovan\u00fdm"},"content":{"rendered":"<div id=\"fb-root\"><\/div>\n<p><strong>Jsou tam, po tv\u00e9m boku, zdaj\u00ed se b\u00fdt norm\u00e1ln\u00ed, ale jsou to superhrdinov\u00e9.<\/strong><\/p>\n<p>I kdybych byl pln\u011b o\u010dkov\u00e1n, obdivoval bych neo\u010dkovan\u00e9 za to, \u017ee odol\u00e1vaj\u00ed nejv\u011bt\u0161\u00edmu tlaku, jak\u00fd jsem kdy za\u017eil, a to i ze strany man\u017eel\u016f, rodi\u010d\u016f, d\u011bt\u00ed, p\u0159\u00e1tel, koleg\u016f a l\u00e9ka\u0159\u016f.<\/p>\n<p>Lid\u00e9, kte\u0159\u00ed byli schopni takov\u00e9ho charakteru, odvahy a kritick\u00e9ho my\u0161len\u00ed, jsou bezpochyby ti nejlep\u0161\u00ed z lidstva. *<\/p>\n<p>Najdeme je v\u0161ude, ve v\u0161ech v\u011bkov\u00fdch kategori\u00edch, na v\u0161ech \u00farovn\u00edch vzd\u011bl\u00e1n\u00ed, ve v\u0161ech zem\u00edch a s r\u016fzn\u00fdmi n\u00e1zory.<\/p>\n<p>Jsou zvl\u00e1\u0161tn\u00edho druhu, jsou to voj\u00e1ci, kter\u00e9 si p\u0159eje m\u00edt ve sv\u00fdch \u0159ad\u00e1ch ka\u017ed\u00e1 arm\u00e1da sv\u011btla.<\/p>\n<p>Jsou to rodi\u010de, kter\u00e9 si p\u0159eje m\u00edt ka\u017ed\u00e9 d\u00edt\u011b, a d\u011bti, o kter\u00fdch sn\u00ed ka\u017ed\u00fd rodi\u010d.<\/p>\n<p>Jsou to bytosti vy\u010dn\u00edvaj\u00edc\u00ed nad pr\u016fm\u011br sv\u00fdch spole\u010dnost\u00ed, jsou podstatou lid\u00ed, kte\u0159\u00ed vybudovali v\u0161echny kultury a dobyli v\u0161echny obzory.<\/p>\n<p>Jsou tu s v\u00e1mi, vypadaj\u00ed norm\u00e1ln\u011b, ale jsou to superhrdinov\u00e9.<\/p>\n<p>Dok\u00e1zali to, co jin\u00ed nedok\u00e1zali, byli stromem, kter\u00fd odolal urag\u00e1nu ur\u00e1\u017eek, diskriminace a soci\u00e1ln\u00edho vylou\u010den\u00ed.<\/p>\n<p>A dok\u00e1zali to, p\u0159esto\u017ee si mysleli, \u017ee jsou sami, a v\u011b\u0159ili, \u017ee jsou sami.<\/p>\n<p>Vylou\u010deni od v\u00e1no\u010dn\u00edch stol\u016f sv\u00fdch rodin nikdy neza\u017eili nic tak krut\u00e9ho. P\u0159i\u0161li o pr\u00e1ci, nechali svou kari\u00e9ru j\u00edt ke dnu, nem\u011bli pen\u00edze&#8230; ale bylo jim to jedno. Trp\u011bli nezm\u011brnou diskriminac\u00ed, ud\u00e1v\u00e1n\u00edm, zradou a poni\u017eov\u00e1n\u00edm&#8230; ale \u0161li d\u00e1l.<\/p>\n<p>Nikdy p\u0159edt\u00edm v lidstvu neexistovalo takov\u00e9 \u201eobsazen\u00ed\u201c, nyn\u00ed v\u00edme, kdo jsou odboj\u00e1\u0159i na planet\u011b Zemi.<\/p>\n<p>\u017deny, mu\u017ei, sta\u0159\u00ed, mlad\u00ed, bohat\u00ed, chud\u00ed, v\u0161ech ras a n\u00e1bo\u017eenstv\u00ed, neo\u010dkovan\u00ed, vyvolen\u00ed z neviditeln\u00e9 archy, jedin\u00ed, kte\u0159\u00ed dok\u00e1zali vzdorovat, kdy\u017e se v\u0161echno hroutilo.<\/p>\n<p>Jste ti, kte\u0159\u00ed pro\u0161li nep\u0159edstavitelnou zkou\u0161kou, kterou nedok\u00e1zali p\u0159ekonat mnoz\u00ed z nejtvrd\u0161\u00edch mari\u0148\u00e1k\u016f, komand, zelen\u00fdch baret\u016f, astronaut\u016f a g\u00e9ni\u016f.<\/p>\n<p>Jste stvo\u0159eni z materi\u00e1lu t\u011bch nejv\u011bt\u0161\u00edch, kte\u0159\u00ed kdy \u017eili, z t\u011bch hrdin\u016f, kte\u0159\u00ed se zrodili mezi oby\u010dejn\u00fdmi lidmi a z\u00e1\u0159\u00ed v temnot\u00e1ch.\u201c<\/p>\n<p>Christian Blanchon, gener\u00e1l francouzsk\u00e9 arm\u00e1dy<\/p>\n<div class=\"podcarou\">\n<p><a href=\"https:\/\/www.profession-gendarme.com\/le-message-du-general-christian-blanchon-rendant-hommage-aux-non-vaccines\/\" target=\"_blank\" rel=\"external noopener\">Le message du G\u00e9n\u00e9ral Christian Blanchon rendant hommage aux non-vaccin\u00e9s<\/a>\u00a0vy\u0161el 23.9.2022 na profession-gendarme.com a\u00a0<a href=\"https:\/\/presskit.it\/2022\/09\/14\/il-generale-francese-christian-blanchon-rende-omaggio-ai-non-vaccinati\/\" target=\"_blank\" rel=\"external noopener\">v ital\u0161tin\u011b<\/a>\u00a0na presskit.it.<\/p>\n<p><a href=\"https:\/\/zvedavec.news\/naokraj\/2023\/03\/9593-poselstvi-generala-blanchona-vzdavajici-hold-neockovanym.htm\">Zvedavec.org<\/a><\/p>\n<\/div>\n<p>&nbsp;<\/p>\n<p>&nbsp;<\/p>\n<p><img decoding=\"async\" loading=\"lazy\" class=\"wp-image-19187 aligncenter\" src=\"http:\/\/www.infokuryr.cz\/n\/wp-content\/uploads\/2022\/12\/1-PRO-300x36.jpg\" alt=\"\" width=\"1100\" height=\"132\" srcset=\"https:\/\/www.infokuryr.cz\/n\/wp-content\/uploads\/2022\/12\/1-PRO-300x36.jpg 300w, https:\/\/www.infokuryr.cz\/n\/wp-content\/uploads\/2022\/12\/1-PRO.jpg 699w\" sizes=\"(max-width: 1100px) 100vw, 1100px\" \/><\/p>\n<p>&nbsp;<\/p>\n<p>&nbsp;<\/p>\n<p><img decoding=\"async\" loading=\"lazy\" class=\"wp-image-24432 aligncenter\" src=\"http:\/\/www.infokuryr.cz\/n\/wp-content\/uploads\/2023\/03\/pozvanka-teplice-pro-1-300x156.jpg\" alt=\"\" width=\"1025\" height=\"533\" srcset=\"https:\/\/www.infokuryr.cz\/n\/wp-content\/uploads\/2023\/03\/pozvanka-teplice-pro-1-300x156.jpg 300w, https:\/\/www.infokuryr.cz\/n\/wp-content\/uploads\/2023\/03\/pozvanka-teplice-pro-1-1024x531.jpg 1024w, https:\/\/www.infokuryr.cz\/n\/wp-content\/uploads\/2023\/03\/pozvanka-teplice-pro-1-768x398.jpg 768w, https:\/\/www.infokuryr.cz\/n\/wp-content\/uploads\/2023\/03\/pozvanka-teplice-pro-1.jpg 1272w\" sizes=\"(max-width: 1025px) 100vw, 1025px\" \/><\/p>\n<p>&nbsp;<\/p>\n<p>&nbsp;<\/p>\n<p>&nbsp;<\/p>\n","protected":false},"excerpt":{"rendered":"<p>Jsou tam, po tv\u00e9m boku, zdaj\u00ed se b\u00fdt norm\u00e1ln\u00ed, ale jsou to superhrdinov\u00e9. I kdybych&#8230;<\/p>\n","protected":false},"author":2,"featured_media":24796,"comment_status":"closed","ping_status":"closed","sticky":false,"template":"","format":"standard","meta":[],"categories":[7],"tags":[1110,239,1043,3699],"_links":{"self":[{"href":"https:\/\/www.infokuryr.cz\/n\/wp-json\/wp\/v2\/posts\/24795"}],"collection":[{"href":"https:\/\/www.infokuryr.cz\/n\/wp-json\/wp\/v2\/posts"}],"about":[{"href":"https:\/\/www.infokuryr.cz\/n\/wp-json\/wp\/v2\/types\/post"}],"author":[{"embeddable":true,"href":"https:\/\/www.infokuryr.cz\/n\/wp-json\/wp\/v2\/users\/2"}],"replies":[{"embeddable":true,"href":"https:\/\/www.infokuryr.cz\/n\/wp-json\/wp\/v2\/comments?post=24795"}],"version-history":[{"count":0,"href":"https:\/\/www.infokuryr.cz\/n\/wp-json\/wp\/v2\/posts\/24795\/revisions"}],"wp:featuredmedia":[{"embeddable":true,"href":"https:\/\/www.infokuryr.cz\/n\/wp-json\/wp\/v2\/media\/24796"}],"wp:attachment":[{"href":"https:\/\/www.infokuryr.cz\/n\/wp-json\/wp\/v2\/media?parent=24795"}],"wp:term":[{"taxonomy":"category","embeddable":true,"href":"https:\/\/www.infokuryr.cz\/n\/wp-json\/wp\/v2\/categories?post=24795"},{"taxonomy":"post_tag","embeddable":true,"href":"https:\/\/www.infokuryr.cz\/n\/wp-json\/wp\/v2\/tags?post=24795"}],"curies":[{"name":"wp","href":"https:\/\/api.w.org\/{rel}","templated":true}]}}