{"id":24791,"date":"2023-03-20T05:36:07","date_gmt":"2023-03-20T04:36:07","guid":{"rendered":"http:\/\/www.infokuryr.cz\/n\/?p=24791"},"modified":"2023-03-20T05:36:07","modified_gmt":"2023-03-20T04:36:07","slug":"nicolas-sarkozy-varoval-parlamentni-vysetrovaci-komisi-ze-evropa-je-nejbrutalnejsim-kontinentem","status":"publish","type":"post","link":"https:\/\/www.infokuryr.cz\/n\/2023\/03\/20\/nicolas-sarkozy-varoval-parlamentni-vysetrovaci-komisi-ze-evropa-je-nejbrutalnejsim-kontinentem\/","title":{"rendered":"Nicolas Sarkozy varoval parlamentn\u00ed vy\u0161et\u0159ovac\u00ed komisi, \u017ee Evropa je nejbrut\u00e1ln\u011bj\u0161\u00edm kontinentem"},"content":{"rendered":"<div id=\"fb-root\"><\/div>\n<h4>Nicolas Sarkozy varoval parlamentn\u00ed vy\u0161et\u0159ovac\u00ed komisi, \u017ee Evropa je nejbrut\u00e1ln\u011bj\u0161\u00edm kontinentem, ze kter\u00e9ho vy\u0161ly nejv\u011bt\u0161\u00ed sv\u011btov\u00e9 v\u00e1lky a v\u0161ichni v Evrop\u011b to maj\u00ed v sob\u011b! Zapomn\u011bli jste na Bosnu, kdy\u017e tvrd\u00edte, \u017ee Evropa takovou v\u00e1lku jako na Ukrajin\u011b zat\u00edm neza\u017eila! My\u0161lenkou vzniku EU bylo zabr\u00e1nit v\u00e1lk\u00e1m, ale te\u010f je to EU, kter\u00e1 bubnuje do v\u00e1lky! Inflace v Evrop\u011b se ned\u00e1 zresetovat o\u0161kub\u00e1n\u00edm d\u016fchodc\u016f, ale pouze zni\u010duj\u00edc\u00ed v\u00e1lkou!<\/h4>\n<p>B\u00fdval\u00fd francouzsk\u00fd prezident Nicolas Sarkozy sv\u011bd\u010dil\u00a0<strong>[<a href=\"https:\/\/href.li\/?https:\/\/www.aa.com.tr\/fr\/politique\/sarkozy-l-europe-de-tous-les-continents-du-monde-est-le-continent-le-plus-brutal-\/2849295\" target=\"_blank\" rel=\"nofollow noopener\">1<\/a>]<\/strong>\u00a0ve \u010dtvrtek 16. b\u0159ezna p\u0159ed parlamentn\u00ed vy\u0161et\u0159ovac\u00ed komis\u00ed francouzsk\u00e9ho parlamentu a jeho N\u00e1rodn\u00edho shrom\u00e1\u017ed\u011bn\u00ed,\u00a0 kde se vy\u0161et\u0159uj\u00ed p\u0159\u00ed\u010diny ztr\u00e1ty francouzsk\u00e9 suverenity a energetick\u00e9 nez\u00e1vislosti.\u00a0<strong>Francie toti\u017e dlouh\u00e1 l\u00e9ta odeb\u00edrala lacinou energii z N\u011bmecka a postupn\u011b odstavovala sv\u00e9 jadern\u00e9 elektr\u00e1rny, p\u0159i\u010dem\u017e velk\u00e1 \u010d\u00e1st t\u00e9 elekt\u0159iny z N\u011bmecka vlastn\u011b z N\u011bmecka ani nebyla, proto\u017ee velk\u00e1 \u010d\u00e1st j\u00ed poch\u00e1zela ze zem\u00ed V\u00fdchodn\u00ed Evropy, p\u0159edev\u0161\u00edm z \u010cesk\u00e9 republiky<\/strong>, kter\u00e1 je nejv\u011bt\u0161\u00edm export\u00e9rem elekt\u0159iny v Evropsk\u00e9 unii v p\u0159epo\u010dtu na hlavu obyvatelstva, ale p\u0159itom pr\u00e1v\u011b v \u010cR maj\u00ed ob\u010dan\u00e9 nejvy\u0161\u0161\u00ed ceny elekt\u0159iny v EU.<\/p>\n<p>&nbsp;<\/p>\n<div id=\"rumble_v2ba8u6\">\n<div id=\"vid_v2ba8u6\" class=\"rumble_v2ba8u6-Rumble-cls\" tabindex=\"-1\">\n<div class=\"bigPlayUI ctp\">\n<div class=\"bigPlayUIInner ctp\"><div class='videoWrapper'>\r\n\t            <iframe src='https:\/\/rumble.com\/embed\/pj.v2ba8u6\/' frameborder='0' allowfullscreen><\/iframe>\r\n\t        <\/div><\/div>\n<\/div>\n<\/div>\n<\/div>\n<p>&nbsp;<\/p>\n<p>Spolu s t\u00edm, jak za\u010daly r\u016fst ceny energi\u00ed v EU pot\u00e9, co Ameri\u010dan\u00e9 vyhodili do pov\u011bt\u0159\u00ed oba plynovody Nord Stream, z jejich\u017e plynov\u00fdch dod\u00e1vek N\u011bmecko vyr\u00e1b\u011blo levnou elekt\u0159inu, tak ve Francii za\u010daly kolabovat podniky, ale i dom\u00e1cnosti, kter\u00e9 si nemohou dovolit u\u017e platit tak vysok\u00e9 \u00fa\u010dty za elekt\u0159inu. A francouzsk\u00fd parlament k tomu svolal vy\u0161et\u0159ovac\u00ed komisi, kdo je vlastn\u011b zodpov\u011bdn\u00fd za to, \u017ee do\u0161lo k uzav\u00edr\u00e1n\u00ed francouzsk\u00fdch elektr\u00e1ren. P\u0159ed komis\u00ed se neust\u00e1le operovalo s jedin\u00fdm d\u016fvodem pro tuto krizi, a to je v\u00e1lka na Ukrajin\u011b. De facto za to, \u017ee se Evropsk\u00e1 unie dobrovoln\u011b odst\u0159ihla od rusk\u00fdch energi\u00ed a paliv s od\u016fvodn\u011bn\u00edm, \u017ee nakupovat ropu a plyn od Ruska by znamenalo financovat Kremlu v\u00e1lku na Ukrajin\u011b, pr\u00fd m\u016f\u017ee pr\u00e1v\u011b Rusko.<\/p>\n<h6><span style=\"font-size: 18pt;\">Evropsk\u00e1 unie m\u011bla zajistit, \u017ee u\u017e nikdy v Evrop\u011b nevypukne v\u00e1lka. Brusel ale m\u00edsto toho vyzbrojuje Ukrajinu a bubnuje do v\u00e1lky<\/span><\/h6>\n<p>P\u0159ed komis\u00ed zazn\u011blo, \u017ee Evropa takovou v\u00e1lku, jak\u00e1 je na Ukrajin\u011b, je\u0161t\u011b nikdy v posledn\u00ed dob\u011b neza\u017eila, ale to nen\u00ed pravda. Sarkozy se toti\u017e rozpov\u00eddal o tom, co bylo hlavn\u00ed my\u0161lenkou ES, pozd\u011bji EHS a dnes Evropsk\u00e9 unie. P\u016fvodn\u00edm c\u00edlem Evropsk\u00e9 unie bylo zabr\u00e1nit v\u00e1lk\u00e1m, aby se u\u017e nikdy v Evrop\u011b \u017e\u00e1dn\u00e1 v\u00e1lka neodehr\u00e1la, proto\u017ee Evropa je nejbrut\u00e1ln\u011bj\u0161\u00ed kontinent na sv\u011bt\u011b, ze kter\u00e9ho vze\u0161ly ob\u011b sv\u011btov\u00e9 v\u00e1lky a v historii byla pr\u00e1v\u011b Evropa kol\u00e9bkou nejstra\u0161n\u011bj\u0161\u00edch v\u00e1lek v d\u011bjin\u00e1ch. Nikoliv Afrika, nikoliv Asie, ale Evropa je nejbrut\u00e1ln\u011bj\u0161\u00edm kontinentem. A pr\u00e1v\u011b Evropsk\u00e1 unie a projekt Evropsk\u00e9ho spole\u010denstv\u00ed m\u011bl zabr\u00e1nit dal\u0161\u00ed velk\u00e9 v\u00e1lce v Evrop\u011b.<\/p>\n<figure id=\"attachment_55081\" class=\"wp-caption aligncenter\" style=\"width: 689px;\"><a href=\"https:\/\/aeronet.news\/wp-content\/uploads\/SarkozyBarbarEUSpeech.jpg\"><img decoding=\"async\" loading=\"lazy\" class=\"wp-image-55081 \" src=\"https:\/\/aeronet.news\/wp-content\/uploads\/SarkozyBarbarEUSpeech-1024x576.jpg\" sizes=\"(max-width: 700px) 100vw, 700px\" srcset=\"https:\/\/aeronet.news\/wp-content\/uploads\/SarkozyBarbarEUSpeech-1024x576.jpg 1024w, https:\/\/aeronet.news\/wp-content\/uploads\/SarkozyBarbarEUSpeech-300x169.jpg 300w, https:\/\/aeronet.news\/wp-content\/uploads\/SarkozyBarbarEUSpeech-768x432.jpg 768w, https:\/\/aeronet.news\/wp-content\/uploads\/SarkozyBarbarEUSpeech-700x394.jpg 700w, https:\/\/aeronet.news\/wp-content\/uploads\/SarkozyBarbarEUSpeech-635x357.jpg 635w, https:\/\/aeronet.news\/wp-content\/uploads\/SarkozyBarbarEUSpeech-859x483.jpg 859w, https:\/\/aeronet.news\/wp-content\/uploads\/SarkozyBarbarEUSpeech.jpg 1280w\" alt=\"\" width=\"689\" height=\"388\" \/><\/a><figcaption class=\"wp-caption-text\">Nicolas Sarkozy p\u0159ed parlamentn\u00ed komis\u00ed<\/figcaption><\/figure>\n<p>Jen\u017ee, to, co vid\u00edme pr\u00e1v\u011b te\u010f, to nen\u00ed Evropsk\u00e1 unie, kterou jsme znali, prohl\u00e1sil Nicolas Sarkozy. Evropsk\u00e1 unie b\u00fdvala zalo\u017eena na m\u00edru a na absolutn\u00edm odporu proti jak\u00fdmkoliv v\u00e1lk\u00e1m. Jen\u017ee dnes se n\u011bco zm\u011bnilo a Evropskou unii nepozn\u00e1v\u00e1me. Evropsk\u00e1 unie nam\u00edsto m\u00edru a diplomacie bubnuje do v\u00e1lky na Ukrajin\u011b a schvaluje dal\u0161\u00ed a dal\u0161\u00ed dod\u00e1vky zbran\u00ed. Podle Nicolase Sarkozyho je to konec p\u016fvodn\u00ed my\u0161lenky Evropsk\u00e9 unie, kter\u00e1 m\u011bla zaru\u010dit m\u00edr v Evrop\u011b.<\/p>\n<p><strong>Podle Sarkozyho, pokud nedojde k zastaven\u00ed vyzbrojov\u00e1n\u00ed Ukrajiny, se cel\u00e1 Evropa propadne do barbarstv\u00ed a celoevropsk\u00e9ho konfliktu.<\/strong>\u00a0Sarkozy zkr\u00e1tka jen jin\u00fdmi slovy popsal proces fa\u0161izace a nacifikace Evropy, kter\u00e9 pramen\u00ed z revan\u0161ismu a revizionismu po II. sv. v\u00e1lce, proto\u017ee v\u00edt\u011bzstv\u00ed Sov\u011btsk\u00e9ho svazu nad nacistick\u00fdm a rasov\u011b \u201cnad\u0159azen\u00fdm\u201d N\u011bmeckem nebylo ani 78 let po v\u00e1lce str\u00e1veno ze strany \u010dern\u00e9 \u0161lechty, tedy Lond\u00fdnsk\u00fdch kancel\u00e1\u0159\u00ed.<\/p>\n<h6><span style=\"font-size: 18pt;\">Fialova vl\u00e1da okradla d\u016fchodce na valorizac\u00edch d\u016fchod\u016f a vz\u00e1p\u011bt\u00ed ozn\u00e1mila, \u017ee po \u00faspo\u0159e pen\u011bz na seniorech nakoup\u00ed pro arm\u00e1du munici za des\u00edtky miliard korun!<\/span><\/h6>\n<p>Fa\u0161ismus pror\u016fst\u00e1 hluboko do srdc\u00ed i slovansk\u00fdch n\u00e1rod\u016f, co\u017e je mo\u017en\u00e9 vid\u011bt v roz\u0161t\u011bpen\u00ed n\u00e1rod\u016f, kdy zem\u011b Evropy se rozd\u011bluj\u00ed na v\u00e1le\u010dn\u00e9 fanatiky a na odp\u016frce v\u00e1lky, mezi nimi\u017e doch\u00e1z\u00ed k obrovsk\u00e9 nen\u00e1visti a dokonce u\u017e i fyzick\u00fdm \u00fatok\u016fm.\u00a0<strong>Prostor Evropy je zakonzervovan\u00fdm sudem v\u00fdbu\u0161nin, kter\u00fd se \u010das od \u010dasu prost\u011b otev\u0159e a nech\u00e1 se explodovat, \u010d\u00edm\u017e dojde ke zni\u010den\u00ed Evropy a k restartov\u00e1n\u00ed HDP. V\u00e1lka toti\u017e resetuje inflaci.<\/strong><\/p>\n<p>Pokud m\u00e1te kdekoliv nezvladatelnou inflaci, m\u016f\u017eete ji zastavit v z\u00e1sad\u011b dv\u011bma zp\u016fsoby, bu\u010f drakonick\u00fdm zchudnut\u00edm obyvatelstva tak, aby u\u017e si nemohlo nic kupovat, anebo vypuknut\u00edm zni\u010duj\u00edc\u00ed v\u00e1lky, kter\u00e1 zni\u010d\u00ed infrastrukturu a hodnoty, tak\u017ee se za\u010d\u00edn\u00e1 od nuly, od z\u00e1klad\u016f a s novou platebn\u00ed jednotku, novou m\u011bnou, p\u0159\u00edpadn\u011b m\u011bnovou reformou po skon\u010den\u00ed v\u00e1lky. V z\u00e1sad\u011b t\u0159et\u00ed cesta neexistuje, proto\u017ee m\u011bnov\u00e1 reforma v dob\u011b m\u00edru je praktiky politicky nepr\u016fchodn\u00e1. Je to okraden\u00ed ob\u010dan\u016f za b\u00edl\u00e9ho dne, \u00fapln\u011b v\u0161ech, bez rozd\u00edlu, a nejv\u00edce by to postihlo pr\u00e1v\u011b nejbohat\u0161\u00ed lidi, tak\u017ee tato cesta je prakticky vylou\u010dena.<\/p>\n<figure id=\"attachment_52204\" class=\"wp-caption aligncenter\" style=\"width: 674px;\"><a href=\"https:\/\/aeronet.news\/wp-content\/uploads\/CednikFiala.jpg\"><img decoding=\"async\" loading=\"lazy\" class=\"wp-image-52204 \" src=\"https:\/\/aeronet.news\/wp-content\/uploads\/CednikFiala-1024x639.jpg\" sizes=\"(max-width: 700px) 100vw, 700px\" srcset=\"https:\/\/aeronet.news\/wp-content\/uploads\/CednikFiala-1024x639.jpg 1024w, https:\/\/aeronet.news\/wp-content\/uploads\/CednikFiala-300x187.jpg 300w, https:\/\/aeronet.news\/wp-content\/uploads\/CednikFiala-768x479.jpg 768w, https:\/\/aeronet.news\/wp-content\/uploads\/CednikFiala-700x437.jpg 700w, https:\/\/aeronet.news\/wp-content\/uploads\/CednikFiala-572x357.jpg 572w, https:\/\/aeronet.news\/wp-content\/uploads\/CednikFiala-774x483.jpg 774w, https:\/\/aeronet.news\/wp-content\/uploads\/CednikFiala.jpg 1280w\" alt=\"\" width=\"674\" height=\"421\" \/><\/a><figcaption class=\"wp-caption-text\">Okr\u00e1st d\u016fchodce, to chce odvahu\u2026<\/figcaption><\/figure>\n<p>V \u010cesku vid\u00edte zat\u00edm v re\u00e1lu na\u017eivo realizaci prvn\u00ed cesty, okraden\u00ed d\u016fchodc\u016f o valorizace, s c\u00edlem sn\u00ed\u017een\u00ed jejich kupn\u00ed s\u00edly na \u00fakor inflace, zat\u00edmco Fialenkova vl\u00e1da uspo\u0159en\u00e9 pen\u00edze za tento rok chce pou\u017e\u00edt na n\u00e1kup munice pro \u010deskou arm\u00e1du za des\u00edtky miliard korun\u00a0<strong>[<a href=\"https:\/\/href.li\/?https:\/\/www.novinky.cz\/clanek\/domaci-armada-dokoupi-munici-za-desitky-miliard-40425858\" target=\"_blank\" rel=\"nofollow noopener\">2<\/a>]<\/strong>. Na d\u016fchodce tak pen\u00edze nejsou, ale na n\u00e1kupy munice jsou zaru\u010den\u011b. Je to typick\u00fd mechanismus, jak sn\u00ed\u017eit inflaci skrze sn\u00ed\u017een\u00ed kupn\u00ed s\u00edly velk\u00e9 skupiny nejzraniteln\u011bj\u0161\u00edho obyvatelstva, tedy d\u016fchodc\u016f.<\/p>\n<p>Ni\u017e\u0161\u00ed objemy n\u00e1kup\u016f to ale podle odborn\u00edk\u016f nezajist\u00ed. D\u016fchodci za\u010dnou nakupovat levn\u011bj\u0161\u00ed potraviny v ni\u017e\u0161\u00ed kvalit\u011b a cen\u011b.\u00a0<strong>Omezen\u00ed r\u016fstu mezd mimo valoriza\u010dn\u00ed paritu s inflac\u00ed zajist\u00ed nakonec jenom zchudnut\u00ed obyvatelstva bez dopadu na sn\u00ed\u017een\u00ed inflace, co\u017e je cesta do pekel, l\u00e9pe \u0159e\u010deno cesta k rozvojov\u00fdm zem\u00edm III. sv\u011bta, kde panuje vysok\u00e1 inflace a vysok\u00e1 chudoba bok po boku.<\/strong>\u00a0P\u0159esto se st\u00e1le dokola opakuje tato mantra Keynesi\u00e1n\u016f, \u017ee kdy\u017e je vysok\u00e1 inflace, je pot\u0159eba sn\u00ed\u017eit spot\u0159ebu obyvatelstva.<\/p>\n<h6><span style=\"font-size: 18pt;\">Inflaci nav\u00e1zanou na cenu paliv a energi\u00ed na vstupech v\u00fdroby nelze sn\u00ed\u017eit o\u0161kub\u00e1n\u00edm d\u016fchodc\u016f o valoriza\u010dn\u00ed n\u00e1roky, to je nesmysl a nav\u00edc zlo\u010din na seniorech!<\/span><\/h6>\n<p>Pokud je ale inflace zp\u016fsobena vysokou cenou paliv a energi\u00ed na vstupech prvo a druhov\u00fdroby, nelze inflaci sn\u00ed\u017eit pou\u017eit\u00edm fisk\u00e1ln\u00edch n\u00e1stroj\u016f jako jsou valorizace d\u016fchod\u016f, proto\u017ee ta inflace nen\u00ed zp\u016fsobena r\u016fstem mezd nebo spot\u0159ebn\u00edch cen, ale r\u016fstem energi\u00ed a paliv na vstupech ve\u0161ker\u00e9 lidsk\u00e9 v\u00fdrobn\u00ed \u010dinnosti. Jin\u00fdmi slovy, nem\u00e1-li spole\u010dnost p\u0159\u00edstup k levn\u00fdm paliv\u016fm a energi\u00edm, je odsouzena k \u017eivotu v obrovsk\u00e9 inflaci, kter\u00e1 se postupn\u011b bude rozt\u00e1\u010det do z\u00e1vratn\u00fdch hodnot.<\/p>\n<p><strong>Ka\u017ed\u00fd \u010dl\u00e1nek ve v\u00fdrob\u011b si na\u00fa\u010dtuje vy\u0161\u0161\u00ed paliva a energie, co\u017e vede k r\u016fstu cen zbo\u017e\u00ed. R\u016fst cen zbo\u017e\u00ed tla\u010d\u00ed p\u0159ed sebou mzdy, kter\u00e9 mus\u00ed r\u016fst spole\u010dn\u011b s inflac\u00ed, jinak lid\u00e9 p\u0159estanou chodit do pr\u00e1ce<\/strong>. Proto nejde sn\u00ed\u017eit mzdy zam\u011bstnanc\u016fm, ani ve st\u00e1tn\u00ed spr\u00e1v\u011b, ani jinde, ale pouze t\u011bm lidem, kte\u0159\u00ed v pracovn\u00edm procesu ji\u017e nejsou, tedy d\u016fchodc\u016fm. A to je za\u010d\u00e1tek infla\u010dn\u00edho koloto\u010de.<\/p>\n<figure id=\"attachment_55080\" class=\"wp-caption aligncenter\" style=\"width: 690px;\"><a href=\"https:\/\/aeronet.news\/wp-content\/uploads\/SarkozyBarbarTestimony.jpg\"><img decoding=\"async\" loading=\"lazy\" class=\"wp-image-55080 \" src=\"https:\/\/aeronet.news\/wp-content\/uploads\/SarkozyBarbarTestimony-1024x522.jpg\" sizes=\"(max-width: 700px) 100vw, 700px\" srcset=\"https:\/\/aeronet.news\/wp-content\/uploads\/SarkozyBarbarTestimony-1024x522.jpg 1024w, https:\/\/aeronet.news\/wp-content\/uploads\/SarkozyBarbarTestimony-300x153.jpg 300w, https:\/\/aeronet.news\/wp-content\/uploads\/SarkozyBarbarTestimony-768x392.jpg 768w, https:\/\/aeronet.news\/wp-content\/uploads\/SarkozyBarbarTestimony-700x357.jpg 700w, https:\/\/aeronet.news\/wp-content\/uploads\/SarkozyBarbarTestimony-947x483.jpg 947w, https:\/\/aeronet.news\/wp-content\/uploads\/SarkozyBarbarTestimony.jpg 1280w\" alt=\"\" width=\"690\" height=\"352\" \/><\/a><figcaption class=\"wp-caption-text\">Parlamentn\u00ed komise N\u00e1rodn\u00edho shrom\u00e1\u017ed\u011bn\u00ed Francouzsk\u00e9 republiky<\/figcaption><\/figure>\n<p>R\u016fst mezd kv\u016fli inflaci t\u00e1hne za sebou r\u016fst cen zbo\u017e\u00ed a slu\u017eeb, co\u017e vede k r\u016fstu mezd i v energetick\u00e9m a palivov\u00e9m pr\u016fmyslu, tak\u017ee rostou znovu i ceny energi\u00ed a paliv. Kdy\u017e ceny na trhu rostou, nelze lidem \u0159\u00edct, \u017ee nedostanou pen\u00edze v po\u017eadovan\u00e9 kupn\u00ed s\u00edle, aby se zastavila inflace. Lid\u00e9 by nep\u0159i\u0161li do pr\u00e1ce. Jedin\u00e9 skupin\u011b lid\u00ed, kter\u00e9 to m\u016f\u017eete \u0159\u00edct, jsou d\u016fchodci.<\/p>\n<p>Ti, kdy\u017e nikam nep\u0159ijdou, tak na ekonomiku to nebude m\u00edt \u017e\u00e1dn\u00fd vliv, pr\u00e1v\u011b naopak, n\u00e1rodn\u00edmu rozpo\u010dtu to pom\u016f\u017ee, kdy\u017e d\u016fchodci zem\u0159ou.\u00a0<strong>Fialova vl\u00e1da v\u00ed moc dob\u0159e, \u017ee inflace, kter\u00e1 p\u0159ed sebou tla\u010d\u00ed \u0161\u00edlen\u00e9 ceny drah\u00fdch paliv a energi\u00ed, nem\u016f\u017ee b\u00fdt nijak moderov\u00e1na, proto\u017ee ta inflace je zp\u016fsobena energiemi a palivy na vstupech v\u00fdroby.<\/strong>\u00a0Jin\u00fdmi slovy, mamut\u00ed inflaci v Evrop\u011b m\u016f\u017ee ukon\u010dit a zlikvidovat pouze celoevropsk\u00e1 v\u00e1lka. Takov\u00e1 je realita. A douf\u00e1m, \u017ee ch\u00e1pete, pro\u010d Evropsk\u00e1 unie tak moc tla\u010d\u00ed Evropu do v\u00e1lky. V\u00e1lka m\u00e1 zresetovat inflaci stejn\u011b, jako do\u0161lo k resetu inflac\u00ed v\u0161ech m\u011bn po II. sv. v\u00e1lce.<\/p>\n<p><a href=\"https:\/\/aeronet.news\/video-nicolas-sarkozy-varoval-parlamentni-vysetrovaci-komisi-ze-evropa-je-nejbrutalnejsim-kontinentem-ze-ktereho-vysly-nejvetsi-svetove-valky-a-vsichni-v-evrope-to-maji-v-sobe\/\">-VK- \u0160\u00e9fredaktor AE News<\/a><\/p>\n<p>&nbsp;<\/p>\n<p>&nbsp;<\/p>\n<p><img decoding=\"async\" loading=\"lazy\" class=\"wp-image-19187 aligncenter\" src=\"http:\/\/www.infokuryr.cz\/n\/wp-content\/uploads\/2022\/12\/1-PRO-300x36.jpg\" alt=\"\" width=\"1133\" height=\"136\" srcset=\"https:\/\/www.infokuryr.cz\/n\/wp-content\/uploads\/2022\/12\/1-PRO-300x36.jpg 300w, https:\/\/www.infokuryr.cz\/n\/wp-content\/uploads\/2022\/12\/1-PRO.jpg 699w\" sizes=\"(max-width: 1133px) 100vw, 1133px\" \/><\/p>\n<p>&nbsp;<\/p>\n<p>&nbsp;<\/p>\n<p><img decoding=\"async\" loading=\"lazy\" class=\"wp-image-24737 aligncenter\" src=\"http:\/\/www.infokuryr.cz\/n\/wp-content\/uploads\/2023\/03\/cesko_proti_bide2-239x300.png\" alt=\"\" width=\"741\" height=\"930\" srcset=\"https:\/\/www.infokuryr.cz\/n\/wp-content\/uploads\/2023\/03\/cesko_proti_bide2-239x300.png 239w, https:\/\/www.infokuryr.cz\/n\/wp-content\/uploads\/2023\/03\/cesko_proti_bide2-816x1024.png 816w, https:\/\/www.infokuryr.cz\/n\/wp-content\/uploads\/2023\/03\/cesko_proti_bide2-768x964.png 768w, https:\/\/www.infokuryr.cz\/n\/wp-content\/uploads\/2023\/03\/cesko_proti_bide2.png 846w\" sizes=\"(max-width: 741px) 100vw, 741px\" \/><\/p>\n<p>&nbsp;<\/p>\n","protected":false},"excerpt":{"rendered":"<p>Nicolas Sarkozy varoval parlamentn\u00ed vy\u0161et\u0159ovac\u00ed komisi, \u017ee Evropa je nejbrut\u00e1ln\u011bj\u0161\u00edm kontinentem, ze kter\u00e9ho vy\u0161ly nejv\u011bt\u0161\u00ed&#8230;<\/p>\n","protected":false},"author":2,"featured_media":24792,"comment_status":"closed","ping_status":"closed","sticky":false,"template":"","format":"standard","meta":[],"categories":[6],"tags":[1042,41,283,683,99,73],"_links":{"self":[{"href":"https:\/\/www.infokuryr.cz\/n\/wp-json\/wp\/v2\/posts\/24791"}],"collection":[{"href":"https:\/\/www.infokuryr.cz\/n\/wp-json\/wp\/v2\/posts"}],"about":[{"href":"https:\/\/www.infokuryr.cz\/n\/wp-json\/wp\/v2\/types\/post"}],"author":[{"embeddable":true,"href":"https:\/\/www.infokuryr.cz\/n\/wp-json\/wp\/v2\/users\/2"}],"replies":[{"embeddable":true,"href":"https:\/\/www.infokuryr.cz\/n\/wp-json\/wp\/v2\/comments?post=24791"}],"version-history":[{"count":0,"href":"https:\/\/www.infokuryr.cz\/n\/wp-json\/wp\/v2\/posts\/24791\/revisions"}],"wp:featuredmedia":[{"embeddable":true,"href":"https:\/\/www.infokuryr.cz\/n\/wp-json\/wp\/v2\/media\/24792"}],"wp:attachment":[{"href":"https:\/\/www.infokuryr.cz\/n\/wp-json\/wp\/v2\/media?parent=24791"}],"wp:term":[{"taxonomy":"category","embeddable":true,"href":"https:\/\/www.infokuryr.cz\/n\/wp-json\/wp\/v2\/categories?post=24791"},{"taxonomy":"post_tag","embeddable":true,"href":"https:\/\/www.infokuryr.cz\/n\/wp-json\/wp\/v2\/tags?post=24791"}],"curies":[{"name":"wp","href":"https:\/\/api.w.org\/{rel}","templated":true}]}}