{"id":24789,"date":"2023-03-20T05:32:31","date_gmt":"2023-03-20T04:32:31","guid":{"rendered":"http:\/\/www.infokuryr.cz\/n\/?p=24789"},"modified":"2023-03-20T06:45:50","modified_gmt":"2023-03-20T05:45:50","slug":"lubomir-man-pro-muze-ktery-stvoril-naseho-prezidenta-jsme-spodinou-spolecnosti","status":"publish","type":"post","link":"https:\/\/www.infokuryr.cz\/n\/2023\/03\/20\/lubomir-man-pro-muze-ktery-stvoril-naseho-prezidenta-jsme-spodinou-spolecnosti\/","title":{"rendered":"Lubom\u00edr Man: Pro mu\u017ee, kter\u00fd stvo\u0159il na\u0161eho prezidenta, jsme spodinou spole\u010dnosti"},"content":{"rendered":"<div id=\"fb-root\"><\/div>\n<p><strong>M\u00e1te jin\u00e9 politick\u00e9 n\u00e1zory, ne\u017e jak\u00e9 nos\u00ed v hlav\u011b n\u00e1\u0161 n\u011bkdej\u0161\u00ed velvyslanec ve \u0160v\u00e9dsku, Irsku, USA a Rusku Petr Kol\u00e1\u0159? Ano, tat\u00ednek onoho pra\u017esk\u00e9ho starosty Prahy 6 Ond\u0159eje Kol\u00e1\u0159e, kter\u00fd nechal strhnout k zemi sochu osvoboditele Prahy, mar\u0161\u00e1la Kon\u011bva?<\/strong><\/p>\n<p>Pokud ano, jste prokazateln\u011b mrtv\u00fd mu\u017e, kter\u00e9mu by Petr Kol\u00e1\u0159 (\u010dili ten star\u0161\u00ed z obou Kol\u00e1\u0159\u016f), jen\u017e si dnes na svoji mimopenzijn\u00ed sk\u00fdvu chleba vyd\u011bl\u00e1v\u00e1 pr\u00e1ci pro americkou lobbingovou spole\u010dnost Squire Patton Boggs a t\u00e9\u017e pro thinktank Evropsk\u00e9 hodnoty, mo\u017enost k pokra\u010dov\u00e1n\u00ed va\u0161\u00ed dal\u0161\u00ed existence na tomto sv\u011bt\u011b nedal. A pokud ano, pak jen za podm\u00ednky, \u017ee byste museli ml\u010det v t\u011bchto j\u00edm vyjmenovan\u00fdch oblastech: politick\u00e9, spole\u010densk\u00e9 a soci\u00e1ln\u00ed. A to proto, aby medi\u00e1ln\u00ed prostor z\u016fstal voln\u011bj\u0161\u00ed k \u0161\u00ed\u0159en\u00ed sv\u011btod\u011bjn\u00e9 informace o tom, \u017ee na\u0161eho nov\u00e9ho prezidenta vymyslel a doslova vydupal ze zem\u011b pr\u00e1v\u011b on, Petr Kol\u00e1\u0159, a nikdo jin\u00fd. Poslechn\u011bme si ostatn\u011b, co k dan\u00e9mu t\u00e9matu na videu You Tube \u201eAby bylo jasno\u201c Jany Bobo\u0161\u00edkov\u00e9, \u0159\u00edk\u00e1 s\u00e1m mu\u017e, kter\u00fd m\u00e1 za to, \u017ee bez n\u011bj by prezidenta Pavla nebylo:<\/p>\n<p>\u201eKdy\u017e gener\u00e1l Pavel skon\u010dil p\u0159ed \u010dty\u0159mi roky v alianci, zalo\u017eili jsme spolu s gener\u00e1lem n a\u00a0 \u00a0z \u00e1 k l a d \u011b\u00a0 \u00a0j a k \u00e9 h o s i\u00a0 \u00a0i m p u l z u,\u00a0 k t e r \u00fd\u00a0 \u00a0p \u0159 i \u0161 e l,\u00a0 p r a v d a,\u00a0 z\u00a0 \u00a0a m e r i c k \u00e9\u00a0 \u00a0a m b a s \u00e1 d y, Spolek pro bezpe\u010dnou budoucnost\u201c.<\/p>\n<p>\u017de ta budoucnost byla u\u017e tehdy vykol\u00edkov\u00e1na pro nadch\u00e1zej\u00edc\u00ed politickou dr\u00e1hu fe\u0161n\u00e9ho gener\u00e1la, n\u00e1s dnes nep\u0159esv\u011bd\u010duje jen Petr Kol\u00e1\u0159, ale vn\u00edm\u00e1me to i p\u0159i ka\u017ed\u00e9m stisknut\u00ed televizn\u00edho ovlada\u010de. A jak by ta budoucnost naopak vypadat nem\u011bla a hlavn\u011b nesm\u011bla, n\u00e1m dokazuje dal\u0161\u00ed video z d\u00edlny Jany Bobo\u0161\u00edkov\u00e9, na kter\u00e9m Petr Kol\u00e1\u0159 prohla\u0161uje: \u201eN e m \u016f \u017e e m e\u00a0 \u00a0n e c h \u00e1 v a t\u00a0 \u00a0l i d i,\u00a0 \u00a0k t e \u0159 \u00ed,\u00a0 \u00a0j s o u t o\u00a0 v p o d s t a t\u011b\u00a0 \u00a0s p o d i n a\u00a0 \u00a0s p o l e \u010d n o s t i,\u00a0 a b y\u00a0 \u00a0s i\u00a0 \u00a0t a d y,\u00a0 \u00a0v t o m\u00a0 \u00a0p r o s t o r u\u00a0 \u00a0s p o l e \u010d e n s k \u00e9 m,\u00a0 \u00a0s o c i \u00e1 l n \u00ed m\u00a0 \u00a0a\u00a0 \u00a0p o l i t i c k \u00e9 m\u00a0 \u00a0 d \u011b l a l i,\u00a0 \u00a0c o\u00a0 \u00a0c h t\u011b j \u00ed\u201c<\/p>\n<p>Jist\u011b, pane Kol\u00e1\u0159i. D\u011blat, co chcete, je dle va\u0161eho n\u00e1zoru vyhrazeno jen v\u00e1m a v\u00e1m podobn\u011b sm\u00fd\u0161lej\u00edc\u00edm. A zbytku, kter\u00fd sm\u00fd\u0161l\u00ed jinak, je dle va\u0161eho n\u00e1zoru souzeno: Maul halten und weiter dienen!\u201c \u010cili dr\u017eet hubu a slou\u017eit d\u00e1l!<\/p>\n<p>Sly\u0161el jste n\u011bkdy n\u011bco o demokracii, pane Kol\u00e1\u0159i? O tom, \u017ee podle V\u0161eobecn\u00e9 deklarace lidsk\u00fdch pr\u00e1v jsou si v\u0161ichni lid\u00e9, co do d\u016fstojnosti a pr\u00e1v, rovni?<\/p>\n<p>Lubom\u00edr Man<\/p>\n<p><img decoding=\"async\" loading=\"lazy\" class=\"alignnone size-full wp-image-860\" src=\"http:\/\/www.infokuryr.cz\/n\/wp-content\/uploads\/2021\/04\/lub_man.jpg\" alt=\"\" width=\"143\" height=\"200\" \/><\/p>\n<p>_________________<\/p>\n<p>&nbsp;<\/p>\n<div style=\"width: 576px;\" class=\"wp-video\"><!--[if lt IE 9]><script>document.createElement('video');<\/script><![endif]-->\n<video class=\"wp-video-shortcode\" id=\"video-24789-1\" width=\"576\" height=\"1024\" preload=\"metadata\" controls=\"controls\"><source type=\"video\/mp4\" src=\"http:\/\/www.infokuryr.cz\/n\/wp-content\/uploads\/2023\/03\/c0be03b61a304a3672db69bc8b728b5b.mp4?_=1\" \/><a href=\"http:\/\/www.infokuryr.cz\/n\/wp-content\/uploads\/2023\/03\/c0be03b61a304a3672db69bc8b728b5b.mp4\">http:\/\/www.infokuryr.cz\/n\/wp-content\/uploads\/2023\/03\/c0be03b61a304a3672db69bc8b728b5b.mp4<\/a><\/video><\/div>\n<p>_______________________________________________________<\/p>\n<p>&nbsp;<\/p>\n<p><img decoding=\"async\" loading=\"lazy\" class=\"wp-image-19187 aligncenter\" src=\"http:\/\/www.infokuryr.cz\/n\/wp-content\/uploads\/2022\/12\/1-PRO-300x36.jpg\" alt=\"\" width=\"1083\" height=\"130\" srcset=\"https:\/\/www.infokuryr.cz\/n\/wp-content\/uploads\/2022\/12\/1-PRO-300x36.jpg 300w, https:\/\/www.infokuryr.cz\/n\/wp-content\/uploads\/2022\/12\/1-PRO.jpg 699w\" sizes=\"(max-width: 1083px) 100vw, 1083px\" \/><\/p>\n<p>&nbsp;<\/p>\n<p>&nbsp;<\/p>\n<p><img decoding=\"async\" loading=\"lazy\" class=\"wp-image-24432 aligncenter\" src=\"http:\/\/www.infokuryr.cz\/n\/wp-content\/uploads\/2023\/03\/pozvanka-teplice-pro-1-300x156.jpg\" alt=\"\" width=\"1004\" height=\"522\" srcset=\"https:\/\/www.infokuryr.cz\/n\/wp-content\/uploads\/2023\/03\/pozvanka-teplice-pro-1-300x156.jpg 300w, https:\/\/www.infokuryr.cz\/n\/wp-content\/uploads\/2023\/03\/pozvanka-teplice-pro-1-1024x531.jpg 1024w, https:\/\/www.infokuryr.cz\/n\/wp-content\/uploads\/2023\/03\/pozvanka-teplice-pro-1-768x398.jpg 768w, https:\/\/www.infokuryr.cz\/n\/wp-content\/uploads\/2023\/03\/pozvanka-teplice-pro-1.jpg 1272w\" sizes=\"(max-width: 1004px) 100vw, 1004px\" \/><\/p>\n<p>&nbsp;<\/p>\n<p>&nbsp;<\/p>\n","protected":false},"excerpt":{"rendered":"<p>M\u00e1te jin\u00e9 politick\u00e9 n\u00e1zory, ne\u017e jak\u00e9 nos\u00ed v hlav\u011b n\u00e1\u0161 n\u011bkdej\u0161\u00ed velvyslanec ve \u0160v\u00e9dsku, Irsku,&#8230;<\/p>\n","protected":false},"author":2,"featured_media":24020,"comment_status":"closed","ping_status":"closed","sticky":false,"template":"","format":"standard","meta":[],"categories":[6],"tags":[29,4297,122],"_links":{"self":[{"href":"https:\/\/www.infokuryr.cz\/n\/wp-json\/wp\/v2\/posts\/24789"}],"collection":[{"href":"https:\/\/www.infokuryr.cz\/n\/wp-json\/wp\/v2\/posts"}],"about":[{"href":"https:\/\/www.infokuryr.cz\/n\/wp-json\/wp\/v2\/types\/post"}],"author":[{"embeddable":true,"href":"https:\/\/www.infokuryr.cz\/n\/wp-json\/wp\/v2\/users\/2"}],"replies":[{"embeddable":true,"href":"https:\/\/www.infokuryr.cz\/n\/wp-json\/wp\/v2\/comments?post=24789"}],"version-history":[{"count":1,"href":"https:\/\/www.infokuryr.cz\/n\/wp-json\/wp\/v2\/posts\/24789\/revisions"}],"predecessor-version":[{"id":24806,"href":"https:\/\/www.infokuryr.cz\/n\/wp-json\/wp\/v2\/posts\/24789\/revisions\/24806"}],"wp:featuredmedia":[{"embeddable":true,"href":"https:\/\/www.infokuryr.cz\/n\/wp-json\/wp\/v2\/media\/24020"}],"wp:attachment":[{"href":"https:\/\/www.infokuryr.cz\/n\/wp-json\/wp\/v2\/media?parent=24789"}],"wp:term":[{"taxonomy":"category","embeddable":true,"href":"https:\/\/www.infokuryr.cz\/n\/wp-json\/wp\/v2\/categories?post=24789"},{"taxonomy":"post_tag","embeddable":true,"href":"https:\/\/www.infokuryr.cz\/n\/wp-json\/wp\/v2\/tags?post=24789"}],"curies":[{"name":"wp","href":"https:\/\/api.w.org\/{rel}","templated":true}]}}