{"id":24786,"date":"2023-03-20T01:15:27","date_gmt":"2023-03-20T00:15:27","guid":{"rendered":"http:\/\/www.infokuryr.cz\/n\/?p=24786"},"modified":"2023-03-19T18:18:35","modified_gmt":"2023-03-19T17:18:35","slug":"ugandsky-prezident-kritizuje-zapad-za-prosazovani-prav-lgbtq-v-africe","status":"publish","type":"post","link":"https:\/\/www.infokuryr.cz\/n\/2023\/03\/20\/ugandsky-prezident-kritizuje-zapad-za-prosazovani-prav-lgbtq-v-africe\/","title":{"rendered":"Ugandsk\u00fd prezident kritizuje Z\u00e1pad za prosazov\u00e1n\u00ed pr\u00e1v LGBTQ v Africe"},"content":{"rendered":"<div id=\"fb-root\"><\/div>\n<p><span style=\"font-size: 18pt;\"><strong>Navzdory hrozb\u011b sankc\u00ed m\u00e1 parlament hlasovat o n\u00e1vrhu z\u00e1kona proti LGBTQ<\/strong><\/span><\/p>\n<p><span>Ugandsk\u00fd prezident Yoweri Museveni prohl\u00e1sil , \u017ee z\u00e1padn\u00ed zem\u011b by m\u011bly p\u0159estat\u00a0<\/span><em><span>\u201epl\u00fdtvat \u010dasem lidstva\u201c<\/span><\/em><span>\u00a0t\u00edm, \u017ee se budou sna\u017eit vnutit sv\u00e9 p\u0159esv\u011bd\u010den\u00ed a praktiky, v\u010detn\u011b homosexuality, jin\u00fdm lidem.<\/span><\/p>\n<p><span>Prezident v\u00fdchodoafrick\u00e9 zem\u011b to uvedl v parlamentn\u00edm projevu 16. b\u0159ezna, kdy\u017e se z\u00e1konod\u00e1rci p\u0159ipravovali hlasovat o n\u00e1vrhu z\u00e1kona proti LGBTQ.<\/span><\/p>\n<p><span>I kdy\u017e je homosexualita v Ugand\u011b ji\u017e nez\u00e1konn\u00e1, z\u00e1kon p\u0159edlo\u017een\u00fd na za\u010d\u00e1tku b\u0159ezna a m\u00e1 b\u00fdt projedn\u00e1n tento t\u00fdden, s hlasov\u00e1n\u00edm ji\u017e v \u00fater\u00fd, navrhuje p\u0159\u00edsn\u011bj\u0161\u00ed tresty za prosazov\u00e1n\u00ed pr\u00e1v a aktivit LGBTQ.<\/span><\/p>\n<p><span>Museveni \u0159ekl, \u017ee z\u00e1padn\u00ed hrozby sankc\u00ed v\u016f\u010di africk\u00fdm zem\u00edm, kter\u00e9 se stav\u00ed proti homosexualit\u011b, jsou pokryteck\u00e9.\u00a0<\/span><strong><em>\u201eEvropan\u00e9 a dal\u0161\u00ed skupiny si berou sest\u0159enice a bl\u00edzk\u00e9 p\u0159\u00edbuzn\u00e9.\u00a0Tady je svatba v klanu tabu.\u00a0M\u011bli bychom na n\u011b uvalit sankce za s\u0148atek s p\u0159\u00edbuzn\u00fdmi?\u00a0To nen\u00ed ale na\u0161e pr\u00e1ce,\u201c<\/em><\/strong><span>\u00a0uvedl.<\/span><\/p>\n<p><span>USA p\u0159eru\u0161ily pomoc Ugand\u011b v roce 2014 a zru\u0161ily vojensk\u00e9 cvi\u010den\u00ed v reakci na z\u00e1kon, kter\u00fd ukl\u00e1d\u00e1 tresty odn\u011bt\u00ed svobody a\u017e na do\u017eivot\u00ed za\u00a0<\/span><em><span>\u201ehomosexualitu s p\u0159it\u011b\u017euj\u00edc\u00edmi okolnostmi\u201c,<\/span><\/em><span>\u00a0co\u017e zahrnuje homosexu\u00e1ln\u00ed sex s nezletil\u00fdm nebo HIV pozitivn\u00edm.\u00a0Projekty ovlivn\u011bn\u00e9 \u0161krty zahrnuj\u00ed financov\u00e1n\u00ed ugandsk\u00e9ho komunitn\u00edho policejn\u00edho programu ve v\u00fd\u0161i 2,4 milionu dolar\u016f, kter\u00fd byl zastaven po policejn\u00ed razii v americk\u00e9m zdravotnick\u00e9m programu na Makerere University, uvedla agentura Reuters.<\/span><\/p>\n<p><span>Uganda nen\u00ed jedinou africkou zem\u00ed zn\u00e1mou svou politikou proti LGBTQ.\u00a0V ghansk\u00e9m parlamentu byl v srpnu 2021 p\u0159edlo\u017een n\u00e1vrh z\u00e1kona nazvan\u00fd \u201eProsazov\u00e1n\u00ed spr\u00e1vn\u00fdch lidsk\u00fdch sexu\u00e1ln\u00edch pr\u00e1v a ghansk\u00fdch rodinn\u00fdch hodnot\u201c.<\/span><\/p>\n<p><span>C\u00edlem navrhovan\u00e9 legislativy je omezit LGBTQ komunity a \u201eaktivity\u201c a z\u00e1rove\u0148 podporovat \u201elegitimn\u00ed\u201c sexu\u00e1ln\u00ed pr\u00e1va a ghansk\u00e9 rodinn\u00e9 hodnoty.\u00a0Zvy\u0161uje tresty za p\u0159evl\u00e9k\u00e1n\u00ed, ve\u0159ejn\u00e9 projevy n\u00e1klonnosti a dal\u0161\u00ed chov\u00e1n\u00ed a tak\u00e9 \u010din\u00ed obhajobu pr\u00e1v LGBTQ na soci\u00e1ln\u00edch s\u00edt\u00edch nebo jin\u00fdch online platform\u00e1ch nez\u00e1konn\u00fdm.<\/span><\/p>\n<p><span>V Nig\u00e9rii, S\u00fad\u00e1nu a Maurit\u00e1nii lze za sexu\u00e1ln\u00ed vztahy mezi lidmi stejn\u00e9ho pohlav\u00ed ulo\u017eit trest smrti.<\/span><\/p>\n<p><img decoding=\"async\" loading=\"lazy\" class=\"alignnone size-full wp-image-1185\" src=\"http:\/\/www.infokuryr.cz\/n\/wp-content\/uploads\/2021\/04\/kuryr-podpis.png\" alt=\"\" width=\"84\" height=\"24\" \/><\/p>\n<p>&nbsp;<\/p>\n<p>&nbsp;<\/p>\n<p><img decoding=\"async\" loading=\"lazy\" class=\"wp-image-19187 aligncenter\" src=\"http:\/\/www.infokuryr.cz\/n\/wp-content\/uploads\/2022\/12\/1-PRO-300x36.jpg\" alt=\"\" width=\"1108\" height=\"133\" srcset=\"https:\/\/www.infokuryr.cz\/n\/wp-content\/uploads\/2022\/12\/1-PRO-300x36.jpg 300w, https:\/\/www.infokuryr.cz\/n\/wp-content\/uploads\/2022\/12\/1-PRO.jpg 699w\" sizes=\"(max-width: 1108px) 100vw, 1108px\" \/><\/p>\n<p>&nbsp;<\/p>\n<p><img decoding=\"async\" loading=\"lazy\" class=\"wp-image-24432 aligncenter\" src=\"http:\/\/www.infokuryr.cz\/n\/wp-content\/uploads\/2023\/03\/pozvanka-teplice-pro-1-300x156.jpg\" alt=\"\" width=\"983\" height=\"511\" srcset=\"https:\/\/www.infokuryr.cz\/n\/wp-content\/uploads\/2023\/03\/pozvanka-teplice-pro-1-300x156.jpg 300w, https:\/\/www.infokuryr.cz\/n\/wp-content\/uploads\/2023\/03\/pozvanka-teplice-pro-1-1024x531.jpg 1024w, https:\/\/www.infokuryr.cz\/n\/wp-content\/uploads\/2023\/03\/pozvanka-teplice-pro-1-768x398.jpg 768w, https:\/\/www.infokuryr.cz\/n\/wp-content\/uploads\/2023\/03\/pozvanka-teplice-pro-1.jpg 1272w\" sizes=\"(max-width: 983px) 100vw, 983px\" \/><\/p>\n<p>&nbsp;<\/p>\n<p>&nbsp;<\/p>\n","protected":false},"excerpt":{"rendered":"<p>Navzdory hrozb\u011b sankc\u00ed m\u00e1 parlament hlasovat o n\u00e1vrhu z\u00e1kona proti LGBTQ Ugandsk\u00fd prezident Yoweri Museveni&#8230;<\/p>\n","protected":false},"author":2,"featured_media":24787,"comment_status":"closed","ping_status":"closed","sticky":false,"template":"","format":"standard","meta":[],"categories":[7],"tags":[206,4617,165,4618,609],"_links":{"self":[{"href":"https:\/\/www.infokuryr.cz\/n\/wp-json\/wp\/v2\/posts\/24786"}],"collection":[{"href":"https:\/\/www.infokuryr.cz\/n\/wp-json\/wp\/v2\/posts"}],"about":[{"href":"https:\/\/www.infokuryr.cz\/n\/wp-json\/wp\/v2\/types\/post"}],"author":[{"embeddable":true,"href":"https:\/\/www.infokuryr.cz\/n\/wp-json\/wp\/v2\/users\/2"}],"replies":[{"embeddable":true,"href":"https:\/\/www.infokuryr.cz\/n\/wp-json\/wp\/v2\/comments?post=24786"}],"version-history":[{"count":1,"href":"https:\/\/www.infokuryr.cz\/n\/wp-json\/wp\/v2\/posts\/24786\/revisions"}],"predecessor-version":[{"id":24788,"href":"https:\/\/www.infokuryr.cz\/n\/wp-json\/wp\/v2\/posts\/24786\/revisions\/24788"}],"wp:featuredmedia":[{"embeddable":true,"href":"https:\/\/www.infokuryr.cz\/n\/wp-json\/wp\/v2\/media\/24787"}],"wp:attachment":[{"href":"https:\/\/www.infokuryr.cz\/n\/wp-json\/wp\/v2\/media?parent=24786"}],"wp:term":[{"taxonomy":"category","embeddable":true,"href":"https:\/\/www.infokuryr.cz\/n\/wp-json\/wp\/v2\/categories?post=24786"},{"taxonomy":"post_tag","embeddable":true,"href":"https:\/\/www.infokuryr.cz\/n\/wp-json\/wp\/v2\/tags?post=24786"}],"curies":[{"name":"wp","href":"https:\/\/api.w.org\/{rel}","templated":true}]}}