{"id":24763,"date":"2023-03-20T01:05:10","date_gmt":"2023-03-20T00:05:10","guid":{"rendered":"http:\/\/www.infokuryr.cz\/n\/?p=24763"},"modified":"2023-03-19T16:58:34","modified_gmt":"2023-03-19T15:58:34","slug":"vyda-rusko-zatykac-na-soudce-z-haagu-jako-to-chteli-udelat-americane","status":"publish","type":"post","link":"https:\/\/www.infokuryr.cz\/n\/2023\/03\/20\/vyda-rusko-zatykac-na-soudce-z-haagu-jako-to-chteli-udelat-americane\/","title":{"rendered":"Vyd\u00e1 Rusko zatyka\u010d na soudce z Haagu jako to cht\u011bli ud\u011blat Ameri\u010dan\u00e9"},"content":{"rendered":"<div id=\"fb-root\"><\/div>\n<h2 class=\"entry-title\">V roce 2018 pohrozily Spojen\u00e9 st\u00e1ty Mezin\u00e1rodn\u00edmu trestn\u00edmu soudu zat\u010den\u00edm jeho soudc\u016f za obvin\u011bn\u00ed souvisej\u00edc\u00ed s v\u00e1lkou v Afgh\u00e1nist\u00e1nu<\/h2>\n<p>USA vedou ji\u017e dlouh\u00e1 desetilet\u00ed agresivn\u00ed v\u00e1lky po cel\u00e9m sv\u011bt\u011b, ani\u017e by kdy byl n\u011bkdo za jejich organizov\u00e1n\u00ed souzen u trestn\u00edho soudu v Haagu, kter\u00fd ostatn\u011b USA ani neuzn\u00e1vaj\u00ed.<\/p>\n<p>Do Haagu se nikdy v\u011bt\u0161ina skute\u010dn\u00fdch zlo\u010dinc\u016f nedostane. P\u0159i logice, kterou nyn\u00ed vyu\u017e\u00edvaj\u00ed proti Putinovi, by musel j\u00edt p\u0159ed tent\u00fd\u017e soud p\u0159inejmen\u0161\u00edm tak\u00e9 b\u00fdval\u00fd prezident Bush, britsk\u00fd expremi\u00e9r Tony Blair, b\u00fdval\u00fd americk\u00fd prezident Obama a mnoz\u00ed dal\u0161\u00ed.<\/p>\n<p>O n\u011bkter\u00fdch se ji\u017e ani nezmi\u0148uji, proto\u017ee jsou po smrti, ale minim\u00e1ln\u011b t\u0159i v\u00fd\u0161e uveden\u00ed by p\u0159ed trestn\u00edm tribun\u00e1lem stanout m\u011bli \u2013 d\u016fvody by byly skute\u010dn\u011b p\u00e1dn\u00e9.<\/p>\n<p>Tak\u00e9 velmi pochybuji, \u017ee kdy v Haagu stanou str\u016fjci genocidn\u00edch covidov\u00fdch zlo\u010din\u016f uplynul\u00fdch let. Jejich \u010diny budou m\u00edt hor\u0161\u00ed a glob\u00e1ln\u011bj\u0161\u00ed d\u016fsledky ne\u017e jak\u00e1koli v\u00e1lka.<\/p>\n<p>USA maj\u00ed na sv\u011bdom\u00ed podle odhad\u016f\u00a0<a href=\"https:\/\/necenzurovanapravda.cz\/2022\/04\/od-roku-1945-az-do-soucasnosti-zabily-usa-20-30-milionu-lidi\/\">20 \u2013 30 milion\u016f<\/a>\u00a0\u017eivot\u016f \u2013 a to a\u0165 u\u017e v d\u016fsledku jejich celosv\u011btov\u00fdch agres\u00ed, organizovan\u00fdch p\u0159evrat\u016f nebo ni\u010div\u00fdch ekonomick\u00fdch sankc\u00ed, kter\u00e9 dopadaj\u00ed zejm\u00e9na na ty nejslab\u0161\u00ed, tedy na d\u011bti.<\/p>\n<p>P\u0159esto nikdy nikdo nebyl za tyto nekone\u010dn\u00e9 zlo\u010diny v Haagu souzen. A kdy\u017e u\u017e n\u011bjak\u00e1 \u017ealoba p\u0159i\u0161la, byla r\u00e1zem smetena ze stolu. Proto je pokrytectv\u00ed \u017ealovat n\u011bkoho jin\u00e9ho za zlo\u010diny, kter\u00e9 dal\u0161\u00edm proch\u00e1z\u00ed bez jak\u00fdchkoli sankc\u00ed.<\/p>\n<p>A co v\u00edc, jeden z v\u00fd\u0161e uveden\u00fdch\u00a0 za tyto zlo\u010diny dostal Nobelovu cenu m\u00edru a dal\u0161\u00ed ryt\u00ed\u0159sk\u00fd \u0159\u00e1d.<\/p>\n<p>Dvoj\u00ed metr a pokrytectv\u00ed Z\u00e1padu, pokud jde o Rusko a v\u00e1lku na Ukrajin\u011b, dos\u00e1hly do\u010dasn\u00e9ho vrcholu s obvin\u011bn\u00edm rusk\u00e9ho prezidenta Vladimira Putina p\u0159ed Mezin\u00e1rodn\u00edm trestn\u00edm soudem (ICC).<\/p>\n<p>Jsou to p\u0159edev\u0161\u00edm USA, kter\u00e9 soud nejen neuzn\u00e1vaj\u00ed, ale\u00a0<a href=\"https:\/\/www.france24.com\/en\/20180910-usa-trump-threatens-arrest-icc-judges-american-soldiers-afghan-war-crimes\">v minulosti soudc\u016fm<\/a>\u00a0dokonce\u00a0 masivn\u011b vyhro\u017eovaly a vyv\u00edjely n\u00e1tlak.<\/p>\n<p>Je to pochopiteln\u00e9, proto\u017ee pokud by ICC stejn\u011b zakro\u010dil proti USA nebo jin\u00fdm zem\u00edm NATO, m\u011bl by soud vzhledem k nez\u00e1konn\u00fdm v\u00e1lk\u00e1m posledn\u00edch 70 let pravd\u011bpodobn\u011b na dal\u0161\u00edch sto let dost pr\u00e1ce.<\/p>\n<p>A tak to byly v roce 2018 USA, kter\u00e9 sv\u00fdm obvykl\u00fdm zp\u016fsobem potla\u010dily hroz\u00edc\u00ed obvin\u011bn\u00ed p\u0159ed ICC z v\u00e1le\u010dn\u00fdch zlo\u010din\u016f v Afgh\u00e1nist\u00e1nu.<\/p>\n<p>Spojen\u00e9 st\u00e1ty souhrnn\u011b pohrozily zat\u010den\u00edm a potrest\u00e1n\u00edm soudc\u016f a dal\u0161\u00edch \u00fa\u0159edn\u00edk\u016f Mezin\u00e1rodn\u00edho trestn\u00edho soudu, pokud budou soudit obvin\u011bn\u00ed z v\u00e1le\u010dn\u00fdch zlo\u010din\u016f proti Ameri\u010danovi, kter\u00fd slou\u017eil v Afgh\u00e1nist\u00e1nu.<\/p>\n<p>Tehdej\u0161\u00ed poradce pro n\u00e1rodn\u00ed bezpe\u010dnost Donalda Trumpa z B\u00edl\u00e9ho domu John Bolton ozna\u010dil soudn\u00ed org\u00e1n s\u00eddl\u00edc\u00ed v Haagu za nezodpov\u011bdn\u00fd a extr\u00e9mn\u011b nebezpe\u010dn\u00fd pro Spojen\u00e9 st\u00e1ty, Izrael a dal\u0161\u00ed spojence a \u0159ekl, \u017ee jak\u00e9koli vy\u0161et\u0159ov\u00e1n\u00ed americk\u00fdch voj\u00e1k\u016f by bylo \u201enaprosto nepodlo\u017een\u00e9, neopr\u00e1vn\u011bn\u00e9 vy\u0161et\u0159ov\u00e1n\u00ed.\u201c<\/p>\n<p>\u201ePokud soud zakro\u010d\u00ed proti n\u00e1m, Izraeli nebo jin\u00fdm spojenc\u016fm USA, nebudeme st\u00e1t stranou,\u201c \u0159ekl Bolton.<\/p>\n<p>\u0158ekl, \u017ee USA jsou p\u0159ipraveny uvalit finan\u010dn\u00ed sankce a trestn\u00ed obvin\u011bn\u00ed na soudn\u00ed \u00fa\u0159edn\u00edky, pokud jednaj\u00ed proti Ameri\u010dan\u016fm.<\/p>\n<p>\u201eZak\u00e1\u017eeme soudc\u016fm a st\u00e1tn\u00edm z\u00e1stupc\u016fm vstup do Spojen\u00fdch st\u00e1t\u016f.\u00a0Budeme sankcionovat jejich prost\u0159edky v americk\u00e9m finan\u010dn\u00edm syst\u00e9mu a st\u00edhat je v americk\u00e9m krimin\u00e1ln\u00edm syst\u00e9mu.\u00a0Tot\u00e9\u017e ud\u011bl\u00e1me pro jakoukoli spole\u010dnost nebo st\u00e1t, kter\u00fd podporuje vy\u0161et\u0159ov\u00e1n\u00ed ICC proti Ameri\u010dan\u016fm,\u201c \u0159ekl.<\/p>\n<p>Bolton tehdy citoval \u017e\u00e1dost prokur\u00e1tora ICC z listopadu 2017 o zah\u00e1jen\u00ed vy\u0161et\u0159ov\u00e1n\u00ed \u00fadajn\u00fdch v\u00e1le\u010dn\u00fdch zlo\u010din\u016f americk\u00fdch vojensk\u00fdch a zpravodajsk\u00fdch p\u0159edstavitel\u016f v Afgh\u00e1nist\u00e1nu, zejm\u00e9na zneu\u017e\u00edv\u00e1n\u00ed zadr\u017eovan\u00fdch.<\/p>\n<p><span style=\"font-size: 18pt;\"><strong>Bolton v t\u00e9 dob\u011b prohl\u00e1sil:<\/strong><\/span><\/p>\n<p><span style=\"color: #ff0000;\"><strong>\u201eSpojen\u00e9 st\u00e1ty pou\u017eij\u00ed ve\u0161ker\u00e9 prost\u0159edky nezbytn\u00e9 k ochran\u011b na\u0161ich ob\u010dan\u016f a ob\u010dan\u016f na\u0161ich spojenc\u016f p\u0159ed nespravedliv\u00fdm pron\u00e1sledov\u00e1n\u00edm ze strany tohoto nelegitimn\u00edho soudu. S ICC spolupracovat nebudeme. Nebudeme poskytovat pomoc ICC. Do ICC se rozhodn\u011b nep\u0159ipoj\u00edme. Nech\u00e1me ICC zaniknout o samot\u011b.\u201c<\/strong><\/span><\/p>\n<p>Bolton tak\u00e9 odsoudil \u010dinnost soudu od jeho ofici\u00e1ln\u00edho zalo\u017een\u00ed v roce 2002 s t\u00edm, \u017ee v\u011bt\u0161ina velk\u00fdch zem\u00ed se k soudu nep\u0159ipojila.<\/p>\n<p>\u0158ekl, \u017ee navzdory tomu, \u017ee utratil v\u00edce ne\u017e 1,5 miliardy dolar\u016f, soud vynesl pouze osm odsouzen\u00ed a \u017ee to ve sv\u011bt\u011b nevedlo k omezen\u00ed zv\u011brstev.<\/p>\n<p>\u201eNavzdory prob\u00edhaj\u00edc\u00edmu vy\u0161et\u0159ov\u00e1n\u00ed ICC se v Demokratick\u00e9 republice Kongo, S\u00fad\u00e1nu, Libyi, S\u00fdrii a mnoha dal\u0161\u00edch zem\u00edch nad\u00e1le d\u011bj\u00ed zv\u011brstva,\u201c dodal.<\/p>\n<p>Bolton v\u0161ak uvedl, \u017ee hlavn\u00ed n\u00e1mitkou administrativy prezidenta Donalda Trumpa je n\u00e1zor, \u017ee ICC nem\u016f\u017ee m\u00edt vy\u0161\u0161\u00ed autoritu ne\u017e americk\u00e1 \u00fastava a suverenita USA.<\/p>\n<p>\u201eSekul\u00e1rn\u00edm zp\u016fsobem neuzn\u00e1v\u00e1me \u017e\u00e1dnou vy\u0161\u0161\u00ed autoritu, ne\u017e je americk\u00e1 \u00fastava,\u201c \u0159ekl.<\/p>\n<p>\u201eTento prezident nedovol\u00ed, aby byli ameri\u010dt\u00ed ob\u010dan\u00e9 pron\u00e1sledov\u00e1ni zahrani\u010dn\u00edmi byrokraty, a nedovol\u00ed jin\u00fdm n\u00e1rod\u016fm, aby diktovaly na\u0161e prost\u0159edky sebeobrany.\u201c<\/p>\n<p>Tolik k jedin\u00e9mu pokusu odsoudit Ameri\u010dany za jejich v\u00e1le\u010dn\u00e9 zlo\u010diny. \u00dapln\u011b stejn\u011b do ztracena p\u016fjde zcela jist\u011b i \u017ealoba proti Putinovi. Rusko ostatn\u011b ICC tak\u00e9 neuzn\u00e1v\u00e1, tak\u017ee jist\u011b i \u017ealobc\u016fm je od za\u010d\u00e1tku jasn\u00e9, \u017ee samotn\u00e1 \u017ealoba je jen velkohub\u00fdm gestem\u2026<\/p>\n<p><a href=\"https:\/\/www.mundoobrero.es\/2023\/03\/19\/una-multitudinaria-manifestacion-recorre-las-calles-de-lisboa-para-denunciar-la-carestia-de-la-vida-y-la-explotacion-y-para-pedir-un-aumento-de-salarios-y-pensiones\/\">Slovanka<\/a><\/p>\n<p>&nbsp;<\/p>\n<p>&nbsp;<\/p>\n<p><img decoding=\"async\" loading=\"lazy\" class=\"wp-image-19187 aligncenter\" src=\"http:\/\/www.infokuryr.cz\/n\/wp-content\/uploads\/2022\/12\/1-PRO-300x36.jpg\" alt=\"\" width=\"1117\" height=\"134\" srcset=\"https:\/\/www.infokuryr.cz\/n\/wp-content\/uploads\/2022\/12\/1-PRO-300x36.jpg 300w, https:\/\/www.infokuryr.cz\/n\/wp-content\/uploads\/2022\/12\/1-PRO.jpg 699w\" sizes=\"(max-width: 1117px) 100vw, 1117px\" \/><\/p>\n<p>&nbsp;<\/p>\n<p>&nbsp;<\/p>\n<p><img decoding=\"async\" loading=\"lazy\" class=\"wp-image-24432 aligncenter\" src=\"http:\/\/www.infokuryr.cz\/n\/wp-content\/uploads\/2023\/03\/pozvanka-teplice-pro-1-300x156.jpg\" alt=\"\" width=\"1063\" height=\"553\" srcset=\"https:\/\/www.infokuryr.cz\/n\/wp-content\/uploads\/2023\/03\/pozvanka-teplice-pro-1-300x156.jpg 300w, https:\/\/www.infokuryr.cz\/n\/wp-content\/uploads\/2023\/03\/pozvanka-teplice-pro-1.jpg 1272w\" sizes=\"(max-width: 1063px) 100vw, 1063px\" \/><\/p>\n<p>&nbsp;<\/p>\n<p>&nbsp;<\/p>\n","protected":false},"excerpt":{"rendered":"<p>V roce 2018 pohrozily Spojen\u00e9 st\u00e1ty Mezin\u00e1rodn\u00edmu trestn\u00edmu soudu zat\u010den\u00edm jeho soudc\u016f za obvin\u011bn\u00ed souvisej\u00edc\u00ed&#8230;<\/p>\n","protected":false},"author":2,"featured_media":24764,"comment_status":"closed","ping_status":"closed","sticky":false,"template":"","format":"standard","meta":[],"categories":[6],"tags":[576,3992,22,37,2746],"_links":{"self":[{"href":"https:\/\/www.infokuryr.cz\/n\/wp-json\/wp\/v2\/posts\/24763"}],"collection":[{"href":"https:\/\/www.infokuryr.cz\/n\/wp-json\/wp\/v2\/posts"}],"about":[{"href":"https:\/\/www.infokuryr.cz\/n\/wp-json\/wp\/v2\/types\/post"}],"author":[{"embeddable":true,"href":"https:\/\/www.infokuryr.cz\/n\/wp-json\/wp\/v2\/users\/2"}],"replies":[{"embeddable":true,"href":"https:\/\/www.infokuryr.cz\/n\/wp-json\/wp\/v2\/comments?post=24763"}],"version-history":[{"count":1,"href":"https:\/\/www.infokuryr.cz\/n\/wp-json\/wp\/v2\/posts\/24763\/revisions"}],"predecessor-version":[{"id":24765,"href":"https:\/\/www.infokuryr.cz\/n\/wp-json\/wp\/v2\/posts\/24763\/revisions\/24765"}],"wp:featuredmedia":[{"embeddable":true,"href":"https:\/\/www.infokuryr.cz\/n\/wp-json\/wp\/v2\/media\/24764"}],"wp:attachment":[{"href":"https:\/\/www.infokuryr.cz\/n\/wp-json\/wp\/v2\/media?parent=24763"}],"wp:term":[{"taxonomy":"category","embeddable":true,"href":"https:\/\/www.infokuryr.cz\/n\/wp-json\/wp\/v2\/categories?post=24763"},{"taxonomy":"post_tag","embeddable":true,"href":"https:\/\/www.infokuryr.cz\/n\/wp-json\/wp\/v2\/tags?post=24763"}],"curies":[{"name":"wp","href":"https:\/\/api.w.org\/{rel}","templated":true}]}}