{"id":24733,"date":"2023-03-19T05:03:11","date_gmt":"2023-03-19T04:03:11","guid":{"rendered":"http:\/\/www.infokuryr.cz\/n\/?p=24733"},"modified":"2023-03-19T06:02:08","modified_gmt":"2023-03-19T05:02:08","slug":"svatopluk-otava-mezinarodnim-rajem-podvodne-justice-je-holandsko","status":"publish","type":"post","link":"https:\/\/www.infokuryr.cz\/n\/2023\/03\/19\/svatopluk-otava-mezinarodnim-rajem-podvodne-justice-je-holandsko\/","title":{"rendered":"Svatopluk Otava: Mezin\u00e1rodn\u00edm r\u00e1jem podvodn\u00e9 justice je Holandsko"},"content":{"rendered":"<div id=\"fb-root\"><\/div>\n<p><strong>Sta\u010d\u00ed b\u00fdt na t\u00e9 \u201espr\u00e1vn\u00e9\u201c z\u00e1jmov\u00e9 stran\u011b anglosask\u00e9 sv\u011btovl\u00e1dn\u00e9 m\u00e1nie. A na po\u010dk\u00e1n\u00ed, p\u0159esn\u011b na zak\u00e1zku v\u00e1m v\u00a0Holandsku \u201eu\u0161ij\u00ed\u201c takov\u00fd rozsudek, jak\u00fd si zad\u00e1te. Maj\u00ed vtom ti Vl\u00e1mov\u00e9 bohatou praxi a st\u00e1le se zdokonaluj\u00ed.<\/strong><\/p>\n<p><span style=\"font-size: 18pt;\"><strong>Nechcete nechat d\u011bti zem\u0159\u00edt? \u2013 pak jste \u201e\u00fanosce\u201c!<\/strong><\/span><\/p>\n<p>Posledn\u00edm \u201ehitem\u201c zcela jist\u011b \u201enez\u00e1visl\u00e9 justice\u201c made in Holland je tzv. zatyka\u010d na rusk\u00e9ho prezidenta Vladim\u00edra Putina, jen\u017e se pr\u00fd dopou\u0161t\u011bl (asi jaksi zprost\u0159edkovan\u011b) \u00fanos\u016f ukrajinsk\u00fdch d\u011bt\u00ed z\u00a0osvobozen\u00fdch rusk\u00fdch region\u016f hloub\u011bji do Ruska. A\u0165 u\u017e sirotci nebo d\u011bti z\u00a0boji rozd\u011blen\u00fdch rodin byly dopravov\u00e1ny mimo dosah nacistick\u00fdch majdansk\u00fdch st\u0159elc\u016f, co likviduj\u00ed p\u0159ed \u00faprkem v\u0161e \u017eiv\u00e9. Tak v\u00a0pod\u00e1n\u00ed Holan\u010fan\u016f a vybran\u00fdch mezin\u00e1rodn\u00edch pr\u00e1vn\u00edch slouh\u016f se jedn\u00e1 o zlo\u010din \u00fanosu.<\/p>\n<p>S\u00eddlem mezin\u00e1rodn\u00ed a holandsk\u00e9 pr\u00e1vn\u00ed d\u017eungle je m\u011bsto Haag a rusk\u00e9ho prezidenta tou\u017e\u00ed zat\u00fdkat Mezin\u00e1rodn\u00ed trestn\u00ed soud (ICC). To je docela zaj\u00edmav\u00e1 instituce, b\u011b\u017en\u011b pro \u010dten\u00e1\u0159e \u010di poslucha\u010de snadno zam\u011bniteln\u00e1 s\u00a0Mezin\u00e1rodn\u00edm soudn\u00edm dvorem (ICJ) p\u016fsob\u00edc\u00edm tamt\u00e9\u017e. Rozd\u00edl v\u00a0obou instituc\u00edch, pr\u00e1vn\u011b kulhaj\u00edc\u00edch na ob\u011b nohy nebo kolik jich vlastn\u011b maj\u00ed, jist\u00fd je.<\/p>\n<p>Mezin\u00e1rodn\u00ed soudn\u00ed dv\u016fr byl ustaven na z\u00e1klad\u011b charty OSN v\u00a0roce 1945 a jeho verdikty maj\u00ed dosud ur\u010ditou autoritu i v\u00e1hu.\u00a0 Jeho patn\u00e1cti\u010dlenn\u00e9mu slo\u017een\u00ed p\u0159edsed\u00e1 v\u00a0sou\u010dasnosti od r. 2021 Ameri\u010danka Joan E, Donoghue a m\u00edstop\u0159edsedou je Rus Kirill Gevorgian. Zaj\u00edmav\u00e9 je, \u017ee mate\u0159sk\u00e9 zem\u011b p\u0159edsedkyn\u011b a m\u00edstop\u0159edsedy tohoto soudu v\u016fbec neuzn\u00e1vaj\u00ed verdikty (vlastn\u011b tedy legitimitu \u2013 jak pikantn\u00ed, nen\u00ed-li\u017e pravda?) tzv. Mezin\u00e1rodn\u00edho trestn\u00edho soudu.<\/p>\n<p><span style=\"font-size: 18pt;\"><strong>Mezin\u00e1rodn\u00ed zak\u00e1zkov\u00e9 krej\u010dovstv\u00ed. Pr\u00e1v\u011b Fr\u010d\u00ed haagsk\u00fd st\u0159ih!<\/strong><\/span><\/p>\n<p>Vznik tohoto pseudosoudu prezentuj\u00edc\u00edho se v\u00fdkladem pseudopr\u00e1va se datuje do roku 2002 a jedin\u00fdm d\u016fvodem jeho existence se zd\u00e1 b\u00fdt v\u00fdroba rozsudk\u016f a zahajov\u00e1n\u00ed st\u00edh\u00e1n\u00ed na zak\u00e1zku dle anglosask\u00e9ho z\u00e1jmov\u00e9ho stylu. Tud\u00ed\u017e p\u0159\u00edkladn\u011b sta\u010d\u00ed p\u0159ij\u00edt k\u00a0t\u00e9to \u201ene\u00faplatn\u00e9\u201c juristick\u00e9 se\u0161losti s\u00a0historkou o \u00fanosech d\u011bt\u00ed medi\u00e1ln\u011b deklarovanou \u201e\u0161patnou\u201c stranou konfliktu a sebe sama ozna\u010dovat za \u201edobrou\u201c stranu, pak \u2013 ejhle! \u2013 zatyka\u010d na rusk\u00e9ho prezidenta je na sv\u011bt\u011b!<\/p>\n<p>Co na tom, \u017ee p\u0159\u00ed\u010detn\u011bj\u0161\u00ed v\u011bt\u0161ina sv\u011bta jej bude ignorovat nebo se mu sm\u00e1t! A o v\u011bt\u0161in\u011b m\u016f\u017eeme s\u00a0jistotou hovo\u0159it, proto\u017ee zem\u011b p\u0159edstavuj\u00edc\u00ed v\u011bt\u0161inu obyvatelstva planety v\u00fdroky tohoto srandovn\u011b pr\u016fhledn\u00e9ho pseudosoudu neuzn\u00e1vaj\u00ed. Ani Rusko, \u010c\u00edna nebo Indie. Ani USA, kde jdou dokonce tak daleko, \u017ee t\u0159eba v\u00a0roce 2019 zak\u00e1zaly vstupn\u00ed v\u00edza \u010dlen\u016fm \u201esoudu\u201c, aby tak kryly p\u0159\u00edpadn\u00e9 v\u00e1le\u010dn\u00e9 zlo\u010diny USA v\u00a0Afgh\u00e1nist\u00e1nu.<\/p>\n<p>Je to prost\u011b zhola zbyte\u010dn\u00e1 a zhola drah\u00e1 instituce, ji\u017e plat\u00ed pobloudil\u00ed pep\u00ed\u010dci v\u00a0naivn\u00ed v\u00ed\u0159e, \u017ee slou\u017e\u00ed spravedlnosti a cosi snad vym\u016f\u017eou. Vznik takov\u00e9 instituce m\u011bl prvopl\u00e1nov\u011b administrativn\u011b urychlit vytv\u00e1\u0159en\u00ed mezin\u00e1rodn\u00edch tribun\u00e1l\u016f vy\u0161et\u0159uj\u00edc\u00edch v\u00e1le\u010dn\u00e9 zlo\u010diny. Jak se v\u0161ak uk\u00e1zalo, dvojak\u00fdm p\u0159\u00edstupem k\u00a0posuzov\u00e1n\u00ed d\u016fkaz\u016f p\u0159edkl\u00e1dan\u00fdch \u201edobr\u00fdmi\u201c \u010di \u201e\u0161patn\u00fdmi\u201c stranami, se jak tribun\u00e1ly, tak i \u201eslavn\u00fd\u201c Mezin\u00e1rodn\u00ed trestn\u00ed soud \u00fapln\u011b znemo\u017enily. (Jen si vzpome\u0148me na medi\u00e1ln\u011b proklamovan\u00e9 \u201ezl\u00e9\u201c Srby, br\u00e1n\u00edc\u00ed se loupe\u017ei sv\u00e9ho \u00fazem\u00ed a glorifikovan\u00e9 zlo\u010dince a gangstery alb\u00e1nsko-kosovsk\u00fdch mafi\u00ed, kterak tito pochodili v\u00a0Haagu u Mezin\u00e1rodn\u00edho tribun\u00e1lu!)<\/p>\n<p><span style=\"font-size: 18pt;\"><strong>Kdo to chce m\u00edt na 100%, a\u0165 to pod\u00e1 na \u201eokres\u201c<\/strong><\/span><\/p>\n<p>Ale vra\u0165me se je\u0161t\u011b na okam\u017eik k\u00a0titulku tohoto psan\u00ed. Vlastn\u011b ani nen\u00ed t\u0159eba st\u011b\u017eovat si V\u00a0Holandsku u mezin\u00e1rodn\u00edch instituc\u00ed. Pot\u0159ebujete-li \u201espr\u00e1vn\u00fd\u201c verdikt na sv\u00e9 zlo\u010diny a zcela oto\u010dit pozice vin\u00edk \u2013 posti\u017een\u00fd, sta\u010d\u00ed tam odsko\u010dit k\u00a0soudu okresn\u00edmu. Otev\u0159en\u00e9 zdroje uv\u00e1d\u011bj\u00ed, \u017ee \u201erozsudek\u201c na do\u017eivot\u00ed nad dv\u011bma Rusy a jedn\u00edm Ukrajincem obvin\u011bn\u00fdmi z\u00a0pod\u00edlu na sest\u0159elen\u00ed malajsijsk\u00e9ho dopravn\u00edho letadla MH-17 vystavil haagsk\u00fd soud. (Okresn\u00ed? M\u011bstsk\u00fd?) Vzhledem k\u00a0p\u0159edchoz\u00ed dohod\u011b Ukrajiny a Nizozemska o pou\u017eit\u00ed nizozemsk\u00e9ho pr\u00e1va v\u00a0tomto p\u0159\u00edpad\u011b je dokonale jasno. D\u016fkaz\u016f net\u0159eba, v\u00fdslech z\u00fa\u010dastn\u011bn\u00fdch stran net\u0159eba, p\u0159ibr\u00e1n\u00ed expert\u016f obvi\u0148ovan\u00e9 zem\u011b (Ruska), jako\u017e i posti\u017een\u00e9 zem\u011b (Malajsie) rovn\u011b\u017e net\u0159eba! Zaplacen\u00fd \u017eurnalistick\u00fd ut\u0159inos s\u00a0dostate\u010dn\u011b rozvinut\u00fdm egem a prostitu\u010dn\u00edmi vlastnostmi pak docela sta\u010d\u00ed k \u201evypracov\u00e1n\u00ed\u201c \u201erozsudku\u201c.<\/p>\n<p>Pravda, je to v\u0161echno k\u00a0sm\u00edchu. Ale na druh\u00e9 stran\u011b \u2013 dle vyj\u00e1d\u0159en\u00ed jak\u00e9hosi b\u016fhv\u00edk\u00fdm vod\u011bn\u00e9ho Spejbla na Hrad\u011b, nediplomatick\u00e9ho d\u011b\u0165\u00e1tka supluj\u00edc\u00edho protektor\u00e1tn\u00ed \u201ediplomacii\u201c \u010di t\u0159eba Hurv\u00ednka p\u0159edsedaj\u00edc\u00edho jak\u00e9musi sen\u00e1tu \u2013 opravdu jen men\u0161in\u011b na\u0161ich ob\u010dan\u016f vad\u00ed, \u017ee jsme p\u0159ed sv\u011btem za blbe\u010dky? A sv\u011btem mysl\u00edm sv\u011bt. Ne ten chc\u00edpaj\u00edc\u00ed z\u00e1padn\u00ed zbytek kdysi v\u0161emocn\u00e9ho kolonialismu, zvouc\u00edho se \u201ecivilizac\u00ed\u201c. Kam pr\u00fd pat\u0159\u00edme a kde jsme br\u00e1ni maxim\u00e1ln\u011b jako obstojn\u00ed sluhov\u00e9 a vhodn\u00fd kan\u00f3nenfutr pro nast\u00e1vaj\u00edc\u00ed rva\u010dku o nerostn\u00e9 zdroje\u2026..<\/p>\n<p><em><strong>Svatopluk Otava<br \/>\n<\/strong><strong>koment\u00e1tor ANS<\/strong><\/em><\/p>\n<p><img decoding=\"async\" loading=\"lazy\" class=\"alignnone size-medium wp-image-9908\" src=\"http:\/\/www.infokuryr.cz\/n\/wp-content\/uploads\/2022\/04\/ANS-300x169.png\" alt=\"\" width=\"300\" height=\"169\" srcset=\"https:\/\/www.infokuryr.cz\/n\/wp-content\/uploads\/2022\/04\/ANS-300x169.png 300w, https:\/\/www.infokuryr.cz\/n\/wp-content\/uploads\/2022\/04\/ANS-1024x576.png 1024w, https:\/\/www.infokuryr.cz\/n\/wp-content\/uploads\/2022\/04\/ANS-768x432.png 768w, https:\/\/www.infokuryr.cz\/n\/wp-content\/uploads\/2022\/04\/ANS.png 1180w\" sizes=\"(max-width: 300px) 100vw, 300px\" \/><\/p>\n<p>_____________________________<\/p>\n<p>&nbsp;<\/p>\n<p>&nbsp;<\/p>\n<p><img decoding=\"async\" loading=\"lazy\" class=\"wp-image-19187 aligncenter\" src=\"http:\/\/www.infokuryr.cz\/n\/wp-content\/uploads\/2022\/12\/1-PRO-300x36.jpg\" alt=\"\" width=\"1108\" height=\"133\" srcset=\"https:\/\/www.infokuryr.cz\/n\/wp-content\/uploads\/2022\/12\/1-PRO-300x36.jpg 300w, https:\/\/www.infokuryr.cz\/n\/wp-content\/uploads\/2022\/12\/1-PRO.jpg 699w\" sizes=\"(max-width: 1108px) 100vw, 1108px\" \/><\/p>\n<p>&nbsp;<\/p>\n<p>&nbsp;<\/p>\n<p><img decoding=\"async\" loading=\"lazy\" class=\"wp-image-24432 aligncenter\" src=\"http:\/\/www.infokuryr.cz\/n\/wp-content\/uploads\/2023\/03\/pozvanka-teplice-pro-1-300x156.jpg\" alt=\"\" width=\"1012\" height=\"526\" srcset=\"https:\/\/www.infokuryr.cz\/n\/wp-content\/uploads\/2023\/03\/pozvanka-teplice-pro-1-300x156.jpg 300w, https:\/\/www.infokuryr.cz\/n\/wp-content\/uploads\/2023\/03\/pozvanka-teplice-pro-1-1024x531.jpg 1024w, https:\/\/www.infokuryr.cz\/n\/wp-content\/uploads\/2023\/03\/pozvanka-teplice-pro-1-768x398.jpg 768w, https:\/\/www.infokuryr.cz\/n\/wp-content\/uploads\/2023\/03\/pozvanka-teplice-pro-1.jpg 1272w\" sizes=\"(max-width: 1012px) 100vw, 1012px\" \/><\/p>\n<p>&nbsp;<\/p>\n<p><img decoding=\"async\" loading=\"lazy\" class=\"wp-image-24737 aligncenter\" src=\"http:\/\/www.infokuryr.cz\/n\/wp-content\/uploads\/2023\/03\/cesko_proti_bide2-239x300.png\" alt=\"\" width=\"746\" height=\"936\" srcset=\"https:\/\/www.infokuryr.cz\/n\/wp-content\/uploads\/2023\/03\/cesko_proti_bide2-239x300.png 239w, https:\/\/www.infokuryr.cz\/n\/wp-content\/uploads\/2023\/03\/cesko_proti_bide2-816x1024.png 816w, https:\/\/www.infokuryr.cz\/n\/wp-content\/uploads\/2023\/03\/cesko_proti_bide2-768x964.png 768w, https:\/\/www.infokuryr.cz\/n\/wp-content\/uploads\/2023\/03\/cesko_proti_bide2.png 846w\" sizes=\"(max-width: 746px) 100vw, 746px\" \/><\/p>\n<p>&nbsp;<\/p>\n","protected":false},"excerpt":{"rendered":"<p>Sta\u010d\u00ed b\u00fdt na t\u00e9 \u201espr\u00e1vn\u00e9\u201c z\u00e1jmov\u00e9 stran\u011b anglosask\u00e9 sv\u011btovl\u00e1dn\u00e9 m\u00e1nie. A na po\u010dk\u00e1n\u00ed, p\u0159esn\u011b na&#8230;<\/p>\n","protected":false},"author":2,"featured_media":24220,"comment_status":"closed","ping_status":"closed","sticky":false,"template":"","format":"standard","meta":[],"categories":[6],"tags":[576,4609,4608,520],"_links":{"self":[{"href":"https:\/\/www.infokuryr.cz\/n\/wp-json\/wp\/v2\/posts\/24733"}],"collection":[{"href":"https:\/\/www.infokuryr.cz\/n\/wp-json\/wp\/v2\/posts"}],"about":[{"href":"https:\/\/www.infokuryr.cz\/n\/wp-json\/wp\/v2\/types\/post"}],"author":[{"embeddable":true,"href":"https:\/\/www.infokuryr.cz\/n\/wp-json\/wp\/v2\/users\/2"}],"replies":[{"embeddable":true,"href":"https:\/\/www.infokuryr.cz\/n\/wp-json\/wp\/v2\/comments?post=24733"}],"version-history":[{"count":1,"href":"https:\/\/www.infokuryr.cz\/n\/wp-json\/wp\/v2\/posts\/24733\/revisions"}],"predecessor-version":[{"id":24748,"href":"https:\/\/www.infokuryr.cz\/n\/wp-json\/wp\/v2\/posts\/24733\/revisions\/24748"}],"wp:featuredmedia":[{"embeddable":true,"href":"https:\/\/www.infokuryr.cz\/n\/wp-json\/wp\/v2\/media\/24220"}],"wp:attachment":[{"href":"https:\/\/www.infokuryr.cz\/n\/wp-json\/wp\/v2\/media?parent=24733"}],"wp:term":[{"taxonomy":"category","embeddable":true,"href":"https:\/\/www.infokuryr.cz\/n\/wp-json\/wp\/v2\/categories?post=24733"},{"taxonomy":"post_tag","embeddable":true,"href":"https:\/\/www.infokuryr.cz\/n\/wp-json\/wp\/v2\/tags?post=24733"}],"curies":[{"name":"wp","href":"https:\/\/api.w.org\/{rel}","templated":true}]}}