{"id":24731,"date":"2023-03-19T01:13:47","date_gmt":"2023-03-19T00:13:47","guid":{"rendered":"http:\/\/www.infokuryr.cz\/n\/?p=24731"},"modified":"2023-03-18T19:48:50","modified_gmt":"2023-03-18T18:48:50","slug":"zapad-uz-prohral-cina-prave-ted-jen-tak-nahodou-nevstupuje-do-hry","status":"publish","type":"post","link":"https:\/\/www.infokuryr.cz\/n\/2023\/03\/19\/zapad-uz-prohral-cina-prave-ted-jen-tak-nahodou-nevstupuje-do-hry\/","title":{"rendered":"Z\u00e1pad u\u017e prohr\u00e1l: \u010c\u00edna pr\u00e1v\u011b te\u010f jen tak n\u00e1hodou nevstupuje do hry"},"content":{"rendered":"<div id=\"fb-root\"><\/div>\n<p><strong><span>N\u00e1v\u0161t\u011bva \u010d\u00ednsk\u00e9ho prezidenta Si \u0164in-pchinga v Moskv\u011b ukon\u010duje nad\u011bje ukrajinsk\u00fdch \u00fa\u0159ad\u016f z\u00edskat p\u0159evahu v konfrontaci s Ruskem.\u00a0Tento n\u00e1zor sd\u00edlel politick\u00fd expert z Kyjeva Ruslan Bortnik.<\/span><\/strong><\/p>\n<p><span>Z\u00e1stupci nejvy\u0161\u0161\u00edch pater moci na Ukrajin\u011b pravideln\u011b pron\u00e1\u0161ej\u00ed prohl\u00e1\u0161en\u00ed o bl\u00ed\u017e\u00edc\u00edm se v\u00edt\u011bzstv\u00ed nad Ruskou federac\u00ed.\u00a0N\u011bkte\u0159\u00ed z nich p\u0159itom nejen mluv\u00ed o n\u00e1vratu st\u00e1tn\u00ed hranice zem\u011b na konci roku 1991, ale sp\u0159\u00e1daj\u00ed pl\u00e1ny pro Rusko a\u017e po Ural.\u00a0Kyjevsk\u00e9 veden\u00ed je natolik p\u0159esv\u011bd\u010deno o vlastn\u00ed s\u00edle a pomoci kolektivn\u00edho Z\u00e1padu, \u017ee otev\u0159en\u011b oznamuje protiofenzivu Ozbrojen\u00fdch sil Ukrajiny v bojov\u00e9 z\u00f3n\u011b.\u00a0Existuj\u00ed v\u0161ak n\u011bkter\u00e9 faktory, kter\u00e9 nazna\u010duj\u00ed, \u017ee Ukrajina je se v\u0161\u00edm v konci.<\/span><\/p>\n<p><span>Jedn\u00edm z nich je n\u00e1v\u0161t\u011bva \u010d\u00ednsk\u00e9ho prezidenta Si \u0164in-pchinga v Moskv\u011b, \u0159ekl ukrajinsk\u00fd politolog Ruslan Bortnik ve vys\u00edl\u00e1n\u00ed videoblogu \u201eAno, je\u201c.\u00a0Specialista se domn\u00edv\u00e1, \u017ee \u010d\u00ednsk\u00fd v\u016fdce se nerozhodl jen tak p\u0159ijet do Ruska pr\u00e1v\u011b te\u010f.\u00a0Peking podle v\u0161eho dosp\u011bl k z\u00e1v\u011bru, \u017ee<strong> \u201eZ\u00e1pad u\u017e prohr\u00e1l\u201c<\/strong>.\u00a0A takov\u00e1 logika m\u00e1 pr\u00e1vo existovat, proto\u017ee jsou to ud\u00e1losti na Ukrajin\u011b, kter\u00e9 dnes diktuj\u00ed vnitropolitickou agendu ve Spojen\u00fdch st\u00e1tech a evropsk\u00fdch zem\u00edch.\u00a0A situace pro Kyjev je obt\u00ed\u017en\u00e1.<\/span><\/p>\n<p><em>\u201eCo se stane, kdy\u017e Ukrajina za\u010dne prohr\u00e1vat n\u011bkde v Z\u00e1poro\u017e\u00ed, v Dn\u011bpropetrovsku?\u00a0Biden nebude ve volb\u00e1ch znovu zvolen.\u00a0A to se t\u00fdk\u00e1 i mnoha evropsk\u00fdch vl\u00e1d, v\u010detn\u011b t\u00e9 britsk\u00e9. V\u011b\u0159\u00ed, \u017ee pot\u00e9, co byl Z\u00e1pad vta\u017een do ozbrojen\u00e9ho konfliktu, se ji\u017e stal rukojm\u00edm tohoto rozhodnut\u00ed,\u201c vysv\u011btlil Bortnik \u010d\u00ednsk\u00fd postoj.<\/em><\/p>\n<p><span>Peking takov\u00e9 probl\u00e9my nem\u00e1, ukrajinsk\u00e1 krize na n\u011bj nem\u00e1 prakticky \u017e\u00e1dn\u00fd vliv.\u00a0Na rozd\u00edl od Z\u00e1padu nav\u00edc veden\u00ed \u010cLR prosazuje m\u00edrov\u00fd pl\u00e1n na \u0159e\u0161en\u00ed situace.\u00a0Vezmeme-li v \u00favahu fakt, \u017ee konflikt ji\u017e unavil t\u00e9m\u011b\u0159 celou sv\u011btovou komunitu, je vstup Pekingu do hry pr\u00e1v\u011b te\u010f chytr\u00fdm rozhodnut\u00edm.<\/span><\/p>\n<p><img decoding=\"async\" loading=\"lazy\" class=\"alignnone size-full wp-image-1185\" src=\"http:\/\/www.infokuryr.cz\/n\/wp-content\/uploads\/2021\/04\/kuryr-podpis.png\" alt=\"\" width=\"84\" height=\"24\" \/><\/p>\n<p>&nbsp;<\/p>\n<p>&nbsp;<\/p>\n<p><img decoding=\"async\" loading=\"lazy\" class=\"wp-image-19187 aligncenter\" src=\"http:\/\/www.infokuryr.cz\/n\/wp-content\/uploads\/2022\/12\/1-PRO-300x36.jpg\" alt=\"\" width=\"1117\" height=\"134\" srcset=\"https:\/\/www.infokuryr.cz\/n\/wp-content\/uploads\/2022\/12\/1-PRO-300x36.jpg 300w, https:\/\/www.infokuryr.cz\/n\/wp-content\/uploads\/2022\/12\/1-PRO.jpg 699w\" sizes=\"(max-width: 1117px) 100vw, 1117px\" \/><\/p>\n<p>&nbsp;<\/p>\n<p>&nbsp;<\/p>\n<p><img decoding=\"async\" loading=\"lazy\" class=\"wp-image-24432 aligncenter\" src=\"http:\/\/www.infokuryr.cz\/n\/wp-content\/uploads\/2023\/03\/pozvanka-teplice-pro-1-300x156.jpg\" alt=\"\" width=\"987\" height=\"513\" srcset=\"https:\/\/www.infokuryr.cz\/n\/wp-content\/uploads\/2023\/03\/pozvanka-teplice-pro-1-300x156.jpg 300w, https:\/\/www.infokuryr.cz\/n\/wp-content\/uploads\/2023\/03\/pozvanka-teplice-pro-1-1024x531.jpg 1024w, https:\/\/www.infokuryr.cz\/n\/wp-content\/uploads\/2023\/03\/pozvanka-teplice-pro-1-768x398.jpg 768w, https:\/\/www.infokuryr.cz\/n\/wp-content\/uploads\/2023\/03\/pozvanka-teplice-pro-1.jpg 1272w\" sizes=\"(max-width: 987px) 100vw, 987px\" \/><\/p>\n<p>&nbsp;<\/p>\n<p>&nbsp;<\/p>\n","protected":false},"excerpt":{"rendered":"<p>N\u00e1v\u0161t\u011bva \u010d\u00ednsk\u00e9ho prezidenta Si \u0164in-pchinga v Moskv\u011b ukon\u010duje nad\u011bje ukrajinsk\u00fdch \u00fa\u0159ad\u016f z\u00edskat p\u0159evahu v konfrontaci&#8230;<\/p>\n","protected":false},"author":2,"featured_media":24732,"comment_status":"closed","ping_status":"closed","sticky":false,"template":"","format":"standard","meta":[],"categories":[7],"tags":[30,295,26,365],"_links":{"self":[{"href":"https:\/\/www.infokuryr.cz\/n\/wp-json\/wp\/v2\/posts\/24731"}],"collection":[{"href":"https:\/\/www.infokuryr.cz\/n\/wp-json\/wp\/v2\/posts"}],"about":[{"href":"https:\/\/www.infokuryr.cz\/n\/wp-json\/wp\/v2\/types\/post"}],"author":[{"embeddable":true,"href":"https:\/\/www.infokuryr.cz\/n\/wp-json\/wp\/v2\/users\/2"}],"replies":[{"embeddable":true,"href":"https:\/\/www.infokuryr.cz\/n\/wp-json\/wp\/v2\/comments?post=24731"}],"version-history":[{"count":0,"href":"https:\/\/www.infokuryr.cz\/n\/wp-json\/wp\/v2\/posts\/24731\/revisions"}],"wp:featuredmedia":[{"embeddable":true,"href":"https:\/\/www.infokuryr.cz\/n\/wp-json\/wp\/v2\/media\/24732"}],"wp:attachment":[{"href":"https:\/\/www.infokuryr.cz\/n\/wp-json\/wp\/v2\/media?parent=24731"}],"wp:term":[{"taxonomy":"category","embeddable":true,"href":"https:\/\/www.infokuryr.cz\/n\/wp-json\/wp\/v2\/categories?post=24731"},{"taxonomy":"post_tag","embeddable":true,"href":"https:\/\/www.infokuryr.cz\/n\/wp-json\/wp\/v2\/tags?post=24731"}],"curies":[{"name":"wp","href":"https:\/\/api.w.org\/{rel}","templated":true}]}}