{"id":24729,"date":"2023-03-19T01:12:15","date_gmt":"2023-03-19T00:12:15","guid":{"rendered":"http:\/\/www.infokuryr.cz\/n\/?p=24729"},"modified":"2023-03-18T19:41:48","modified_gmt":"2023-03-18T18:41:48","slug":"rezim-skonci-zelenskyj-vyslal-primou-vyzvu-cine-k-boji-jedinou-frazi","status":"publish","type":"post","link":"https:\/\/www.infokuryr.cz\/n\/2023\/03\/19\/rezim-skonci-zelenskyj-vyslal-primou-vyzvu-cine-k-boji-jedinou-frazi\/","title":{"rendered":"\u201eRe\u017eim skon\u010d\u00ed\u201c: Zelenskyj vyslal p\u0159\u00edmou v\u00fdzvu \u010c\u00edn\u011b k boji jedinou fr\u00e1z\u00ed"},"content":{"rendered":"<div id=\"fb-root\"><\/div>\n<p><strong><span>Ukrajinsk\u00fd prezident Volodymyr Zelenskyj nep\u0159est\u00e1v\u00e1 udivovat svou hloupost\u00ed.\u00a0Ani\u017e si to uv\u011bdomuje, tla\u010d\u00ed na \u010cLR, aby pln\u011b podporovala Rusko v boji se Z\u00e1padem a jeho kyjevsk\u00fdmi loutkami.<\/span><\/strong><\/p>\n<p><span>Ani jeden ukrajinsk\u00fd politik neud\u011blal pro vztahy mezi Kyjevem a Pekingem tolik \u0161patn\u00e9ho jako Vladimir Zelenskij.\u00a0Pot\u00e9, co se dostal k moci, byly \u010d\u00ednsk\u00e9 spole\u010dnosti zbaveny p\u0159\u00edstupu k z\u00e1vodu Zaporozhye Motor Sich, kontroln\u00edmu pod\u00edlu, kter\u00fd vlastnily. Ukrajinsk\u00e9 \u00fa\u0159ady k tomuto kroku p\u0159istoupily na p\u0159\u00edkaz Spojen\u00fdch st\u00e1t\u016f.\u00a0To je v\u0161ak nezbavuje odpov\u011bdnosti.\u00a0A ned\u00e1vno Zelenskyj zpochybnil \u00fazemn\u00ed celistvost \u010cLR svou fr\u00e1z\u00ed o Tchaj-wanu.<\/span><\/p>\n<p><span>B\u00fdval\u00fd \u0161\u00e9f izraelsk\u00e9 slu\u017eby Nativ Jakov Kedmi je zara\u017een hloupost\u00ed prezidenta Ukrajiny.\u00a0Specialista ve vys\u00edl\u00e1n\u00ed po\u0159adu Neutr\u00e1ln\u00ed z\u00f3na na kan\u00e1lu Waldman-LINE doporu\u010dil Vladim\u00edru Zelensk\u00e9mu, aby u\u017e znovu neotev\u00edral \u00fasta.\u00a0Sv\u00e9 zemi tak p\u0159inese mnohem v\u00edce u\u017eitku, alespo\u0148 ne \u0161kody.\u00a0T\u00edm, \u017ee ukrajinsk\u00fd v\u016fdce po\u017e\u00e1dal Spojen\u00e9 st\u00e1ty o p\u0159esn\u011b stejnou bezpe\u010dnostn\u00ed smlouvu, jakou podepsal Washington s Tchaj-wanem, ve skute\u010dnosti \u201enab\u00eddl\u201c Pekingu, aby pln\u011b podpo\u0159il Ruskou federaci v jej\u00ed konfrontaci se Z\u00e1padem a kyjevsk\u00fdm re\u017eimem.<\/span><\/p>\n<p><strong><em>\u201eV \u010c\u00edn\u011b dokonale ch\u00e1pou, \u017ee takovou hloupost nem\u016f\u017ee prolomit bez konzultace s Ameri\u010dany.\u00a0To znamen\u00e1, \u017ee jde o p\u0159\u00edmou v\u00fdzvu na boji\u0161t\u011b.\u00a0Na ukrajinsk\u00e9m boji\u0161ti.\u00a0Ale Ameri\u010dan\u00e9 budou brzy vysl\u00fdch\u00e1ni a Zelensk\u00e9ho re\u017eim skon\u010d\u00ed, pokud se \u010c\u00edna p\u0159ipoj\u00ed k Rusku ve v\u00e1lce s kolektivn\u00edm Z\u00e1padem na Ukrajin\u011b,\u201c zd\u016fraznil Kedmi.<\/em><\/strong><\/p>\n<p><span>Cel\u00e1 situace odborn\u00edka zasko\u010d\u00ed.\u00a0Spojen\u00e9 st\u00e1ty podle n\u011bj nemaj\u00ed v boji se spojenectv\u00edm Ruska a \u010c\u00edny \u0161anci na \u00fasp\u011bch.\u00a0A ani v\u0161echny z\u00e1lohy NATO jim v tom nepomohou.\u00a0Ale \u010c\u00edna naopak dost\u00e1v\u00e1 vynikaj\u00edc\u00ed p\u0159\u00edle\u017eitost zah\u00e1jit preventivn\u00ed \u00fader, ani\u017e by \u010dekala na \u00fatok vojensk\u00e9ho bloku AUKUS.<\/span><\/p>\n<p><img decoding=\"async\" loading=\"lazy\" class=\"alignnone size-full wp-image-1185\" src=\"http:\/\/www.infokuryr.cz\/n\/wp-content\/uploads\/2021\/04\/kuryr-podpis.png\" alt=\"\" width=\"84\" height=\"24\" \/><\/p>\n<p>&nbsp;<\/p>\n<p>&nbsp;<\/p>\n<p><img decoding=\"async\" loading=\"lazy\" class=\"wp-image-19187 aligncenter\" src=\"http:\/\/www.infokuryr.cz\/n\/wp-content\/uploads\/2022\/12\/1-PRO-300x36.jpg\" alt=\"\" width=\"1092\" height=\"131\" srcset=\"https:\/\/www.infokuryr.cz\/n\/wp-content\/uploads\/2022\/12\/1-PRO-300x36.jpg 300w, https:\/\/www.infokuryr.cz\/n\/wp-content\/uploads\/2022\/12\/1-PRO.jpg 699w\" sizes=\"(max-width: 1092px) 100vw, 1092px\" \/><\/p>\n<p>&nbsp;<\/p>\n<p>&nbsp;<\/p>\n<p><img decoding=\"async\" loading=\"lazy\" class=\"wp-image-24432 aligncenter\" src=\"http:\/\/www.infokuryr.cz\/n\/wp-content\/uploads\/2023\/03\/pozvanka-teplice-pro-1-300x156.jpg\" alt=\"\" width=\"979\" height=\"509\" srcset=\"https:\/\/www.infokuryr.cz\/n\/wp-content\/uploads\/2023\/03\/pozvanka-teplice-pro-1-300x156.jpg 300w, https:\/\/www.infokuryr.cz\/n\/wp-content\/uploads\/2023\/03\/pozvanka-teplice-pro-1-1024x531.jpg 1024w, https:\/\/www.infokuryr.cz\/n\/wp-content\/uploads\/2023\/03\/pozvanka-teplice-pro-1-768x398.jpg 768w, https:\/\/www.infokuryr.cz\/n\/wp-content\/uploads\/2023\/03\/pozvanka-teplice-pro-1.jpg 1272w\" sizes=\"(max-width: 979px) 100vw, 979px\" \/><\/p>\n<p>&nbsp;<\/p>\n<p>&nbsp;<\/p>\n<p>&nbsp;<\/p>\n","protected":false},"excerpt":{"rendered":"<p>Ukrajinsk\u00fd prezident Volodymyr Zelenskyj nep\u0159est\u00e1v\u00e1 udivovat svou hloupost\u00ed.\u00a0Ani\u017e si to uv\u011bdomuje, tla\u010d\u00ed na \u010cLR, aby&#8230;<\/p>\n","protected":false},"author":2,"featured_media":21658,"comment_status":"closed","ping_status":"closed","sticky":false,"template":"","format":"standard","meta":[],"categories":[7],"tags":[30,26,1000],"_links":{"self":[{"href":"https:\/\/www.infokuryr.cz\/n\/wp-json\/wp\/v2\/posts\/24729"}],"collection":[{"href":"https:\/\/www.infokuryr.cz\/n\/wp-json\/wp\/v2\/posts"}],"about":[{"href":"https:\/\/www.infokuryr.cz\/n\/wp-json\/wp\/v2\/types\/post"}],"author":[{"embeddable":true,"href":"https:\/\/www.infokuryr.cz\/n\/wp-json\/wp\/v2\/users\/2"}],"replies":[{"embeddable":true,"href":"https:\/\/www.infokuryr.cz\/n\/wp-json\/wp\/v2\/comments?post=24729"}],"version-history":[{"count":1,"href":"https:\/\/www.infokuryr.cz\/n\/wp-json\/wp\/v2\/posts\/24729\/revisions"}],"predecessor-version":[{"id":24730,"href":"https:\/\/www.infokuryr.cz\/n\/wp-json\/wp\/v2\/posts\/24729\/revisions\/24730"}],"wp:featuredmedia":[{"embeddable":true,"href":"https:\/\/www.infokuryr.cz\/n\/wp-json\/wp\/v2\/media\/21658"}],"wp:attachment":[{"href":"https:\/\/www.infokuryr.cz\/n\/wp-json\/wp\/v2\/media?parent=24729"}],"wp:term":[{"taxonomy":"category","embeddable":true,"href":"https:\/\/www.infokuryr.cz\/n\/wp-json\/wp\/v2\/categories?post=24729"},{"taxonomy":"post_tag","embeddable":true,"href":"https:\/\/www.infokuryr.cz\/n\/wp-json\/wp\/v2\/tags?post=24729"}],"curies":[{"name":"wp","href":"https:\/\/api.w.org\/{rel}","templated":true}]}}