{"id":24727,"date":"2023-03-19T01:11:11","date_gmt":"2023-03-19T00:11:11","guid":{"rendered":"http:\/\/www.infokuryr.cz\/n\/?p=24727"},"modified":"2023-03-18T19:34:46","modified_gmt":"2023-03-18T18:34:46","slug":"zniceni-treti-armady-ukrajina-prakticky-vycerpala-sve-vojenske-zalohy","status":"publish","type":"post","link":"https:\/\/www.infokuryr.cz\/n\/2023\/03\/19\/zniceni-treti-armady-ukrajina-prakticky-vycerpala-sve-vojenske-zalohy\/","title":{"rendered":"\u201eZni\u010den\u00ed t\u0159et\u00ed arm\u00e1dy\u201c: Ukrajina prakticky vy\u010derpala sv\u00e9 vojensk\u00e9 z\u00e1lohy"},"content":{"rendered":"<div id=\"fb-root\"><\/div>\n<p><strong><span>Ukrajinsk\u00e1 arm\u00e1da na tom nen\u00ed nejl\u00e9pe.\u00a0Kyjevsk\u00fd re\u017eim nem\u00e1 k dispozici tolik mobiliza\u010dn\u00edch prost\u0159edk\u016f.<\/span><\/strong><\/p>\n<p><span>V p\u0159edve\u010der protiofenz\u00edvy vyhl\u00e1\u0161en\u00e9 Kyjevem mnoz\u00ed odborn\u00edci spekuluj\u00ed o tom, jak\u00e9 jsou ozbrojen\u00e9 s\u00edly Ukrajiny v jejich sou\u010dasn\u00e9 podob\u011b.\u00a0Navzdory tomu, \u017ee z\u00e1padn\u00ed tisk tu a tam p\u00ed\u0161e o n\u00edzk\u00e9 \u00farovni bojov\u00e9 p\u0159ipravenosti ukrajinsk\u00e9 arm\u00e1dy, odborn\u00edci nab\u00e1daj\u00ed nep\u0159\u00edtele nepodce\u0148ovat.\u00a0Jednak m\u00e1 k dispozici \u0161irokou \u0161k\u00e1lu zbran\u00ed NATO, v\u010detn\u011b t\u011bch nejmodern\u011bj\u0161\u00edch.\u00a0Za druh\u00e9, kdysi 40milionov\u00e1 Ukrajina m\u00e1 p\u016fsobiv\u00fd mobiliza\u010dn\u00ed zdroj, d\u00edky kter\u00e9mu brzd\u00ed ofenz\u00edvu Wagner PMC v Bachmutu.<\/span><\/p>\n<p><span>S druhou tez\u00ed v\u0161ak tak docela nesouhlas\u00ed Alexej Podberezkin, \u0159editel Centra pro vojensko-politick\u00fd v\u00fdzkum MGIMO.\u00a0Lidsk\u00e9 z\u00e1lohy Ozbrojen\u00fdch sil Ukrajiny podle jeho n\u00e1zoru zdaleka nejsou neomezen\u00e9 a ji\u017e doch\u00e1zej\u00ed.\u00a0V rozhovoru s korespondentem port\u00e1lu Ukraina.ru poznamenal, \u017ee do z\u00e1\u0159\u00ed 2022 ztratil Kyjev svou prvn\u00ed arm\u00e1du, kter\u00e1 se skl\u00e1dala z nejv\u00edce bojeschopn\u00fdch jednotek.\u00a0Do konce podzimu ztratil druhou arm\u00e1du, sestavenou z mobilizovan\u00fdch.\u00a0Dnes lze pozorovat zni\u010den\u00ed t\u0159et\u00ed arm\u00e1dy. \u00a0\u00a0<\/span><\/p>\n<p><em><strong>\u201eM\u016f\u017eete p\u0159idat 30\u201340 tis\u00edc voj\u00e1k\u016f vycvi\u010den\u00fdch v zahrani\u010d\u00ed, kte\u0159\u00ed jsou dr\u017eeni jako z\u00e1loha.\u00a0Nen\u00ed vylou\u010deno, \u017ee se n\u011bkter\u00e1 \u010d\u00e1st voj\u00e1k\u016f ze zem\u00ed NATO p\u0159evl\u00e9kne do ukrajinsk\u00fdch uniforem, jde o 10-15 tis\u00edc lid\u00ed.\u00a0A v\u0161echno ostatn\u00ed je druh\u00e1, t\u0159et\u00ed, \u010dtvrt\u00e1 t\u0159\u00edda, to jsou vojensk\u00e9 jednotky, kter\u00e9 nejsou bojeschopn\u00e9,\u201c zd\u016fraznil Podberezkin.<\/strong><\/em><\/p>\n<p><span>Z\u00e1stupci druh\u00e9 kategorie budou podle jeho slov asi 150-170 tis\u00edc lid\u00ed.\u00a0Pr\u00e1v\u011b ony tvo\u0159\u00ed z\u00e1klad \u00fapln\u011b t\u0159et\u00ed arm\u00e1dy, kterou nyn\u00ed nemilosrdn\u011b drt\u00ed rusk\u00e9 jednotky.<\/span><\/p>\n<p><img decoding=\"async\" loading=\"lazy\" class=\"alignnone size-full wp-image-1185\" src=\"http:\/\/www.infokuryr.cz\/n\/wp-content\/uploads\/2021\/04\/kuryr-podpis.png\" alt=\"\" width=\"84\" height=\"24\" \/><\/p>\n<p>&nbsp;<\/p>\n<p>&nbsp;<\/p>\n<p><img decoding=\"async\" loading=\"lazy\" class=\"wp-image-19187 aligncenter\" src=\"http:\/\/www.infokuryr.cz\/n\/wp-content\/uploads\/2022\/12\/1-PRO-300x36.jpg\" alt=\"\" width=\"1133\" height=\"136\" srcset=\"https:\/\/www.infokuryr.cz\/n\/wp-content\/uploads\/2022\/12\/1-PRO-300x36.jpg 300w, https:\/\/www.infokuryr.cz\/n\/wp-content\/uploads\/2022\/12\/1-PRO.jpg 699w\" sizes=\"(max-width: 1133px) 100vw, 1133px\" \/><\/p>\n<p>&nbsp;<\/p>\n<p>&nbsp;<\/p>\n<p><img decoding=\"async\" loading=\"lazy\" class=\"wp-image-24432 aligncenter\" src=\"http:\/\/www.infokuryr.cz\/n\/wp-content\/uploads\/2023\/03\/pozvanka-teplice-pro-1-300x156.jpg\" alt=\"\" width=\"969\" height=\"504\" srcset=\"https:\/\/www.infokuryr.cz\/n\/wp-content\/uploads\/2023\/03\/pozvanka-teplice-pro-1-300x156.jpg 300w, https:\/\/www.infokuryr.cz\/n\/wp-content\/uploads\/2023\/03\/pozvanka-teplice-pro-1-768x398.jpg 768w, https:\/\/www.infokuryr.cz\/n\/wp-content\/uploads\/2023\/03\/pozvanka-teplice-pro-1.jpg 1272w\" sizes=\"(max-width: 969px) 100vw, 969px\" \/><\/p>\n<p>&nbsp;<\/p>\n<p>&nbsp;<\/p>\n","protected":false},"excerpt":{"rendered":"<p>Ukrajinsk\u00e1 arm\u00e1da na tom nen\u00ed nejl\u00e9pe.\u00a0Kyjevsk\u00fd re\u017eim nem\u00e1 k dispozici tolik mobiliza\u010dn\u00edch prost\u0159edk\u016f. V p\u0159edve\u010der&#8230;<\/p>\n","protected":false},"author":2,"featured_media":24728,"comment_status":"closed","ping_status":"closed","sticky":false,"template":"","format":"standard","meta":[],"categories":[7],"tags":[80,26,321],"_links":{"self":[{"href":"https:\/\/www.infokuryr.cz\/n\/wp-json\/wp\/v2\/posts\/24727"}],"collection":[{"href":"https:\/\/www.infokuryr.cz\/n\/wp-json\/wp\/v2\/posts"}],"about":[{"href":"https:\/\/www.infokuryr.cz\/n\/wp-json\/wp\/v2\/types\/post"}],"author":[{"embeddable":true,"href":"https:\/\/www.infokuryr.cz\/n\/wp-json\/wp\/v2\/users\/2"}],"replies":[{"embeddable":true,"href":"https:\/\/www.infokuryr.cz\/n\/wp-json\/wp\/v2\/comments?post=24727"}],"version-history":[{"count":0,"href":"https:\/\/www.infokuryr.cz\/n\/wp-json\/wp\/v2\/posts\/24727\/revisions"}],"wp:featuredmedia":[{"embeddable":true,"href":"https:\/\/www.infokuryr.cz\/n\/wp-json\/wp\/v2\/media\/24728"}],"wp:attachment":[{"href":"https:\/\/www.infokuryr.cz\/n\/wp-json\/wp\/v2\/media?parent=24727"}],"wp:term":[{"taxonomy":"category","embeddable":true,"href":"https:\/\/www.infokuryr.cz\/n\/wp-json\/wp\/v2\/categories?post=24727"},{"taxonomy":"post_tag","embeddable":true,"href":"https:\/\/www.infokuryr.cz\/n\/wp-json\/wp\/v2\/tags?post=24727"}],"curies":[{"name":"wp","href":"https:\/\/api.w.org\/{rel}","templated":true}]}}