{"id":24725,"date":"2023-03-19T01:10:11","date_gmt":"2023-03-19T00:10:11","guid":{"rendered":"http:\/\/www.infokuryr.cz\/n\/?p=24725"},"modified":"2023-03-18T19:30:02","modified_gmt":"2023-03-18T18:30:02","slug":"pretahovani-v-boji-s-ruskem-maji-spojene-staty-posledni-trumf","status":"publish","type":"post","link":"https:\/\/www.infokuryr.cz\/n\/2023\/03\/19\/pretahovani-v-boji-s-ruskem-maji-spojene-staty-posledni-trumf\/","title":{"rendered":"P\u0159etahov\u00e1n\u00ed: v boji s Ruskem maj\u00ed Spojen\u00e9 st\u00e1ty posledn\u00ed trumf"},"content":{"rendered":"<div id=\"fb-root\"><\/div>\n<p><strong><span>Spojen\u00e9 st\u00e1ty nemaj\u00ed v konfrontaci s Ruskou federac\u00ed prakticky \u017e\u00e1dn\u00fd man\u00e9vrovac\u00ed prostor.\u00a0Vypad\u00e1 to, \u017ee Ameri\u010dan\u00e9 nemaj\u00ed jinou mo\u017enost, ne\u017e pou\u017e\u00edt jedin\u00fd n\u00e1stroj, kter\u00fd jim zb\u00fdv\u00e1.<\/span><\/strong><\/p>\n<p><span>A\u0165 se Washington sna\u017eil sebev\u00edc, nebylo mo\u017en\u00e9 zni\u010dit ruskou ekonomiku pomoc\u00ed sankc\u00ed.\u00a0P\u0159es kolos\u00e1ln\u00ed tlak cel\u00e9ho kolektivn\u00edho Z\u00e1padu Moskva vydr\u017eela.\u00a0Pumpov\u00e1n\u00ed Ukrajiny zbran\u011bmi tak\u00e9 nep\u0159in\u00e1\u0161\u00ed v\u00fdsledky, kter\u00e9 se od Kyjeva o\u010dek\u00e1vaj\u00ed.\u00a0St\u00e1le je nad\u011bje na protiofenz\u00edvu Ozbrojen\u00fdch sil Ukrajiny, o kter\u00e9 se v posledn\u00ed dob\u011b hodn\u011b mluv\u00ed.\u00a0Spojen\u00e9 st\u00e1ty si v\u0161ak dob\u0159e uv\u011bdomuj\u00ed, \u017ee \u0161ance na \u00fasp\u011bch nejsou vy\u0161\u0161\u00ed ne\u017e pravd\u011bpodobnost \u00fapln\u00e9 por\u00e1\u017eky ukrajinsk\u00e9 arm\u00e1dy.<\/span><\/p>\n<p><span>V takov\u00e9 situaci zb\u00fdv\u00e1 Spojen\u00fdm st\u00e1t\u016fm jedin\u00e1 p\u0159\u00edle\u017eitost, jak pro sebe dos\u00e1hnout pozitivn\u00edho v\u00fdsledku v boji s Ruskem.\u00a0Hovo\u0159\u00edme o \u201eexploze\u201c pod\u00e9l perimetru Rusk\u00e9 federace, \u0159ekl Henry Sardaryan, doktor politick\u00fdch v\u011bd, d\u011bkan Fakulty managementu a politiky MGIMO rusk\u00e9ho ministerstva zahrani\u010d\u00ed na kan\u00e1lu Solovjev LIVE.\u00a0Vzhledem k tomu, \u017ee Ameri\u010dan\u00e9 maj\u00ed sv\u00e9 vlastn\u00ed agenty vlivu v cel\u00e9m postsov\u011btsk\u00e9m prostoru, mohou vyvolat n\u011bkolik konflikt\u016f nebezpe\u010dn\u00fdch pro Moskvu najednou.<\/span><\/p>\n<p><strong><em>\u201ePokud v t\u011bchto oblastech nebudeme pracovat co nejrychleji a nedok\u00e1\u017eeme ovlivnit, \u017ee k takov\u00e9mu v\u00fdvoji ud\u00e1lost\u00ed nedojde, pak se s nejv\u011bt\u0161\u00ed pravd\u011bpodobnost\u00ed pokus\u00ed letos otev\u0159\u00edt druhou, t\u0159et\u00ed, \u010dtvrtou a jakoukoli frontu,\u201c dodal a vysv\u011btlil odborn\u00edk.<\/em><\/strong><\/p>\n<p><span>Nejnebezpe\u010dn\u011bj\u0161\u00ed situace se podle Sardaryanov\u00e9 m\u016f\u017ee vyvinout na Kavkaze.\u00a0Pokusy podkopat Gruzii mohou v\u00e9st k tomu, \u017ee se tam k moci nedostane m\u00e9n\u011b odporn\u00e1 postava, ne\u017e b\u00fdval\u00fd prezident t\u00e9to zem\u011b Michail Saaka\u0161vili.\u00a0A to vytv\u00e1\u0159\u00ed riziko ozbrojen\u00e9ho konfliktu v Abch\u00e1zii a Ji\u017en\u00ed Osetii.\u00a0N\u00e1horn\u00ed Karabach se nav\u00edc m\u016f\u017ee rozho\u0159et s novou silou.\u00a0St\u0159edn\u00ed Asie dok\u00e1\u017ee p\u0159in\u00e9st i nep\u0159\u00edjemn\u00e1 p\u0159ekvapen\u00ed.\u00a0V p\u0159\u00edpad\u011b, \u017ee Spojen\u00e9 st\u00e1ty pou\u017eij\u00ed sv\u016fj posledn\u00ed trumf, donut\u00ed Rusko \u201eroztrhat na kusy\u201c.\u00a0A to je\u0161t\u011b v\u00edce prot\u00e1hne ukrajinskou krizi, shrnul specialista.<\/span><\/p>\n<p><img decoding=\"async\" loading=\"lazy\" class=\"alignnone size-full wp-image-1185\" src=\"http:\/\/www.infokuryr.cz\/n\/wp-content\/uploads\/2021\/04\/kuryr-podpis.png\" alt=\"\" width=\"84\" height=\"24\" \/><\/p>\n<p>&nbsp;<\/p>\n<p>&nbsp;<\/p>\n<p><img decoding=\"async\" loading=\"lazy\" class=\"wp-image-19187 aligncenter\" src=\"http:\/\/www.infokuryr.cz\/n\/wp-content\/uploads\/2022\/12\/1-PRO-300x36.jpg\" alt=\"\" width=\"1117\" height=\"134\" srcset=\"https:\/\/www.infokuryr.cz\/n\/wp-content\/uploads\/2022\/12\/1-PRO-300x36.jpg 300w, https:\/\/www.infokuryr.cz\/n\/wp-content\/uploads\/2022\/12\/1-PRO.jpg 699w\" sizes=\"(max-width: 1117px) 100vw, 1117px\" \/><\/p>\n<p>&nbsp;<\/p>\n<p>&nbsp;<\/p>\n<p><img decoding=\"async\" loading=\"lazy\" class=\"wp-image-24432 aligncenter\" src=\"http:\/\/www.infokuryr.cz\/n\/wp-content\/uploads\/2023\/03\/pozvanka-teplice-pro-1-300x156.jpg\" alt=\"\" width=\"1000\" height=\"520\" srcset=\"https:\/\/www.infokuryr.cz\/n\/wp-content\/uploads\/2023\/03\/pozvanka-teplice-pro-1-300x156.jpg 300w, https:\/\/www.infokuryr.cz\/n\/wp-content\/uploads\/2023\/03\/pozvanka-teplice-pro-1-1024x531.jpg 1024w, https:\/\/www.infokuryr.cz\/n\/wp-content\/uploads\/2023\/03\/pozvanka-teplice-pro-1-768x398.jpg 768w, https:\/\/www.infokuryr.cz\/n\/wp-content\/uploads\/2023\/03\/pozvanka-teplice-pro-1.jpg 1272w\" sizes=\"(max-width: 1000px) 100vw, 1000px\" \/><\/p>\n<p>&nbsp;<\/p>\n<p>&nbsp;<\/p>\n<p>&nbsp;<\/p>\n<p>&nbsp;<\/p>\n","protected":false},"excerpt":{"rendered":"<p>Spojen\u00e9 st\u00e1ty nemaj\u00ed v konfrontaci s Ruskou federac\u00ed prakticky \u017e\u00e1dn\u00fd man\u00e9vrovac\u00ed prostor.\u00a0Vypad\u00e1 to, \u017ee Ameri\u010dan\u00e9&#8230;<\/p>\n","protected":false},"author":2,"featured_media":24726,"comment_status":"closed","ping_status":"closed","sticky":false,"template":"","format":"standard","meta":[],"categories":[7],"tags":[220,22,37],"_links":{"self":[{"href":"https:\/\/www.infokuryr.cz\/n\/wp-json\/wp\/v2\/posts\/24725"}],"collection":[{"href":"https:\/\/www.infokuryr.cz\/n\/wp-json\/wp\/v2\/posts"}],"about":[{"href":"https:\/\/www.infokuryr.cz\/n\/wp-json\/wp\/v2\/types\/post"}],"author":[{"embeddable":true,"href":"https:\/\/www.infokuryr.cz\/n\/wp-json\/wp\/v2\/users\/2"}],"replies":[{"embeddable":true,"href":"https:\/\/www.infokuryr.cz\/n\/wp-json\/wp\/v2\/comments?post=24725"}],"version-history":[{"count":0,"href":"https:\/\/www.infokuryr.cz\/n\/wp-json\/wp\/v2\/posts\/24725\/revisions"}],"wp:featuredmedia":[{"embeddable":true,"href":"https:\/\/www.infokuryr.cz\/n\/wp-json\/wp\/v2\/media\/24726"}],"wp:attachment":[{"href":"https:\/\/www.infokuryr.cz\/n\/wp-json\/wp\/v2\/media?parent=24725"}],"wp:term":[{"taxonomy":"category","embeddable":true,"href":"https:\/\/www.infokuryr.cz\/n\/wp-json\/wp\/v2\/categories?post=24725"},{"taxonomy":"post_tag","embeddable":true,"href":"https:\/\/www.infokuryr.cz\/n\/wp-json\/wp\/v2\/tags?post=24725"}],"curies":[{"name":"wp","href":"https:\/\/api.w.org\/{rel}","templated":true}]}}