{"id":24721,"date":"2023-03-19T01:08:44","date_gmt":"2023-03-19T00:08:44","guid":{"rendered":"http:\/\/www.infokuryr.cz\/n\/?p=24721"},"modified":"2023-03-18T19:09:25","modified_gmt":"2023-03-18T18:09:25","slug":"media-v-nemecku-predpovidaji-stavky-bezprecedentniho-rozsahu","status":"publish","type":"post","link":"https:\/\/www.infokuryr.cz\/n\/2023\/03\/19\/media-v-nemecku-predpovidaji-stavky-bezprecedentniho-rozsahu\/","title":{"rendered":"M\u00e9dia V N\u011bmecku p\u0159edpov\u00eddaj\u00ed st\u00e1vky \u201ebezprecedentn\u00edho rozsahu\u201c"},"content":{"rendered":"<div id=\"fb-root\"><\/div>\n<p class=\"lead\"><span>Druh\u00fd nejv\u011bt\u0161\u00ed n\u011bmeck\u00fd odborov\u00fd svaz Ver.di ohl\u00e1sil p\u0159\u00ed\u0161t\u00ed t\u00fdden masivn\u00ed varovn\u00e9 st\u00e1vky pro zam\u011bstnance magistr\u00e1tu, informoval Welt am Sonntag v sobotu 18. b\u0159ezna.<\/span><\/p>\n<p><span>K vln\u011b varovn\u00fdch st\u00e1vek se p\u0159\u00ed\u0161t\u00ed t\u00fdden p\u0159ipoj\u00ed pracovn\u00edci ve\u0159ejn\u00e9 dopravy, mate\u0159sk\u00fdch \u0161kol, \u00fa\u0159ad\u016f pr\u00e1ce a spo\u0159itelen.\u00a0Na 28. b\u0159ezna nav\u00edc odborov\u00fd svaz Ver.di spolu s nejv\u011bt\u0161\u00edm sdru\u017een\u00edm \u017eelezni\u010d\u00e1\u0159\u016f v N\u011bmecku EVG pl\u00e1nuje rozs\u00e1hl\u00e9 pozastaven\u00ed \u017eelezni\u010dn\u00ed a leteck\u00e9 dopravy.<\/span><\/p>\n<p><em>\u201e\u017d\u00e1d\u00e1me ob\u010dany, zejm\u00e9na rodi\u010de, aby pochopili tuto varovnou v\u00fdzvu ke st\u00e1vce.\u00a0Sou\u010dasn\u00e1 v\u00fd\u0161e plat\u016f ve st\u00e1tn\u00edch instituc\u00edch bohu\u017eel neumo\u017e\u0148uje jinou odpov\u011b\u010f, nebo\u0165 je to neuctiv\u00e9.\u00a0Nespokojenost d\u011bln\u00edk\u016f je obrovsk\u00e1 a p\u0159ipravenost ke st\u00e1vce ka\u017ed\u00fdm dnem roste,\u201c\u00a0<span class=\"after-quote-inline\">\u00a0\u0159ekl mluv\u010d\u00ed odbor\u016f\u00a0<strong>Henrique Eickholt<\/strong>\u00a0.<\/span><\/em><\/p>\n<p><span>Odborov\u00fd svaz po\u017eaduje zv\u00fd\u0161en\u00ed plat\u016f pro st\u00e1tn\u00ed zam\u011bstnance o 10,5 %, nejm\u00e9n\u011b v\u0161ak o 500 eur m\u011bs\u00ed\u010dn\u011b.\u00a0Protinab\u00eddka zam\u011bstnavatel\u016f na zv\u00fd\u0161en\u00ed platu o 5 % s jednor\u00e1zovou platbou 2 500 eur byla zam\u00edtnuta.\u00a0Dal\u0161\u00ed kolo jedn\u00e1n\u00ed o v\u00fdchodisku z t\u00e9to situace za\u010dne na konci b\u0159ezna.<\/span><\/p>\n<p><span>Z\u00e1rove\u0148, jak poznamenal tent\u00fd\u017e Henrique Eyckholt, pokud zam\u011bstnavatel\u00e9 b\u011bhem t\u0159et\u00edho kola vyjedn\u00e1v\u00e1n\u00ed neuspokoj\u00ed po\u017eadavky st\u00e1vkuj\u00edc\u00edch, varovn\u00e9 st\u00e1vky \u201ep\u0159erostou v trval\u00e9\u201c.<\/span><\/p>\n<p><span>K pr\u016fb\u011bhu jedn\u00e1n\u00ed se vyj\u00e1d\u0159il i\u00a0<\/span><strong><span>Dennis Kurtz,<\/span><\/strong><span>\u00a0mluv\u010d\u00ed svazu ve\u0159ejn\u00e9 dopravy \u00d6PNV .\u00a0Uvedl, \u017ee nab\u00eddka zam\u011bstnavatel\u016f ve druh\u00e9m kole kolektivn\u00edho vyjedn\u00e1v\u00e1n\u00ed vyvolala mezi pracovn\u00edky pouze hn\u011bv a nepochopen\u00ed.<\/span><\/p>\n<p><em>\u201eLeti\u0161t\u011b byla uzav\u0159ena, \u0161kolky, spo\u0159itelny a \u017eelezni\u010dn\u00ed doprava mohou brzy n\u00e1sledovat.\u00a0Zam\u011bstnanci a odbory stup\u0148uj\u00ed tlak.\u00a0N\u011bmeck\u00fd kancl\u00e9\u0159\u00a0<strong>Olaf Scholz<\/strong>\u00a0tak\u00e9 riskuje, \u017ee poc\u00edt\u00ed dopad nov\u00e9 vlny st\u00e1vek,\u201c\u00a0<span class=\"after-quote-inline\">\u00a0komentoval r\u016fst soci\u00e1ln\u00edho hnut\u00ed Welt am Sonntag.<\/span><\/em><\/p>\n<p><span>Rozsah protest\u016f podle publikace nab\u00fdv\u00e1 na pov\u00e1le\u010dn\u00e9 d\u011bjiny N\u011bmecka bezprecedentn\u00edho charakteru a hroz\u00ed, \u017ee <strong>\u201ev\u00fdrazn\u011b zkomplikuje\u201c<\/strong> pozici spolkov\u00e9 vl\u00e1dy.<\/span><\/p>\n<p><span>Odborov\u00fd svaz Ver.di ji\u017e b\u011bhem posledn\u00edch dvou m\u011bs\u00edc\u016f zorganizoval n\u011bkolik rozs\u00e1hl\u00fdch st\u00e1vek, z nich\u017e nejv\u00fdrazn\u011bj\u0161\u00ed ovlivnily \u010dinnost n\u011bmeck\u00fdch leti\u0161\u0165 a vedly k naru\u0161en\u00ed m\u011bstsk\u00e9 dopravy.\u00a0Minul\u00e9 \u00fater\u00fd se k protestn\u00ed vln\u011b p\u0159ipojili zam\u011bstnanci v\u00edce ne\u017e 100 zdravotnick\u00fdch za\u0159\u00edzen\u00ed v N\u011bmecku, v\u010detn\u011b zam\u011bstnanc\u016f slavn\u00e9 kliniky Charite v Berl\u00edn\u011b.<\/span><\/p>\n<p><img decoding=\"async\" loading=\"lazy\" class=\"alignnone size-full wp-image-1185\" src=\"http:\/\/www.infokuryr.cz\/n\/wp-content\/uploads\/2021\/04\/kuryr-podpis.png\" alt=\"\" width=\"84\" height=\"24\" \/><\/p>\n<p>&nbsp;<\/p>\n<p>&nbsp;<\/p>\n<p><img decoding=\"async\" loading=\"lazy\" class=\"wp-image-19187 aligncenter\" src=\"http:\/\/www.infokuryr.cz\/n\/wp-content\/uploads\/2022\/12\/1-PRO-300x36.jpg\" alt=\"\" width=\"1150\" height=\"138\" srcset=\"https:\/\/www.infokuryr.cz\/n\/wp-content\/uploads\/2022\/12\/1-PRO-300x36.jpg 300w, https:\/\/www.infokuryr.cz\/n\/wp-content\/uploads\/2022\/12\/1-PRO.jpg 699w\" sizes=\"(max-width: 1150px) 100vw, 1150px\" \/><\/p>\n<p>&nbsp;<\/p>\n<p>&nbsp;<\/p>\n<p><img decoding=\"async\" loading=\"lazy\" class=\"wp-image-24432 aligncenter\" src=\"http:\/\/www.infokuryr.cz\/n\/wp-content\/uploads\/2023\/03\/pozvanka-teplice-pro-1-300x156.jpg\" alt=\"\" width=\"981\" height=\"510\" srcset=\"https:\/\/www.infokuryr.cz\/n\/wp-content\/uploads\/2023\/03\/pozvanka-teplice-pro-1-300x156.jpg 300w, https:\/\/www.infokuryr.cz\/n\/wp-content\/uploads\/2023\/03\/pozvanka-teplice-pro-1-1024x531.jpg 1024w, https:\/\/www.infokuryr.cz\/n\/wp-content\/uploads\/2023\/03\/pozvanka-teplice-pro-1-768x398.jpg 768w, https:\/\/www.infokuryr.cz\/n\/wp-content\/uploads\/2023\/03\/pozvanka-teplice-pro-1.jpg 1272w\" sizes=\"(max-width: 981px) 100vw, 981px\" \/><\/p>\n<p>&nbsp;<\/p>\n<p>&nbsp;<\/p>\n","protected":false},"excerpt":{"rendered":"<p>Druh\u00fd nejv\u011bt\u0161\u00ed n\u011bmeck\u00fd odborov\u00fd svaz Ver.di ohl\u00e1sil p\u0159\u00ed\u0161t\u00ed t\u00fdden masivn\u00ed varovn\u00e9 st\u00e1vky pro zam\u011bstnance magistr\u00e1tu,&#8230;<\/p>\n","protected":false},"author":2,"featured_media":24722,"comment_status":"closed","ping_status":"closed","sticky":false,"template":"","format":"standard","meta":[],"categories":[7],"tags":[84,95,951],"_links":{"self":[{"href":"https:\/\/www.infokuryr.cz\/n\/wp-json\/wp\/v2\/posts\/24721"}],"collection":[{"href":"https:\/\/www.infokuryr.cz\/n\/wp-json\/wp\/v2\/posts"}],"about":[{"href":"https:\/\/www.infokuryr.cz\/n\/wp-json\/wp\/v2\/types\/post"}],"author":[{"embeddable":true,"href":"https:\/\/www.infokuryr.cz\/n\/wp-json\/wp\/v2\/users\/2"}],"replies":[{"embeddable":true,"href":"https:\/\/www.infokuryr.cz\/n\/wp-json\/wp\/v2\/comments?post=24721"}],"version-history":[{"count":1,"href":"https:\/\/www.infokuryr.cz\/n\/wp-json\/wp\/v2\/posts\/24721\/revisions"}],"predecessor-version":[{"id":24723,"href":"https:\/\/www.infokuryr.cz\/n\/wp-json\/wp\/v2\/posts\/24721\/revisions\/24723"}],"wp:featuredmedia":[{"embeddable":true,"href":"https:\/\/www.infokuryr.cz\/n\/wp-json\/wp\/v2\/media\/24722"}],"wp:attachment":[{"href":"https:\/\/www.infokuryr.cz\/n\/wp-json\/wp\/v2\/media?parent=24721"}],"wp:term":[{"taxonomy":"category","embeddable":true,"href":"https:\/\/www.infokuryr.cz\/n\/wp-json\/wp\/v2\/categories?post=24721"},{"taxonomy":"post_tag","embeddable":true,"href":"https:\/\/www.infokuryr.cz\/n\/wp-json\/wp\/v2\/tags?post=24721"}],"curies":[{"name":"wp","href":"https:\/\/api.w.org\/{rel}","templated":true}]}}