{"id":24718,"date":"2023-03-19T01:06:38","date_gmt":"2023-03-19T00:06:38","guid":{"rendered":"http:\/\/www.infokuryr.cz\/n\/?p=24718"},"modified":"2023-03-18T18:53:39","modified_gmt":"2023-03-18T17:53:39","slug":"trump-oznamil-ze-bude-zatcen-a-vyzval-sve-priznivce-aby-protestovali","status":"publish","type":"post","link":"https:\/\/www.infokuryr.cz\/n\/2023\/03\/19\/trump-oznamil-ze-bude-zatcen-a-vyzval-sve-priznivce-aby-protestovali\/","title":{"rendered":"Trump ozn\u00e1mil, \u017ee bude zat\u010den, a vyzval sv\u00e9 p\u0159\u00edznivce, aby protestovali"},"content":{"rendered":"<div id=\"fb-root\"><\/div>\n<p class=\"lead\"><span>B\u00fdval\u00fd americk\u00fd prezident Donald Trump se dozv\u011bd\u011bl, \u017ee by mohl b\u00fdt zadr\u017een 21. b\u0159ezna v r\u00e1mci trestn\u00edho vy\u0161et\u0159ov\u00e1n\u00ed, kter\u00e9 na n\u011bj podalo manhattansk\u00e1 prokuratura.<\/span><\/p>\n<p><span>V t\u00e9to souvislosti republik\u00e1nsk\u00fd v\u016fdce vyzval sv\u00e9 p\u0159\u00edznivce k protestu.\u00a0Svou v\u00fdzvu distribuoval prost\u0159ednictv\u00edm vlastn\u00ed soci\u00e1ln\u00ed s\u00edt\u011b Truth Social.<\/span><\/p>\n<p><em><strong>&#8222;P\u0159edn\u00ed kandid\u00e1t Republik\u00e1nsk\u00e9 strany a b\u00fdval\u00fd prezident Spojen\u00fdch st\u00e1t\u016f americk\u00fdch bude zadr\u017een v \u00fater\u00fd p\u0159\u00ed\u0161t\u00ed t\u00fdden,&#8220;<span class=\"after-quote\">\u00a0prohl\u00e1\u0161en\u00ed \u0159\u00edk\u00e1.<\/span><\/strong><\/em><\/p>\n<p><span>S\u00e1m Trump pova\u017euje v\u0161echna obvin\u011bn\u00ed za p\u0159ita\u017een\u00e1 za vlasy, i kdy\u017e neza\u0161el do jejich podstaty.\u00a0M\u00edsto toho s\u00e1m obvinil okresn\u00edho st\u00e1tn\u00edho z\u00e1stupce, \u017ee je \u201ezkorumpovan\u00fd\u201c a \u201ezpolitizovan\u00fd\u201c.<\/span><\/p>\n<p><em><strong>&#8222;Poj\u010fte protestovat, vezm\u011bte si n\u00e1\u0161 n\u00e1rod zp\u011bt&#8220;<span class=\"after-quote\">\u00a0nal\u00e9hal politik.<\/span><\/strong><\/em><\/p>\n<p><img decoding=\"async\" loading=\"lazy\" class=\"alignnone size-full wp-image-1185\" src=\"http:\/\/www.infokuryr.cz\/n\/wp-content\/uploads\/2021\/04\/kuryr-podpis.png\" alt=\"\" width=\"84\" height=\"24\" \/><\/p>\n<p>&nbsp;<\/p>\n<p>&nbsp;<\/p>\n<p><img decoding=\"async\" loading=\"lazy\" class=\"wp-image-19187 aligncenter\" src=\"http:\/\/www.infokuryr.cz\/n\/wp-content\/uploads\/2022\/12\/1-PRO-300x36.jpg\" alt=\"\" width=\"1108\" height=\"133\" srcset=\"https:\/\/www.infokuryr.cz\/n\/wp-content\/uploads\/2022\/12\/1-PRO-300x36.jpg 300w, https:\/\/www.infokuryr.cz\/n\/wp-content\/uploads\/2022\/12\/1-PRO.jpg 699w\" sizes=\"(max-width: 1108px) 100vw, 1108px\" \/><\/p>\n<p>&nbsp;<\/p>\n<p>&nbsp;<\/p>\n<p><img decoding=\"async\" loading=\"lazy\" class=\"wp-image-24432 aligncenter\" src=\"http:\/\/www.infokuryr.cz\/n\/wp-content\/uploads\/2023\/03\/pozvanka-teplice-pro-1-300x156.jpg\" alt=\"\" width=\"977\" height=\"508\" srcset=\"https:\/\/www.infokuryr.cz\/n\/wp-content\/uploads\/2023\/03\/pozvanka-teplice-pro-1-300x156.jpg 300w, https:\/\/www.infokuryr.cz\/n\/wp-content\/uploads\/2023\/03\/pozvanka-teplice-pro-1-1024x531.jpg 1024w, https:\/\/www.infokuryr.cz\/n\/wp-content\/uploads\/2023\/03\/pozvanka-teplice-pro-1-768x398.jpg 768w, https:\/\/www.infokuryr.cz\/n\/wp-content\/uploads\/2023\/03\/pozvanka-teplice-pro-1.jpg 1272w\" sizes=\"(max-width: 977px) 100vw, 977px\" \/><\/p>\n<p>&nbsp;<\/p>\n<p>&nbsp;<\/p>\n<p>&nbsp;<\/p>\n","protected":false},"excerpt":{"rendered":"<p>B\u00fdval\u00fd americk\u00fd prezident Donald Trump se dozv\u011bd\u011bl, \u017ee by mohl b\u00fdt zadr\u017een 21. b\u0159ezna v&#8230;<\/p>\n","protected":false},"author":2,"featured_media":13310,"comment_status":"closed","ping_status":"closed","sticky":false,"template":"","format":"standard","meta":[],"categories":[7],"tags":[1352,538,2407],"_links":{"self":[{"href":"https:\/\/www.infokuryr.cz\/n\/wp-json\/wp\/v2\/posts\/24718"}],"collection":[{"href":"https:\/\/www.infokuryr.cz\/n\/wp-json\/wp\/v2\/posts"}],"about":[{"href":"https:\/\/www.infokuryr.cz\/n\/wp-json\/wp\/v2\/types\/post"}],"author":[{"embeddable":true,"href":"https:\/\/www.infokuryr.cz\/n\/wp-json\/wp\/v2\/users\/2"}],"replies":[{"embeddable":true,"href":"https:\/\/www.infokuryr.cz\/n\/wp-json\/wp\/v2\/comments?post=24718"}],"version-history":[{"count":0,"href":"https:\/\/www.infokuryr.cz\/n\/wp-json\/wp\/v2\/posts\/24718\/revisions"}],"wp:featuredmedia":[{"embeddable":true,"href":"https:\/\/www.infokuryr.cz\/n\/wp-json\/wp\/v2\/media\/13310"}],"wp:attachment":[{"href":"https:\/\/www.infokuryr.cz\/n\/wp-json\/wp\/v2\/media?parent=24718"}],"wp:term":[{"taxonomy":"category","embeddable":true,"href":"https:\/\/www.infokuryr.cz\/n\/wp-json\/wp\/v2\/categories?post=24718"},{"taxonomy":"post_tag","embeddable":true,"href":"https:\/\/www.infokuryr.cz\/n\/wp-json\/wp\/v2\/tags?post=24718"}],"curies":[{"name":"wp","href":"https:\/\/api.w.org\/{rel}","templated":true}]}}