{"id":24712,"date":"2023-03-19T01:02:30","date_gmt":"2023-03-19T00:02:30","guid":{"rendered":"http:\/\/www.infokuryr.cz\/n\/?p=24712"},"modified":"2023-03-18T18:05:14","modified_gmt":"2023-03-18T17:05:14","slug":"zbrane-se-staly-nejvetsim-zabijakem-americkych-deti","status":"publish","type":"post","link":"https:\/\/www.infokuryr.cz\/n\/2023\/03\/19\/zbrane-se-staly-nejvetsim-zabijakem-americkych-deti\/","title":{"rendered":"Zbran\u011b se staly \u201enejv\u011bt\u0161\u00edm zabij\u00e1kem\u201c americk\u00fdch d\u011bt\u00ed"},"content":{"rendered":"<div id=\"fb-root\"><\/div>\n<p data-spm-anchor-id=\"C01140752918.PaZNIkA0prFD.0.i1\">Nov\u00e1 studie publikovan\u00e1 v Journal of the American Medical Association (\u010casopise Americk\u00e9 l\u00e9ka\u0159sk\u00e9 asociace, JAMA) ukazuje, \u017ee po vypuknut\u00ed epidemie COVID-19, s rostouc\u00edm probl\u00e9mem rasov\u00e9 diskriminace, se n\u00e1sil\u00ed se st\u0159eln\u00fdmi zbran\u011bmi stalo hlavn\u00ed p\u0159\u00ed\u010dinou \u00famrt\u00ed d\u011bt\u00ed.<\/p>\n<p data-spm-anchor-id=\"C01140752918.PaZNIkA0prFD.0.i2\">Podle studie do\u0161lo od vypuknut\u00ed epidemie ke zv\u00fd\u0161en\u00ed n\u00e1sil\u00ed se zbran\u011bmi ve Spojen\u00fdch st\u00e1tech, s v\u00fdrazn\u00fdm n\u00e1r\u016fstem po\u010dtu posti\u017een\u00fdch d\u011bt\u00ed a etnick\u00e9 rozd\u00edly se tak\u00e9 roz\u0161\u00ed\u0159ily. Od roku 2020 do konce roku 2021 \u010delily afroamerick\u00e9 d\u011bti ston\u00e1sobn\u011b vy\u0161\u0161\u00ed pravd\u011bpodobnosti \u00fatoku se zbran\u00ed ne\u017e b\u00edl\u00e9 d\u011bti, ve srovn\u00e1n\u00ed s 27n\u00e1sobn\u00fdm pom\u011brem p\u0159ed epidemi\u00ed.<\/p>\n<p>Americk\u00e1 l\u00e9ka\u0159sk\u00e1 asociace ve v\u00fdzkumn\u00e9 zpr\u00e1v\u011b zopakovala svou v\u00fdzvu k pos\u00edlen\u00ed pr\u00e1vn\u00edch p\u0159edpis\u016f na kontrolu zbran\u00ed a vyzvala k \u00fasil\u00ed o \u0159e\u0161en\u00ed struktur\u00e1ln\u00edho rasismu s c\u00edlem sn\u00ed\u017eit \u0161kody zp\u016fsoben\u00e9 d\u011btem n\u00e1sil\u00edm se zbran\u011bmi.<\/p>\n<p><img decoding=\"async\" loading=\"lazy\" class=\"alignnone size-full wp-image-1185\" src=\"http:\/\/www.infokuryr.cz\/n\/wp-content\/uploads\/2021\/04\/kuryr-podpis.png\" alt=\"\" width=\"84\" height=\"24\" \/><\/p>\n<p>&nbsp;<\/p>\n<p>&nbsp;<\/p>\n<p><img decoding=\"async\" loading=\"lazy\" class=\"wp-image-19187 aligncenter\" src=\"http:\/\/www.infokuryr.cz\/n\/wp-content\/uploads\/2022\/12\/1-PRO-300x36.jpg\" alt=\"\" width=\"1125\" height=\"135\" srcset=\"https:\/\/www.infokuryr.cz\/n\/wp-content\/uploads\/2022\/12\/1-PRO-300x36.jpg 300w, https:\/\/www.infokuryr.cz\/n\/wp-content\/uploads\/2022\/12\/1-PRO.jpg 699w\" sizes=\"(max-width: 1125px) 100vw, 1125px\" \/><\/p>\n<p>&nbsp;<\/p>\n<p>&nbsp;<\/p>\n<p><img decoding=\"async\" loading=\"lazy\" class=\"wp-image-24432 aligncenter\" src=\"http:\/\/www.infokuryr.cz\/n\/wp-content\/uploads\/2023\/03\/pozvanka-teplice-pro-1-300x156.jpg\" alt=\"\" width=\"937\" height=\"487\" srcset=\"https:\/\/www.infokuryr.cz\/n\/wp-content\/uploads\/2023\/03\/pozvanka-teplice-pro-1-300x156.jpg 300w, https:\/\/www.infokuryr.cz\/n\/wp-content\/uploads\/2023\/03\/pozvanka-teplice-pro-1-1024x531.jpg 1024w, https:\/\/www.infokuryr.cz\/n\/wp-content\/uploads\/2023\/03\/pozvanka-teplice-pro-1-768x398.jpg 768w, https:\/\/www.infokuryr.cz\/n\/wp-content\/uploads\/2023\/03\/pozvanka-teplice-pro-1.jpg 1272w\" sizes=\"(max-width: 937px) 100vw, 937px\" \/><\/p>\n<p>&nbsp;<\/p>\n<p>&nbsp;<\/p>\n","protected":false},"excerpt":{"rendered":"<p>Nov\u00e1 studie publikovan\u00e1 v Journal of the American Medical Association (\u010casopise Americk\u00e9 l\u00e9ka\u0159sk\u00e9 asociace, JAMA)&#8230;<\/p>\n","protected":false},"author":2,"featured_media":6585,"comment_status":"closed","ping_status":"closed","sticky":false,"template":"","format":"standard","meta":[],"categories":[7],"tags":[245,2514,37],"_links":{"self":[{"href":"https:\/\/www.infokuryr.cz\/n\/wp-json\/wp\/v2\/posts\/24712"}],"collection":[{"href":"https:\/\/www.infokuryr.cz\/n\/wp-json\/wp\/v2\/posts"}],"about":[{"href":"https:\/\/www.infokuryr.cz\/n\/wp-json\/wp\/v2\/types\/post"}],"author":[{"embeddable":true,"href":"https:\/\/www.infokuryr.cz\/n\/wp-json\/wp\/v2\/users\/2"}],"replies":[{"embeddable":true,"href":"https:\/\/www.infokuryr.cz\/n\/wp-json\/wp\/v2\/comments?post=24712"}],"version-history":[{"count":0,"href":"https:\/\/www.infokuryr.cz\/n\/wp-json\/wp\/v2\/posts\/24712\/revisions"}],"wp:featuredmedia":[{"embeddable":true,"href":"https:\/\/www.infokuryr.cz\/n\/wp-json\/wp\/v2\/media\/6585"}],"wp:attachment":[{"href":"https:\/\/www.infokuryr.cz\/n\/wp-json\/wp\/v2\/media?parent=24712"}],"wp:term":[{"taxonomy":"category","embeddable":true,"href":"https:\/\/www.infokuryr.cz\/n\/wp-json\/wp\/v2\/categories?post=24712"},{"taxonomy":"post_tag","embeddable":true,"href":"https:\/\/www.infokuryr.cz\/n\/wp-json\/wp\/v2\/tags?post=24712"}],"curies":[{"name":"wp","href":"https:\/\/api.w.org\/{rel}","templated":true}]}}